{"id":1883,"date":"2019-04-02T13:53:36","date_gmt":"2019-04-02T11:53:36","guid":{"rendered":"http:\/\/agora.xtec.cat\/esc-casserres\/?p=1883"},"modified":"2019-04-15T09:08:35","modified_gmt":"2019-04-15T07:08:35","slug":"setmana-cultural","status":"publish","type":"post","link":"https:\/\/agora.xtec.cat\/esc-casserres\/portada\/setmana-cultural\/","title":{"rendered":"Setmana Cultural"},"content":{"rendered":"<p>Vam iniciar la setmana amb la Pallassa Trafalgar que ens va fer passar una estona divertida a tots.<sub>Cliqueu a la imatge per veure fotos<\/sub><\/p>\n<p><a href=\"https:\/\/photos.app.goo.gl\/ybMfnSbiCBEvx3VK7\"><img loading=\"lazy\" decoding=\"async\" class=\"\" src=\"https:\/\/lh3.googleusercontent.com\/166mXEEkU1ImsbgUV3AXDN_U3ElWVgF5R6hU7HIvuxhZxSgxXWYko9JrV_SiCVOWIgyt4by709-DnsZixw5zg35y4S8k3oE4SdYthvb3FEEM0MVoigj-TDvlBP9ka6WDh2Mxe_eRpORBBnjcZ29dMuhfN9lMb8Mep14lt8KOTfMkkZB2eTVd-KmjHJOmr1lP4s8jrsFXxJVHyXBn_UrGds-0am-lye2XrTxasEaVyOPFMykfYGUKHMu34OpD5xiC4xXs__lL4wuFRjm-9ubxjR-I6GWFqvD0pUxdmkiNZrHIUdONzam9QCLzRlQhIFkTXBCAteksKBW6zvdlUgZJGyYUO2ca-Z8XrOwEPn1LBXhOl2OWquZpuQ0l7wYo2x15Jtpx084T-XZefZSWbk-bL6r1hNKdTaL70rfpqzTmuHCfQWdscuY4uwnH7X6NiRZqf42fqfwrkaSWcfbHf4-ELZOwokRYp1I2jfYj_0yQf5PKoqW6NIynuElIeNVhT5eezK-TpfpgONUOX3-S4xJ3JQ3V4SJZJu3avlD-jdwD3Geoob7595JMRANfHve41Bi4LtheOog0HQ0kSCdgMJlM-cQYHX-7fEcTi8JHPpcszn0ZzY_jIw5NqcJckSCYPAH-Nj-EW5qJkMi94fb0nXJyVMcmRazcu-J3=w1034-h582-no\" width=\"275\" height=\"155\" \/><\/a><\/p>\n<p>Tallers meteorologia amb els monitors de la casa de col\u00f2nies de CAL CANDI. Amb el Santi, el Gerard i el Piru hem cronstruit una estaci\u00f3 metereol\u00f2gica.\u00a0<span style=\"font-size: 13.3333px;\">Cliqueu a la foto per veure enlla\u00e7<\/span><\/p>\n<p><a href=\"https:\/\/photos.app.goo.gl\/MGAxZeQp8JwxrA6v9\"><img loading=\"lazy\" decoding=\"async\" class=\"\" src=\"https:\/\/lh3.googleusercontent.com\/T0YPoBEv6n8Ybx6_F1CGFkiacBoF_tpr3jAyFskAbujQDC_m5X6tobI-1yrzXY20hB2Y8pE_IZjish7NUljxTbU2V7Wwkz6FBChgoDT59kpgR2nFoYME1qluNi5Wxb8DrbNCV86TnLVJJqRI4q0L4fhUusAhk7gJdsaemQE91RUZwgyTuMi4ayZPnkj3ev31Q1ij_XCXPlxyFdPFv8FGWLVRUzcbjvCVnldW5qpzNyGGFQv51qP-XSTLQhBI1yJm85VqAkldD-Ij6MYfZGT11KhNDfOgtmNcmRtw9-GgZxotUZ2RWQD2SRKoabvS02x_RmQXqZ5O5oxpNAeMmkAwUB20oOwxP7-mm4bJWhljxmXyLu8q3eahlQFHlJwevl-snjaduRBUZJCrgHhJPpYrzFfNWramZAqH-fm6XvkIFmAKFDgJivgBvf-oh5XHYqVqa2uc2wsh1M4w3eBxRO8acvuRRGMZYgTqX8J1GlHxoiTrcIKu_QrGhgU2NnxlgXxZgyAukqhqRMtJwiJOL6nWf_yq9fVYVGWIX2KJ0ALxj_o7Y_OV9cE_ui-MpP9ivq01Fw0syEkxPtiO1VMH6iZJFTi603tdAl64OuoXhryFqugjH80rkFUDsdDgzcP0CJ8uSaFHYbZ8x5t9XgqGcX1mRSg1cefCpLQL=w1280-h720-no\" width=\"276\" height=\"155\" \/><\/a><\/p>\n<p><a href=\"https:\/\/photos.app.goo.gl\/qVD7PXvYoZ68ejd29\">Aqu\u00ed<\/a> podeu veure alguns v\u00eddeos<\/p>\n<p>Avui dijous, els alumnes d&#8217;educaci\u00f3 prim\u00e0ria hem gaudit de la xerrada-taller amb el meteor\u00f2leg Aleix Serra, membre del Servei Meteorol\u00f2gic de Catalunya (meteocat). L&#8217;Aleix \u00e9s un f\u00edsic i meteor\u00f2leg Bergued\u00e0 que ens ha explicat algunes nocions b\u00e0siques de meteorologia, com fan les prediccions del temps i ens ha mostrat alguns dels aparells que s&#8217;utilitzen en les estacions meteorol\u00f2giques autom\u00e0tiques que hi ha per tot el territori catal\u00e0.<\/p>\n<p>A continuaci\u00f3, hem pogut seguir aprofundint aquests coneixements amb una visita a l&#8217;estaci\u00f3 meteorol\u00f2gica d&#8217;en Llu\u00eds de Casserres, el qual fa m\u00e9s de 50 anys que recull les dades atmosf\u00e8riques del poble i les envia al meteocat, ja que disposa d&#8217;una estaci\u00f3 meteorol\u00f2gica homologada.<\/p>\n<p><sub>Si cliqueu a la fotografia podreu veure l&#8217;\u00e0lbum complet:<\/sub><\/p>\n<p><a href=\"https:\/\/photos.app.goo.gl\/Hzu3CSYxwwEbER5H9\"><img loading=\"lazy\" decoding=\"async\" class=\" wp-image-1895\" src=\"https:\/\/agora.xtec.cat\/esc-casserres\/wp-content\/uploads\/usu1738\/2019\/04\/web-1-1024x768.jpg\" alt=\"\" width=\"264\" height=\"198\" srcset=\"https:\/\/agora.xtec.cat\/esc-casserres\/wp-content\/uploads\/usu1738\/2019\/04\/web-1-1024x768.jpg 1024w, https:\/\/agora.xtec.cat\/esc-casserres\/wp-content\/uploads\/usu1738\/2019\/04\/web-1-300x225.jpg 300w, https:\/\/agora.xtec.cat\/esc-casserres\/wp-content\/uploads\/usu1738\/2019\/04\/web-1-768x576.jpg 768w, https:\/\/agora.xtec.cat\/esc-casserres\/wp-content\/uploads\/usu1738\/2019\/04\/web-1-200x150.jpg 200w\" sizes=\"auto, (max-width: 264px) 100vw, 264px\" \/><\/a><\/p>\n<p>Durant la setmana tamb\u00e9 hem estat realitzant tot tipus d&#8217;activitats i tallers relacionats amb la meteorologia. Si cliqueu en aquesta foto podreu veure alguns moments de la setmana de <strong>cicle superior<\/strong>.<\/p>\n<p><a href=\"https:\/\/photos.app.goo.gl\/UmpkNvcZxPcdEW6s5\"><img loading=\"lazy\" decoding=\"async\" class=\" wp-image-1896\" src=\"https:\/\/agora.xtec.cat\/esc-casserres\/wp-content\/uploads\/usu1738\/2019\/04\/web-2.jpg\" alt=\"\" width=\"256\" height=\"192\" srcset=\"https:\/\/agora.xtec.cat\/esc-casserres\/wp-content\/uploads\/usu1738\/2019\/04\/web-2.jpg 640w, https:\/\/agora.xtec.cat\/esc-casserres\/wp-content\/uploads\/usu1738\/2019\/04\/web-2-300x225.jpg 300w, https:\/\/agora.xtec.cat\/esc-casserres\/wp-content\/uploads\/usu1738\/2019\/04\/web-2-200x150.jpg 200w\" sizes=\"auto, (max-width: 256px) 100vw, 256px\" \/><\/a><\/p>\n<p>Aquesta tarda els de CS hem fet un Climograma.<\/p>\n<p><a href=\"https:\/\/photos.app.goo.gl\/UzZ3ke4VNLyaPf3U9\"><img loading=\"lazy\" decoding=\"async\" class=\"\" src=\"https:\/\/lh3.googleusercontent.com\/rbwxwppRXgsEOq6ahNpcJQ2dfbFgosvM1Ahs4OjP_CrvXNcy8dRyZtt9BJl9SCQRd247J_gdDnznmSqhnMLnJLN8D-KB_fQbbvRBuygoVRLHns4NsydO2TvH_xY-1wD1jyBdwF1VMEXdXmlVnxOwm8VaCsk5vCWc8Dl1plAr3yvNc3RG_hAc5JercG1h2eFWLgLwEj4mrHRNOxB9l7DOWfIZOaQsXRy_jDei-pDxyydj9TwwdOvAtXmtcVs6FmwlwqaOLJfu0_NKqnyjvV0r1KUJwRmdALWDW_mJzz-zwArwGa3l6dY-qhoSa12A1RhEacr0eh-qjKeG_xm7VADjpUZFK7BX7QglIxPAc8LOf3MChCr3l4wPQuhDLgvkhwifnIcA-gHGQWGQQ8e4CZUHNC5QqV1iq05qMQHk2D3G5w71hjGu6J_sj1XTGSAJMU8b1clNei8_0HyJyhPV_NkY2EnMjknrZNovv3Quuzt0Yl90LshoeKrtZ-UFVtq0fsw1bipzgD81hSeVskTuHoPFwAFuLu9-eXM2gNbOxrxWgxwLxWiQ2DtaffHC2v_f-6xEQ44ZGavHylKCEdOgACywmC9VTmiiDhkVGWTc5kxCrftKosoJOn90PA77ApT4Ah0LJ0D2ppQZDNYjIdXJ6AFXUPg0qLTMIuqH=w876-h657-no\" width=\"271\" height=\"203\" \/><\/a><\/p>\n<p>Els nens i nenes de <strong>Cicle Inicial<\/strong> hem fet activitats molt variades relacionades amb la meteorologia! en podeu veure un tastet a continuaci\u00f3:<\/p>\n<p><a href=\"https:\/\/photos.app.goo.gl\/c16Lh1xwSm8zWYvW8\"><img loading=\"lazy\" decoding=\"async\" class=\"\" src=\"https:\/\/lh3.googleusercontent.com\/0PuzM-8e_keKuh88WPdgeQXHzP_tp_L9CVu0TkXxqaKZPukQW9BN2-pIfghqlWCSGDm58RoNGVoMtq-UJarvbLXJ0A_P1sn0rC4ZcAUgij-xH8Nbqsw6KHtuz-3n9i-9-7vl4cK8Io-U5nA5bU72GvtGH1mssrR-QDcwJnkxrZV-DSERB9SoyOk7Kgv_t2BAUGvtRGc9Sb8fI-D8iOQqOpYffiAiLYvoMJeDnYGLxqXxcO1EYZsGuwZz0Nhxue1qiFZhRpI9Cj445TRIOIMnqLP95KKV_R7tSI86aHhOo_8FIQLxRk7OmtvV46ALl_g638HW288IgvDyCFMKalIHEf3CTysq6pxxHyCxnrJskAG_a4yvUE3nMTnGfa4YOCzrrkRXWeTH2WzTEv6srbZxlz1d_Ca-oN4yBoA3XzBrN9IXWCVZOO1EpUIHElV57RfPuNNFHpidtsWtHpUsLtJdLhY-nRunhsaNXBWdvp-2IZOP2_NaKnrEG_z1mirKn7HXdYDOnupPdLeIgQXf8tH6994OBDA9I3xL818bJWYyMgt3m31b0oWNICha7Y0wHt9M43Rb6KDWDrIJN7SlRjgLNCMTUgKYa5pqbNGiXtsFwjzghgKIyL7fHzcGsuHzRMxl1Tqd1aL1xdZ3lmQCQ2d8AHHAr0yjek728q7PwkXXRzYaetDKf6FrfGR7zPAFVqc2RnXL6WWV5Xp6Lagwb7ca00frrA=w1600-h800-no\" width=\"277\" height=\"139\" \/><\/a><\/p>\n<p>Divendres a la tarda, per a fer la cloenda de la setmana, vam tornar a comptar amb la pres\u00e8ncia de la Pallassa Traf\u00e0lgar, la qual ens va amenitzar la tarda! Podeu clicar a la fotografia per veure el v\u00eddeo.<\/p>\n<p><a href=\"https:\/\/photos.app.goo.gl\/Zh8KFsEcBpP5Mgfa6\"><img loading=\"lazy\" decoding=\"async\" class=\"alignnone wp-image-1926 size-medium\" src=\"https:\/\/agora.xtec.cat\/esc-casserres\/wp-content\/uploads\/usu1738\/2019\/04\/IMG_20190405_160949-300x169.jpg\" alt=\"\" width=\"300\" height=\"169\" srcset=\"https:\/\/agora.xtec.cat\/esc-casserres\/wp-content\/uploads\/usu1738\/2019\/04\/IMG_20190405_160949-300x169.jpg 300w, https:\/\/agora.xtec.cat\/esc-casserres\/wp-content\/uploads\/usu1738\/2019\/04\/IMG_20190405_160949-768x432.jpg 768w, https:\/\/agora.xtec.cat\/esc-casserres\/wp-content\/uploads\/usu1738\/2019\/04\/IMG_20190405_160949-1024x576.jpg 1024w, https:\/\/agora.xtec.cat\/esc-casserres\/wp-content\/uploads\/usu1738\/2019\/04\/IMG_20190405_160949.jpg 1920w\" sizes=\"auto, (max-width: 300px) 100vw, 300px\" \/><\/a><\/p>\n","protected":false},"excerpt":{"rendered":"<p>Vam iniciar la setmana amb la Pallassa Trafalgar que ens va fer passar una estona divertida a tots.Cliqueu a la imatge per veure fotos Tallers meteorologia amb els monitors de la casa de col\u00f2nies de CAL CANDI. Amb el Santi, el Gerard i el Piru hem cronstruit una estaci\u00f3 metereol\u00f2gica.\u00a0Cliqueu a la foto per veure [&hellip;]<\/p>\n","protected":false},"author":1,"featured_media":1896,"comment_status":"closed","ping_status":"closed","sticky":false,"template":"","format":"standard","meta":{"_bbp_topic_count":0,"_bbp_reply_count":0,"_bbp_total_topic_count":0,"_bbp_total_reply_count":0,"_bbp_voice_count":0,"_bbp_anonymous_reply_count":0,"_bbp_topic_count_hidden":0,"_bbp_reply_count_hidden":0,"_bbp_forum_subforum_count":0,"site-sidebar-layout":"default","site-content-layout":"","ast-site-content-layout":"","site-content-style":"default","site-sidebar-style":"default","ast-global-header-display":"","ast-banner-title-visibility":"","ast-main-header-display":"","ast-hfb-above-header-display":"","ast-hfb-below-header-display":"","ast-hfb-mobile-header-display":"","site-post-title":"","ast-breadcrumbs-content":"","ast-featured-img":"","footer-sml-layout":"","theme-transparent-header-meta":"","adv-header-id-meta":"","stick-header-meta":"","header-above-stick-meta":"","header-main-stick-meta":"","header-below-stick-meta":"","astra-migrate-meta-layouts":"default","ast-page-background-enabled":"default","ast-page-background-meta":{"desktop":{"background-color":"var(--ast-global-color-4)","background-image":"","background-repeat":"repeat","background-position":"center center","background-size":"auto","background-attachment":"scroll","background-type":"","background-media":"","overlay-type":"","overlay-color":"","overlay-opacity":"","overlay-gradient":""},"tablet":{"background-color":"","background-image":"","background-repeat":"repeat","background-position":"center center","background-size":"auto","background-attachment":"scroll","background-type":"","background-media":"","overlay-type":"","overlay-color":"","overlay-opacity":"","overlay-gradient":""},"mobile":{"background-color":"","background-image":"","background-repeat":"repeat","background-position":"center center","background-size":"auto","background-attachment":"scroll","background-type":"","background-media":"","overlay-type":"","overlay-color":"","overlay-opacity":"","overlay-gradient":""}},"ast-content-background-meta":{"desktop":{"background-color":"var(--ast-global-color-5)","background-image":"","background-repeat":"repeat","background-position":"center center","background-size":"auto","background-attachment":"scroll","background-type":"","background-media":"","overlay-type":"","overlay-color":"","overlay-opacity":"","overlay-gradient":""},"tablet":{"background-color":"var(--ast-global-color-5)","background-image":"","background-repeat":"repeat","background-position":"center center","background-size":"auto","background-attachment":"scroll","background-type":"","background-media":"","overlay-type":"","overlay-color":"","overlay-opacity":"","overlay-gradient":""},"mobile":{"background-color":"var(--ast-global-color-5)","background-image":"","background-repeat":"repeat","background-position":"center center","background-size":"auto","background-attachment":"scroll","background-type":"","background-media":"","overlay-type":"","overlay-color":"","overlay-opacity":"","overlay-gradient":""}},"footnotes":""},"categories":[59,60,61,4,5],"tags":[83,86,73,119,91,80,121],"class_list":["post-1883","post","type-post","status-publish","format-standard","has-post-thumbnail","hentry","category-cicle-inicial","category-cicle-mitja","category-cicle-superior","category-portada","category-primaria","tag-cicle-inicial","tag-cicle-mitja","tag-cicle-superior","tag-quin-temps-fa","tag-quin-temps-fara","tag-setmana-cultural","tag-setmana-cultural-2019"],"post_mailing_queue_ids":[],"_links":{"self":[{"href":"https:\/\/agora.xtec.cat\/esc-casserres\/wp-json\/wp\/v2\/posts\/1883","targetHints":{"allow":["GET"]}}],"collection":[{"href":"https:\/\/agora.xtec.cat\/esc-casserres\/wp-json\/wp\/v2\/posts"}],"about":[{"href":"https:\/\/agora.xtec.cat\/esc-casserres\/wp-json\/wp\/v2\/types\/post"}],"author":[{"embeddable":true,"href":"https:\/\/agora.xtec.cat\/esc-casserres\/wp-json\/wp\/v2\/users\/1"}],"replies":[{"embeddable":true,"href":"https:\/\/agora.xtec.cat\/esc-casserres\/wp-json\/wp\/v2\/comments?post=1883"}],"version-history":[{"count":4,"href":"https:\/\/agora.xtec.cat\/esc-casserres\/wp-json\/wp\/v2\/posts\/1883\/revisions"}],"predecessor-version":[{"id":1927,"href":"https:\/\/agora.xtec.cat\/esc-casserres\/wp-json\/wp\/v2\/posts\/1883\/revisions\/1927"}],"wp:featuredmedia":[{"embeddable":true,"href":"https:\/\/agora.xtec.cat\/esc-casserres\/wp-json\/wp\/v2\/media\/1896"}],"wp:attachment":[{"href":"https:\/\/agora.xtec.cat\/esc-casserres\/wp-json\/wp\/v2\/media?parent=1883"}],"wp:term":[{"taxonomy":"category","embeddable":true,"href":"https:\/\/agora.xtec.cat\/esc-casserres\/wp-json\/wp\/v2\/categories?post=1883"},{"taxonomy":"post_tag","embeddable":true,"href":"https:\/\/agora.xtec.cat\/esc-casserres\/wp-json\/wp\/v2\/tags?post=1883"}],"curies":[{"name":"wp","href":"https:\/\/api.w.org\/{rel}","templated":true}]}}