{"id":1714,"date":"2019-02-22T15:45:28","date_gmt":"2019-02-22T14:45:28","guid":{"rendered":"http:\/\/agora.xtec.cat\/esc-casserres\/?p=1714"},"modified":"2019-02-23T17:09:48","modified_gmt":"2019-02-23T16:09:48","slug":"visita-de-les-tecniques-de-la-creu-roja-bergueda","status":"publish","type":"post","link":"https:\/\/agora.xtec.cat\/esc-casserres\/general\/visita-de-les-tecniques-de-la-creu-roja-bergueda\/","title":{"rendered":"VISITA DE LES T\u00c8CNIQUES DE LA CREU ROJA BERGUED\u00c0"},"content":{"rendered":"<p style=\"text-align: left;\">El dimarts dia 12 de febrer\u00a0 van venir l&#8217;Anna i la Queralt de la Creu Roja Bergued\u00e0. Ens van explicar el seu funcionament i distribuci\u00f3. Va ser molt interessant i ara tots som m\u00e9s conscients de la quantitat de gent que ajuda a aquesta entitat.<\/p>\n<p>En la redacci\u00f3 dels estatuts de la nostra cooperativa vam decidir fer la donaci\u00f3 del 15% dels beneficis a aquesta entitat social. Al veure que hi havia diferents \u00e0mbits de treball, vam fer votacions per poder decidir en quin d&#8217;ells far\u00edem la donaci\u00f3. El resultat va ser oferir-los a la Creu Roja, en general.<\/p>\n<p>Un cop haguem dut a terme el mercat, tornarem a posar-nos en contacte amb l&#8217;Anna i la Queralt per fer-los l&#8217;entrega dels beneficis.<\/p>\n<p><a href=\"https:\/\/photos.google.com\/share\/AF1QipOLQMe1PQCChvfJ1JRFDkqXVj_AwzltXMsJFqjL02iKjMsTCpVNltBvySrnPby1cw?key=VkNjYVFjYW1WUTdaVWJYUk1DNlZfbmk1d0x6YVJ3\">Aqu\u00ed<\/a> podeu veure algunes fotos de la xerrada i la votaci\u00f3.<\/p>\n<p><a href=\"https:\/\/agora.xtec.cat\/esc-casserres\/wp-content\/uploads\/usu1738\/2019\/02\/foto-redu\u00efda.jpg\"><img loading=\"lazy\" decoding=\"async\" class=\"size-full wp-image-1725\" src=\"https:\/\/agora.xtec.cat\/esc-casserres\/wp-content\/uploads\/usu1738\/2019\/02\/foto-redu\u00efda.jpg\" alt=\"\" width=\"448\" height=\"336\" srcset=\"https:\/\/agora.xtec.cat\/esc-casserres\/wp-content\/uploads\/usu1738\/2019\/02\/foto-redu\u00efda.jpg 448w, https:\/\/agora.xtec.cat\/esc-casserres\/wp-content\/uploads\/usu1738\/2019\/02\/foto-redu\u00efda-300x225.jpg 300w, https:\/\/agora.xtec.cat\/esc-casserres\/wp-content\/uploads\/usu1738\/2019\/02\/foto-redu\u00efda-200x150.jpg 200w\" sizes=\"auto, (max-width: 448px) 100vw, 448px\" \/><\/a><\/p>\n","protected":false},"excerpt":{"rendered":"<p>El dimarts dia 12 de febrer\u00a0 van venir l&#8217;Anna i la Queralt de la Creu Roja Bergued\u00e0 a visitar la nostra cooperativa i aix\u00ed explicar-nos la seva feina.<\/p>\n","protected":false},"author":16,"featured_media":1725,"comment_status":"closed","ping_status":"closed","sticky":false,"template":"","format":"standard","meta":{"_bbp_topic_count":0,"_bbp_reply_count":0,"_bbp_total_topic_count":0,"_bbp_total_reply_count":0,"_bbp_voice_count":0,"_bbp_anonymous_reply_count":0,"_bbp_topic_count_hidden":0,"_bbp_reply_count_hidden":0,"_bbp_forum_subforum_count":0,"site-sidebar-layout":"default","site-content-layout":"","ast-site-content-layout":"","site-content-style":"default","site-sidebar-style":"default","ast-global-header-display":"","ast-banner-title-visibility":"","ast-main-header-display":"","ast-hfb-above-header-display":"","ast-hfb-below-header-display":"","ast-hfb-mobile-header-display":"","site-post-title":"","ast-breadcrumbs-content":"","ast-featured-img":"","footer-sml-layout":"","theme-transparent-header-meta":"","adv-header-id-meta":"","stick-header-meta":"","header-above-stick-meta":"","header-main-stick-meta":"","header-below-stick-meta":"","astra-migrate-meta-layouts":"default","ast-page-background-enabled":"default","ast-page-background-meta":{"desktop":{"background-color":"var(--ast-global-color-4)","background-image":"","background-repeat":"repeat","background-position":"center center","background-size":"auto","background-attachment":"scroll","background-type":"","background-media":"","overlay-type":"","overlay-color":"","overlay-opacity":"","overlay-gradient":""},"tablet":{"background-color":"","background-image":"","background-repeat":"repeat","background-position":"center center","background-size":"auto","background-attachment":"scroll","background-type":"","background-media":"","overlay-type":"","overlay-color":"","overlay-opacity":"","overlay-gradient":""},"mobile":{"background-color":"","background-image":"","background-repeat":"repeat","background-position":"center center","background-size":"auto","background-attachment":"scroll","background-type":"","background-media":"","overlay-type":"","overlay-color":"","overlay-opacity":"","overlay-gradient":""}},"ast-content-background-meta":{"desktop":{"background-color":"var(--ast-global-color-5)","background-image":"","background-repeat":"repeat","background-position":"center center","background-size":"auto","background-attachment":"scroll","background-type":"","background-media":"","overlay-type":"","overlay-color":"","overlay-opacity":"","overlay-gradient":""},"tablet":{"background-color":"var(--ast-global-color-5)","background-image":"","background-repeat":"repeat","background-position":"center center","background-size":"auto","background-attachment":"scroll","background-type":"","background-media":"","overlay-type":"","overlay-color":"","overlay-opacity":"","overlay-gradient":""},"mobile":{"background-color":"var(--ast-global-color-5)","background-image":"","background-repeat":"repeat","background-position":"center center","background-size":"auto","background-attachment":"scroll","background-type":"","background-media":"","overlay-type":"","overlay-color":"","overlay-opacity":"","overlay-gradient":""}},"footnotes":""},"categories":[61,1,4],"tags":[73,105,104],"class_list":["post-1714","post","type-post","status-publish","format-standard","has-post-thumbnail","hentry","category-cicle-superior","category-general","category-portada","tag-cicle-superior","tag-cooperativa","tag-curs-18-19"],"post_mailing_queue_ids":[],"_links":{"self":[{"href":"https:\/\/agora.xtec.cat\/esc-casserres\/wp-json\/wp\/v2\/posts\/1714","targetHints":{"allow":["GET"]}}],"collection":[{"href":"https:\/\/agora.xtec.cat\/esc-casserres\/wp-json\/wp\/v2\/posts"}],"about":[{"href":"https:\/\/agora.xtec.cat\/esc-casserres\/wp-json\/wp\/v2\/types\/post"}],"author":[{"embeddable":true,"href":"https:\/\/agora.xtec.cat\/esc-casserres\/wp-json\/wp\/v2\/users\/16"}],"replies":[{"embeddable":true,"href":"https:\/\/agora.xtec.cat\/esc-casserres\/wp-json\/wp\/v2\/comments?post=1714"}],"version-history":[{"count":3,"href":"https:\/\/agora.xtec.cat\/esc-casserres\/wp-json\/wp\/v2\/posts\/1714\/revisions"}],"predecessor-version":[{"id":1732,"href":"https:\/\/agora.xtec.cat\/esc-casserres\/wp-json\/wp\/v2\/posts\/1714\/revisions\/1732"}],"wp:featuredmedia":[{"embeddable":true,"href":"https:\/\/agora.xtec.cat\/esc-casserres\/wp-json\/wp\/v2\/media\/1725"}],"wp:attachment":[{"href":"https:\/\/agora.xtec.cat\/esc-casserres\/wp-json\/wp\/v2\/media?parent=1714"}],"wp:term":[{"taxonomy":"category","embeddable":true,"href":"https:\/\/agora.xtec.cat\/esc-casserres\/wp-json\/wp\/v2\/categories?post=1714"},{"taxonomy":"post_tag","embeddable":true,"href":"https:\/\/agora.xtec.cat\/esc-casserres\/wp-json\/wp\/v2\/tags?post=1714"}],"curies":[{"name":"wp","href":"https:\/\/api.w.org\/{rel}","templated":true}]}}