{"id":1258,"date":"2018-10-02T11:36:12","date_gmt":"2018-10-02T09:36:12","guid":{"rendered":"http:\/\/agora.xtec.cat\/esc-casserres\/?p=1258"},"modified":"2018-10-02T11:36:12","modified_gmt":"2018-10-02T09:36:12","slug":"quin-temps-fara","status":"publish","type":"post","link":"https:\/\/agora.xtec.cat\/esc-casserres\/infantil\/quin-temps-fara\/","title":{"rendered":"QUIN TEMPS FAR\u00c0?"},"content":{"rendered":"<p>Com cada any a l&#8217;escola, s&#8217;escull un tema per treballar de manera transversal. Tots els alumnes, des dels m\u00e9s petits fins als m\u00e9s grans aprenen i descobreixen a trav\u00e9s d&#8217;aquest projecte com\u00fa.\u00a0<span style=\"font-family: inherit; font-size: 1em;\">\u00a0<\/span>Es treballa al llarg de tot el curs\u00a0i en especial durant la setmana cultural (enguany de l&#8217;1 al 5 d&#8217;abril).<\/p>\n<p>El tema escollit com a eix d&#8217;escola \u00e9s la meteorologia. La proposta surt dels alumnes de 6\u00e8 i de seguida ens ha conven\u00e7ut.<\/p>\n<p><strong>QUIN TEMPS FAR\u00c0?<\/strong> com tot bon projecte s&#8217;inicia amb una pregunta. Ja estem tots ben encuriosits i engrescats! \u00c9s la millor manera d&#8217;iniciar aquest projecte, ens hi acompanyeu?<\/p>\n<p>Per anar fent boca, hem triat els noms de les classes us els deixem a continuaci\u00f3:<\/p>\n<p><a href=\"http:\/\/agora.xtec.cat\/esc-casserres\/wp-content\/uploads\/usu1738\/2018\/09\/NOMS-CLASSE-3.jpg\"><img loading=\"lazy\" decoding=\"async\" class=\"wp-image-1261 aligncenter\" src=\"http:\/\/agora.xtec.cat\/esc-casserres\/wp-content\/uploads\/usu1738\/2018\/09\/NOMS-CLASSE-3.jpg\" alt=\"\" width=\"418\" height=\"363\" srcset=\"https:\/\/agora.xtec.cat\/esc-casserres\/wp-content\/uploads\/usu1738\/2018\/09\/NOMS-CLASSE-3.jpg 591w, https:\/\/agora.xtec.cat\/esc-casserres\/wp-content\/uploads\/usu1738\/2018\/09\/NOMS-CLASSE-3-300x261.jpg 300w\" sizes=\"auto, (max-width: 418px) 100vw, 418px\" \/><\/a><\/p>\n","protected":false},"excerpt":{"rendered":"<p>Com cada any a l&#8217;escola, s&#8217;escull un tema per treballar de manera transversal. Tots els alumnes, des dels m\u00e9s petits fins als m\u00e9s grans aprenen i descobreixen a trav\u00e9s d&#8217;aquest projecte com\u00fa.\u00a0\u00a0Es treballa al llarg de tot el curs\u00a0i en especial durant la setmana cultural (enguany de l&#8217;1 al 5 d&#8217;abril). El tema escollit com [&hellip;]<\/p>\n","protected":false},"author":6,"featured_media":0,"comment_status":"closed","ping_status":"closed","sticky":false,"template":"","format":"standard","meta":{"_bbp_topic_count":0,"_bbp_reply_count":0,"_bbp_total_topic_count":0,"_bbp_total_reply_count":0,"_bbp_voice_count":0,"_bbp_anonymous_reply_count":0,"_bbp_topic_count_hidden":0,"_bbp_reply_count_hidden":0,"_bbp_forum_subforum_count":0,"site-sidebar-layout":"default","site-content-layout":"","ast-site-content-layout":"","site-content-style":"default","site-sidebar-style":"default","ast-global-header-display":"","ast-banner-title-visibility":"","ast-main-header-display":"","ast-hfb-above-header-display":"","ast-hfb-below-header-display":"","ast-hfb-mobile-header-display":"","site-post-title":"","ast-breadcrumbs-content":"","ast-featured-img":"","footer-sml-layout":"","theme-transparent-header-meta":"","adv-header-id-meta":"","stick-header-meta":"","header-above-stick-meta":"","header-main-stick-meta":"","header-below-stick-meta":"","astra-migrate-meta-layouts":"default","ast-page-background-enabled":"default","ast-page-background-meta":{"desktop":{"background-color":"var(--ast-global-color-4)","background-image":"","background-repeat":"repeat","background-position":"center center","background-size":"auto","background-attachment":"scroll","background-type":"","background-media":"","overlay-type":"","overlay-color":"","overlay-opacity":"","overlay-gradient":""},"tablet":{"background-color":"","background-image":"","background-repeat":"repeat","background-position":"center center","background-size":"auto","background-attachment":"scroll","background-type":"","background-media":"","overlay-type":"","overlay-color":"","overlay-opacity":"","overlay-gradient":""},"mobile":{"background-color":"","background-image":"","background-repeat":"repeat","background-position":"center center","background-size":"auto","background-attachment":"scroll","background-type":"","background-media":"","overlay-type":"","overlay-color":"","overlay-opacity":"","overlay-gradient":""}},"ast-content-background-meta":{"desktop":{"background-color":"var(--ast-global-color-5)","background-image":"","background-repeat":"repeat","background-position":"center center","background-size":"auto","background-attachment":"scroll","background-type":"","background-media":"","overlay-type":"","overlay-color":"","overlay-opacity":"","overlay-gradient":""},"tablet":{"background-color":"var(--ast-global-color-5)","background-image":"","background-repeat":"repeat","background-position":"center center","background-size":"auto","background-attachment":"scroll","background-type":"","background-media":"","overlay-type":"","overlay-color":"","overlay-opacity":"","overlay-gradient":""},"mobile":{"background-color":"var(--ast-global-color-5)","background-image":"","background-repeat":"repeat","background-position":"center center","background-size":"auto","background-attachment":"scroll","background-type":"","background-media":"","overlay-type":"","overlay-color":"","overlay-opacity":"","overlay-gradient":""}},"footnotes":""},"categories":[2,4,5],"tags":[91],"class_list":["post-1258","post","type-post","status-publish","format-standard","hentry","category-infantil","category-portada","category-primaria","tag-quin-temps-fara"],"post_mailing_queue_ids":[],"_links":{"self":[{"href":"https:\/\/agora.xtec.cat\/esc-casserres\/wp-json\/wp\/v2\/posts\/1258","targetHints":{"allow":["GET"]}}],"collection":[{"href":"https:\/\/agora.xtec.cat\/esc-casserres\/wp-json\/wp\/v2\/posts"}],"about":[{"href":"https:\/\/agora.xtec.cat\/esc-casserres\/wp-json\/wp\/v2\/types\/post"}],"author":[{"embeddable":true,"href":"https:\/\/agora.xtec.cat\/esc-casserres\/wp-json\/wp\/v2\/users\/6"}],"replies":[{"embeddable":true,"href":"https:\/\/agora.xtec.cat\/esc-casserres\/wp-json\/wp\/v2\/comments?post=1258"}],"version-history":[{"count":3,"href":"https:\/\/agora.xtec.cat\/esc-casserres\/wp-json\/wp\/v2\/posts\/1258\/revisions"}],"predecessor-version":[{"id":1264,"href":"https:\/\/agora.xtec.cat\/esc-casserres\/wp-json\/wp\/v2\/posts\/1258\/revisions\/1264"}],"wp:attachment":[{"href":"https:\/\/agora.xtec.cat\/esc-casserres\/wp-json\/wp\/v2\/media?parent=1258"}],"wp:term":[{"taxonomy":"category","embeddable":true,"href":"https:\/\/agora.xtec.cat\/esc-casserres\/wp-json\/wp\/v2\/categories?post=1258"},{"taxonomy":"post_tag","embeddable":true,"href":"https:\/\/agora.xtec.cat\/esc-casserres\/wp-json\/wp\/v2\/tags?post=1258"}],"curies":[{"name":"wp","href":"https:\/\/api.w.org\/{rel}","templated":true}]}}