{"id":1210,"date":"2018-06-28T13:04:34","date_gmt":"2018-06-28T11:04:34","guid":{"rendered":"http:\/\/agora.xtec.cat\/esc-casserres\/?p=1210"},"modified":"2018-06-28T13:24:24","modified_gmt":"2018-06-28T11:24:24","slug":"el-llenguatge-oral-a-infantil","status":"publish","type":"post","link":"https:\/\/agora.xtec.cat\/esc-casserres\/infantil\/el-llenguatge-oral-a-infantil\/","title":{"rendered":"El llenguatge oral a Infantil"},"content":{"rendered":"<p>&nbsp;<\/p>\n<p>Al llarg del curs els nens i nenes d\u2019infantil un cop a la setmana hem treballat expl\u00edcitament el llenguatge oral. \u00a0El coneixement de la llengua oral repercuteix directament en l\u2019escriptura i la lectura i per aix\u00f2 a infantil hem posat \u00e8mfasi en aquests dos aspectes: els sons i la llengua oral.<\/p>\n<p>A <strong>P-4<\/strong> i <strong>P-5<\/strong> hem realitzat un treball de <strong>conversa<\/strong> amb activitats molt diverses. Hem fet conversa d\u2019un tema concret, un dia el proposava la mestra i un altre el triaven ells. Hem explicat experi\u00e8ncies, emocions, sentiments, hem realitzat conversa en petits grups per aconseguir un objectiu, conversa a trav\u00e9s de l\u00e0mines, hem parlat al voltant d\u2019un objecte&#8230; i sempre acab\u00e0vem les sessions amb <strong>pr\u00e0xies <\/strong>o b\u00e9\u00a0<strong>jocs d\u2019expressi\u00f3 ling\u00fc\u00edstica<\/strong>.<\/p>\n<p>A <strong>P-3<\/strong> el treball s\u2019ha focalitzat en els aspectes claus per <strong>l\u2019adquisici\u00f3 dels sons<\/strong>. Hem fet activitats de buf, de respiraci\u00f3, relaxaci\u00f3, jocs de discriminaci\u00f3 de sons, rimes i can\u00e7ons. Fins i tot ens hem atrevit a cantar el rap dels sons! Al darrer trimestre ens hem iniciat amb alguna activitat de conversa per preparar-nos pel seg\u00fcent curs.<\/p>\n<p>Us deixem un recull de fotos de les activitats realitzades.<a href=\"https:\/\/photos.google.com\/u\/1\/share\/AF1QipO7rKWzh7TJhcbeza8k76phTFrdxZOq25RAdRG5ucR2mqPUf2eRNDsnJqyNFTXf1Q?key=Vjd5VzF4SzU4RTh5bU9XTFF2VF9YR1E3ZnlQaGV3\"><img loading=\"lazy\" decoding=\"async\" class=\"alignnone size-large wp-image-1211\" src=\"http:\/\/agora.xtec.cat\/esc-casserres\/wp-content\/uploads\/usu1738\/2018\/06\/IMG_20180524_121347-1024x768.jpg\" alt=\"\" width=\"1024\" height=\"768\" srcset=\"https:\/\/agora.xtec.cat\/esc-casserres\/wp-content\/uploads\/usu1738\/2018\/06\/IMG_20180524_121347-1024x768.jpg 1024w, https:\/\/agora.xtec.cat\/esc-casserres\/wp-content\/uploads\/usu1738\/2018\/06\/IMG_20180524_121347-300x225.jpg 300w, https:\/\/agora.xtec.cat\/esc-casserres\/wp-content\/uploads\/usu1738\/2018\/06\/IMG_20180524_121347-768x576.jpg 768w, https:\/\/agora.xtec.cat\/esc-casserres\/wp-content\/uploads\/usu1738\/2018\/06\/IMG_20180524_121347-200x150.jpg 200w\" sizes=\"auto, (max-width: 1024px) 100vw, 1024px\" \/><\/a><\/p>\n","protected":false},"excerpt":{"rendered":"<p>Al llarg del curs els nens i nenes d\u2019infantil un cop a la setmana hem treballat expl\u00edcitament el llenguatge oral.  El coneixement de la llengua oral repercuteix directament en l\u2019escriptura i la lectura i per aix\u00f2 a infantil hem posat \u00e8mfasi en aquests dos aspectes: els sons i la llengua oral.<\/p>\n","protected":false},"author":6,"featured_media":1211,"comment_status":"closed","ping_status":"closed","sticky":false,"template":"","format":"standard","meta":{"_bbp_topic_count":0,"_bbp_reply_count":0,"_bbp_total_topic_count":0,"_bbp_total_reply_count":0,"_bbp_voice_count":0,"_bbp_anonymous_reply_count":0,"_bbp_topic_count_hidden":0,"_bbp_reply_count_hidden":0,"_bbp_forum_subforum_count":0,"site-sidebar-layout":"default","site-content-layout":"","ast-site-content-layout":"","site-content-style":"default","site-sidebar-style":"default","ast-global-header-display":"","ast-banner-title-visibility":"","ast-main-header-display":"","ast-hfb-above-header-display":"","ast-hfb-below-header-display":"","ast-hfb-mobile-header-display":"","site-post-title":"","ast-breadcrumbs-content":"","ast-featured-img":"","footer-sml-layout":"","theme-transparent-header-meta":"","adv-header-id-meta":"","stick-header-meta":"","header-above-stick-meta":"","header-main-stick-meta":"","header-below-stick-meta":"","astra-migrate-meta-layouts":"default","ast-page-background-enabled":"default","ast-page-background-meta":{"desktop":{"background-color":"var(--ast-global-color-4)","background-image":"","background-repeat":"repeat","background-position":"center center","background-size":"auto","background-attachment":"scroll","background-type":"","background-media":"","overlay-type":"","overlay-color":"","overlay-opacity":"","overlay-gradient":""},"tablet":{"background-color":"","background-image":"","background-repeat":"repeat","background-position":"center center","background-size":"auto","background-attachment":"scroll","background-type":"","background-media":"","overlay-type":"","overlay-color":"","overlay-opacity":"","overlay-gradient":""},"mobile":{"background-color":"","background-image":"","background-repeat":"repeat","background-position":"center center","background-size":"auto","background-attachment":"scroll","background-type":"","background-media":"","overlay-type":"","overlay-color":"","overlay-opacity":"","overlay-gradient":""}},"ast-content-background-meta":{"desktop":{"background-color":"var(--ast-global-color-5)","background-image":"","background-repeat":"repeat","background-position":"center center","background-size":"auto","background-attachment":"scroll","background-type":"","background-media":"","overlay-type":"","overlay-color":"","overlay-opacity":"","overlay-gradient":""},"tablet":{"background-color":"var(--ast-global-color-5)","background-image":"","background-repeat":"repeat","background-position":"center center","background-size":"auto","background-attachment":"scroll","background-type":"","background-media":"","overlay-type":"","overlay-color":"","overlay-opacity":"","overlay-gradient":""},"mobile":{"background-color":"var(--ast-global-color-5)","background-image":"","background-repeat":"repeat","background-position":"center center","background-size":"auto","background-attachment":"scroll","background-type":"","background-media":"","overlay-type":"","overlay-color":"","overlay-opacity":"","overlay-gradient":""}},"footnotes":""},"categories":[3,8,9,2],"tags":[89,71],"class_list":["post-1210","post","type-post","status-publish","format-standard","has-post-thumbnail","hentry","category-i3","category-i4","category-i5","category-infantil","tag-conversa","tag-educacio-infantil"],"post_mailing_queue_ids":[],"_links":{"self":[{"href":"https:\/\/agora.xtec.cat\/esc-casserres\/wp-json\/wp\/v2\/posts\/1210","targetHints":{"allow":["GET"]}}],"collection":[{"href":"https:\/\/agora.xtec.cat\/esc-casserres\/wp-json\/wp\/v2\/posts"}],"about":[{"href":"https:\/\/agora.xtec.cat\/esc-casserres\/wp-json\/wp\/v2\/types\/post"}],"author":[{"embeddable":true,"href":"https:\/\/agora.xtec.cat\/esc-casserres\/wp-json\/wp\/v2\/users\/6"}],"replies":[{"embeddable":true,"href":"https:\/\/agora.xtec.cat\/esc-casserres\/wp-json\/wp\/v2\/comments?post=1210"}],"version-history":[{"count":3,"href":"https:\/\/agora.xtec.cat\/esc-casserres\/wp-json\/wp\/v2\/posts\/1210\/revisions"}],"predecessor-version":[{"id":1215,"href":"https:\/\/agora.xtec.cat\/esc-casserres\/wp-json\/wp\/v2\/posts\/1210\/revisions\/1215"}],"wp:featuredmedia":[{"embeddable":true,"href":"https:\/\/agora.xtec.cat\/esc-casserres\/wp-json\/wp\/v2\/media\/1211"}],"wp:attachment":[{"href":"https:\/\/agora.xtec.cat\/esc-casserres\/wp-json\/wp\/v2\/media?parent=1210"}],"wp:term":[{"taxonomy":"category","embeddable":true,"href":"https:\/\/agora.xtec.cat\/esc-casserres\/wp-json\/wp\/v2\/categories?post=1210"},{"taxonomy":"post_tag","embeddable":true,"href":"https:\/\/agora.xtec.cat\/esc-casserres\/wp-json\/wp\/v2\/tags?post=1210"}],"curies":[{"name":"wp","href":"https:\/\/api.w.org\/{rel}","templated":true}]}}