{"id":1019,"date":"2018-04-13T09:59:21","date_gmt":"2018-04-13T07:59:21","guid":{"rendered":"http:\/\/agora.xtec.cat\/esc-casserres\/?p=1019"},"modified":"2018-04-13T10:18:58","modified_gmt":"2018-04-13T08:18:58","slug":"sortida-a-cal-vidal-i-a-viladomiu","status":"publish","type":"post","link":"https:\/\/agora.xtec.cat\/esc-casserres\/primaria\/cicle-mitja\/sortida-a-cal-vidal-i-a-viladomiu\/","title":{"rendered":"SORTIDA A CAL VIDAL I A VILADOMIU!"},"content":{"rendered":"<p>Aquest dimarts dia 10 d&#8217;abril tota la colla de Cicle Mitj\u00e0 vam fer una excursi\u00f3 molt bonica. Al mat\u00ed vam visitar\u00a0 la Col\u00f2nia Vidal i a la tarda vam anar a veure la Torre de l&#8217;Amo de Viladomiu Nou. Va ser molt interessant! Vam poder reviure el passat i entendre una mica com eren la vida i el treball en una col\u00f2nia t\u00e8xtil als inicis del segle XX. Mireu, mireu!<a href=\"https:\/\/photos.google.com\/album\/AF1QipN-29FGf8t5Kp2f0FPLIvwNZlsrV5dDpppgVLhf\"><img loading=\"lazy\" decoding=\"async\" class=\"alignnone size-full wp-image-1020\" src=\"http:\/\/agora.xtec.cat\/esc-casserres\/wp-content\/uploads\/usu1738\/2018\/04\/IMG_20180410_100808_resized_20180413_092033852.jpg\" alt=\"\" width=\"992\" height=\"744\" srcset=\"https:\/\/agora.xtec.cat\/esc-casserres\/wp-content\/uploads\/usu1738\/2018\/04\/IMG_20180410_100808_resized_20180413_092033852.jpg 992w, https:\/\/agora.xtec.cat\/esc-casserres\/wp-content\/uploads\/usu1738\/2018\/04\/IMG_20180410_100808_resized_20180413_092033852-300x225.jpg 300w, https:\/\/agora.xtec.cat\/esc-casserres\/wp-content\/uploads\/usu1738\/2018\/04\/IMG_20180410_100808_resized_20180413_092033852-768x576.jpg 768w, https:\/\/agora.xtec.cat\/esc-casserres\/wp-content\/uploads\/usu1738\/2018\/04\/IMG_20180410_100808_resized_20180413_092033852-200x150.jpg 200w\" sizes=\"auto, (max-width: 992px) 100vw, 992px\" \/><\/a><\/p>\n","protected":false},"excerpt":{"rendered":"<p>Aquest dimarts dia 10 d&#8217;abril tota la colla de Cicle Mitj\u00e0 vam fer una excursi\u00f3 molt bonica. Al mat\u00ed vam visitar\u00a0 la Col\u00f2nia Vidal i a la tarda vam anar a veure la Torre de l&#8217;Amo de Viladomiu Nou. Va ser molt interessant! Vam poder reviure el passat i entendre una mica com eren la [&hellip;]<\/p>\n","protected":false},"author":6,"featured_media":1020,"comment_status":"open","ping_status":"closed","sticky":false,"template":"","format":"standard","meta":{"_bbp_topic_count":0,"_bbp_reply_count":0,"_bbp_total_topic_count":0,"_bbp_total_reply_count":0,"_bbp_voice_count":0,"_bbp_anonymous_reply_count":0,"_bbp_topic_count_hidden":0,"_bbp_reply_count_hidden":0,"_bbp_forum_subforum_count":0,"site-sidebar-layout":"default","site-content-layout":"","ast-site-content-layout":"","site-content-style":"default","site-sidebar-style":"default","ast-global-header-display":"","ast-banner-title-visibility":"","ast-main-header-display":"","ast-hfb-above-header-display":"","ast-hfb-below-header-display":"","ast-hfb-mobile-header-display":"","site-post-title":"","ast-breadcrumbs-content":"","ast-featured-img":"","footer-sml-layout":"","theme-transparent-header-meta":"","adv-header-id-meta":"","stick-header-meta":"","header-above-stick-meta":"","header-main-stick-meta":"","header-below-stick-meta":"","astra-migrate-meta-layouts":"default","ast-page-background-enabled":"default","ast-page-background-meta":{"desktop":{"background-color":"var(--ast-global-color-4)","background-image":"","background-repeat":"repeat","background-position":"center center","background-size":"auto","background-attachment":"scroll","background-type":"","background-media":"","overlay-type":"","overlay-color":"","overlay-opacity":"","overlay-gradient":""},"tablet":{"background-color":"","background-image":"","background-repeat":"repeat","background-position":"center center","background-size":"auto","background-attachment":"scroll","background-type":"","background-media":"","overlay-type":"","overlay-color":"","overlay-opacity":"","overlay-gradient":""},"mobile":{"background-color":"","background-image":"","background-repeat":"repeat","background-position":"center center","background-size":"auto","background-attachment":"scroll","background-type":"","background-media":"","overlay-type":"","overlay-color":"","overlay-opacity":"","overlay-gradient":""}},"ast-content-background-meta":{"desktop":{"background-color":"var(--ast-global-color-5)","background-image":"","background-repeat":"repeat","background-position":"center center","background-size":"auto","background-attachment":"scroll","background-type":"","background-media":"","overlay-type":"","overlay-color":"","overlay-opacity":"","overlay-gradient":""},"tablet":{"background-color":"var(--ast-global-color-5)","background-image":"","background-repeat":"repeat","background-position":"center center","background-size":"auto","background-attachment":"scroll","background-type":"","background-media":"","overlay-type":"","overlay-color":"","overlay-opacity":"","overlay-gradient":""},"mobile":{"background-color":"var(--ast-global-color-5)","background-image":"","background-repeat":"repeat","background-position":"center center","background-size":"auto","background-attachment":"scroll","background-type":"","background-media":"","overlay-type":"","overlay-color":"","overlay-opacity":"","overlay-gradient":""}},"footnotes":""},"categories":[60],"tags":[86,87],"class_list":["post-1019","post","type-post","status-publish","format-standard","has-post-thumbnail","hentry","category-cicle-mitja","tag-cicle-mitja","tag-colonia-vidal"],"post_mailing_queue_ids":[],"_links":{"self":[{"href":"https:\/\/agora.xtec.cat\/esc-casserres\/wp-json\/wp\/v2\/posts\/1019","targetHints":{"allow":["GET"]}}],"collection":[{"href":"https:\/\/agora.xtec.cat\/esc-casserres\/wp-json\/wp\/v2\/posts"}],"about":[{"href":"https:\/\/agora.xtec.cat\/esc-casserres\/wp-json\/wp\/v2\/types\/post"}],"author":[{"embeddable":true,"href":"https:\/\/agora.xtec.cat\/esc-casserres\/wp-json\/wp\/v2\/users\/6"}],"replies":[{"embeddable":true,"href":"https:\/\/agora.xtec.cat\/esc-casserres\/wp-json\/wp\/v2\/comments?post=1019"}],"version-history":[{"count":2,"href":"https:\/\/agora.xtec.cat\/esc-casserres\/wp-json\/wp\/v2\/posts\/1019\/revisions"}],"predecessor-version":[{"id":1022,"href":"https:\/\/agora.xtec.cat\/esc-casserres\/wp-json\/wp\/v2\/posts\/1019\/revisions\/1022"}],"wp:featuredmedia":[{"embeddable":true,"href":"https:\/\/agora.xtec.cat\/esc-casserres\/wp-json\/wp\/v2\/media\/1020"}],"wp:attachment":[{"href":"https:\/\/agora.xtec.cat\/esc-casserres\/wp-json\/wp\/v2\/media?parent=1019"}],"wp:term":[{"taxonomy":"category","embeddable":true,"href":"https:\/\/agora.xtec.cat\/esc-casserres\/wp-json\/wp\/v2\/categories?post=1019"},{"taxonomy":"post_tag","embeddable":true,"href":"https:\/\/agora.xtec.cat\/esc-casserres\/wp-json\/wp\/v2\/tags?post=1019"}],"curies":[{"name":"wp","href":"https:\/\/api.w.org\/{rel}","templated":true}]}}