{"id":1001,"date":"2018-04-07T13:07:11","date_gmt":"2018-04-07T11:07:11","guid":{"rendered":"http:\/\/agora.xtec.cat\/esc-casserres\/?p=1001"},"modified":"2018-04-10T11:52:07","modified_gmt":"2018-04-10T09:52:07","slug":"educacio-infantil-a-la-figuera-2","status":"publish","type":"post","link":"https:\/\/agora.xtec.cat\/esc-casserres\/infantil\/educacio-infantil-a-la-figuera-2\/","title":{"rendered":"Educaci\u00f3 Infantil a LA FIGUERA!"},"content":{"rendered":"<p>Els nens i les nenes d&#8217;Educaci\u00f3 Infantil hem estat un parell de dies de col\u00f2nies a La Figuera. Segur que els vostres fills i filles us n&#8217;han comen\u00e7at a explicar coses, us fem cinc c\u00e8ntims de tot el que hem viscut:<\/p>\n<p>Dijous vam arribar amb l&#8217;autocar ben carregats&#8230; va ser molt emocionant, ens esperaven tots els nostres companys de Prim\u00e0ria i ens van rebre amb abra\u00e7ades! Vam esmorzar en rotllana, vam con\u00e8ixer els monitors (en Joan, la Ceci i l&#8217;Anna) vam fer unes danses i vam jugar i c\u00f3rrer. De seguida va ser l&#8217;hora de dinar, els grans ens havien parat la taula: arr\u00f2s amb tom\u00e0quet, mandonguilles i taronja.<\/p>\n<p>Despr\u00e9s de dinar vam fer una excursi\u00f3 per un tros de bosc fins arribar al nucli antic de Castellnou, all\u00e0\u00a0 a la pla\u00e7a del poble vam poder fer uns jocs de c\u00e0sting i vam berenar pa amb xocolata. Tornant est\u00e0vem molt contents per\u00f2 alhora molt cansats, hav\u00edem caminat molt i fins i tot hav\u00edem passat per sota un &#8220;t\u00fanel&#8221; ben ajupits! Arribant vam jugar una estoneta i cap a sopar que hi havia molta gana! Els grans, com en cada \u00e0pat, ens havien parat la taula. Per sopar: escudella, truita de patates i un iogurt! Un cop recuperada una mica l&#8217;energia.. vam anar a buscar els lots per fer un joc de nit molt divertit! Alguns fins i tot, encara van tenir piles per ballar i donar-ho tot a la discoteca amb els nens i nenes de Prim\u00e0ria fins moolt tard!<\/p>\n<p>El dijous acabava rod\u00f3! Molt cansats i contents vam anar a posar-nos el pijama, rentar les dents i a dormir! tots dins del nostre sac i ben a prop dels nostres companys (vam ajuntar algunes lliteres per fer llits gegants), esperant els petonets i les abra\u00e7ades de bona nit de les mestres.<\/p>\n<p>La nit va ser tranquil\u00b7la, tots els nens i nenes van dormir i descansar molt b\u00e9. L&#8217;endem\u00e0 ens llev\u00e0vem tots amb les piles carregades de nou i a punt per canviar-nos, fer maletes i anar a esmorzar! Llet amb cacau, galetes, pa, formatge, pernil, cereals de xocolata&#8230;! Els monitors ja ens esperaven amb les disfresses i els maquillatges per fer una activitat de representaci\u00f3 i gravar-ho en v\u00eddeo! Quin mat\u00ed m\u00e9s divertit. Arribat el migdia vam pujar al menjador a fer l&#8217;\u00faltim dinar: macarrons amb tom\u00e0quet i formatge ratllat, nuggets de pollastre amb patates i gelat!<\/p>\n<p>L&#8217;\u00faltima estona de joc per c\u00f3rrer, enfilar-se, saltar i fer la croqueta per l&#8217;herba.<\/p>\n<p>Vam acomiadar-nos de la casa, vam fer una foto de record ben especial i cap a Casserres falta gent!<\/p>\n<p>Han sigut dos dies molt bonics, les primeres col\u00f2nies per a molts i que segur que recordaran durant molt temps. Hem jugat i compartit moments molt especials, us deixem aqu\u00ed sota l&#8217;acc\u00e9s a l&#8217;\u00e0lbum complet de LES COL\u00d2NIES A LA FIGUERA, esperem que el gaudiu:<\/p>\n<p><a href=\"https:\/\/photos.google.com\/share\/AF1QipOHjvkPIRBe5OPrOm2tyQLFiyqt-sYZQnpbYexuZ11ovHgRjIrw_bhS_ikTZmCcIg?key=R1R5T3JacHJQMjF4LXF0TmZFbFBBdmN0WnFHdmpB\"><img loading=\"lazy\" decoding=\"async\" class=\"alignnone size-full wp-image-1002\" src=\"http:\/\/agora.xtec.cat\/esc-casserres\/wp-content\/uploads\/usu1738\/2018\/04\/IMG-20180406-WA0041.jpg\" alt=\"\" width=\"800\" height=\"600\" srcset=\"https:\/\/agora.xtec.cat\/esc-casserres\/wp-content\/uploads\/usu1738\/2018\/04\/IMG-20180406-WA0041.jpg 800w, https:\/\/agora.xtec.cat\/esc-casserres\/wp-content\/uploads\/usu1738\/2018\/04\/IMG-20180406-WA0041-300x225.jpg 300w, https:\/\/agora.xtec.cat\/esc-casserres\/wp-content\/uploads\/usu1738\/2018\/04\/IMG-20180406-WA0041-768x576.jpg 768w, https:\/\/agora.xtec.cat\/esc-casserres\/wp-content\/uploads\/usu1738\/2018\/04\/IMG-20180406-WA0041-200x150.jpg 200w\" sizes=\"auto, (max-width: 800px) 100vw, 800px\" \/><\/a><\/p>\n","protected":false},"excerpt":{"rendered":"<p>Els nens i les nenes d&#8217;Educaci\u00f3 Infantil hem estat un parell de dies de col\u00f2nies a La Figuera. Segur que els vostres fills i filles us n&#8217;han comen\u00e7at a explicar coses, us fem cinc c\u00e8ntims de tot el que hem viscut.<\/p>\n","protected":false},"author":6,"featured_media":1002,"comment_status":"closed","ping_status":"closed","sticky":false,"template":"","format":"standard","meta":{"_bbp_topic_count":0,"_bbp_reply_count":0,"_bbp_total_topic_count":0,"_bbp_total_reply_count":0,"_bbp_voice_count":0,"_bbp_anonymous_reply_count":0,"_bbp_topic_count_hidden":0,"_bbp_reply_count_hidden":0,"_bbp_forum_subforum_count":0,"site-sidebar-layout":"default","site-content-layout":"","ast-site-content-layout":"","site-content-style":"default","site-sidebar-style":"default","ast-global-header-display":"","ast-banner-title-visibility":"","ast-main-header-display":"","ast-hfb-above-header-display":"","ast-hfb-below-header-display":"","ast-hfb-mobile-header-display":"","site-post-title":"","ast-breadcrumbs-content":"","ast-featured-img":"","footer-sml-layout":"","theme-transparent-header-meta":"","adv-header-id-meta":"","stick-header-meta":"","header-above-stick-meta":"","header-main-stick-meta":"","header-below-stick-meta":"","astra-migrate-meta-layouts":"default","ast-page-background-enabled":"default","ast-page-background-meta":{"desktop":{"background-color":"var(--ast-global-color-4)","background-image":"","background-repeat":"repeat","background-position":"center center","background-size":"auto","background-attachment":"scroll","background-type":"","background-media":"","overlay-type":"","overlay-color":"","overlay-opacity":"","overlay-gradient":""},"tablet":{"background-color":"","background-image":"","background-repeat":"repeat","background-position":"center center","background-size":"auto","background-attachment":"scroll","background-type":"","background-media":"","overlay-type":"","overlay-color":"","overlay-opacity":"","overlay-gradient":""},"mobile":{"background-color":"","background-image":"","background-repeat":"repeat","background-position":"center center","background-size":"auto","background-attachment":"scroll","background-type":"","background-media":"","overlay-type":"","overlay-color":"","overlay-opacity":"","overlay-gradient":""}},"ast-content-background-meta":{"desktop":{"background-color":"var(--ast-global-color-5)","background-image":"","background-repeat":"repeat","background-position":"center center","background-size":"auto","background-attachment":"scroll","background-type":"","background-media":"","overlay-type":"","overlay-color":"","overlay-opacity":"","overlay-gradient":""},"tablet":{"background-color":"var(--ast-global-color-5)","background-image":"","background-repeat":"repeat","background-position":"center center","background-size":"auto","background-attachment":"scroll","background-type":"","background-media":"","overlay-type":"","overlay-color":"","overlay-opacity":"","overlay-gradient":""},"mobile":{"background-color":"var(--ast-global-color-5)","background-image":"","background-repeat":"repeat","background-position":"center center","background-size":"auto","background-attachment":"scroll","background-type":"","background-media":"","overlay-type":"","overlay-color":"","overlay-opacity":"","overlay-gradient":""}},"footnotes":""},"categories":[3,8,9,2,4],"tags":[85,71],"class_list":["post-1001","post","type-post","status-publish","format-standard","has-post-thumbnail","hentry","category-i3","category-i4","category-i5","category-infantil","category-portada","tag-colonies","tag-educacio-infantil"],"post_mailing_queue_ids":[],"_links":{"self":[{"href":"https:\/\/agora.xtec.cat\/esc-casserres\/wp-json\/wp\/v2\/posts\/1001","targetHints":{"allow":["GET"]}}],"collection":[{"href":"https:\/\/agora.xtec.cat\/esc-casserres\/wp-json\/wp\/v2\/posts"}],"about":[{"href":"https:\/\/agora.xtec.cat\/esc-casserres\/wp-json\/wp\/v2\/types\/post"}],"author":[{"embeddable":true,"href":"https:\/\/agora.xtec.cat\/esc-casserres\/wp-json\/wp\/v2\/users\/6"}],"replies":[{"embeddable":true,"href":"https:\/\/agora.xtec.cat\/esc-casserres\/wp-json\/wp\/v2\/comments?post=1001"}],"version-history":[{"count":3,"href":"https:\/\/agora.xtec.cat\/esc-casserres\/wp-json\/wp\/v2\/posts\/1001\/revisions"}],"predecessor-version":[{"id":1005,"href":"https:\/\/agora.xtec.cat\/esc-casserres\/wp-json\/wp\/v2\/posts\/1001\/revisions\/1005"}],"wp:featuredmedia":[{"embeddable":true,"href":"https:\/\/agora.xtec.cat\/esc-casserres\/wp-json\/wp\/v2\/media\/1002"}],"wp:attachment":[{"href":"https:\/\/agora.xtec.cat\/esc-casserres\/wp-json\/wp\/v2\/media?parent=1001"}],"wp:term":[{"taxonomy":"category","embeddable":true,"href":"https:\/\/agora.xtec.cat\/esc-casserres\/wp-json\/wp\/v2\/categories?post=1001"},{"taxonomy":"post_tag","embeddable":true,"href":"https:\/\/agora.xtec.cat\/esc-casserres\/wp-json\/wp\/v2\/tags?post=1001"}],"curies":[{"name":"wp","href":"https:\/\/api.w.org\/{rel}","templated":true}]}}