{"id":9715,"date":"2018-02-16T11:19:46","date_gmt":"2018-02-16T10:19:46","guid":{"rendered":"http:\/\/agora.xtec.cat\/esc-cancoll\/?p=9715"},"modified":"2018-02-16T11:47:42","modified_gmt":"2018-02-16T10:47:42","slug":"p3-visita-el-forneret","status":"publish","type":"post","link":"https:\/\/agora.xtec.cat\/esc-cancoll\/infantil\/p3-visita-el-forneret\/","title":{"rendered":"P3 visita &#8220;El Forneret&#8221;"},"content":{"rendered":"<p>&nbsp;<\/p>\n<p><a href=\"http:\/\/agora.xtec.cat\/esc-cancoll\/wp-content\/uploads\/usu1318\/2018\/02\/IMG_1265.jpg\"><img loading=\"lazy\" decoding=\"async\" class=\"alignnone size-large wp-image-9716\" src=\"http:\/\/agora.xtec.cat\/esc-cancoll\/wp-content\/uploads\/usu1318\/2018\/02\/IMG_1265-768x1024.jpg\" alt=\"\" width=\"768\" height=\"1024\" srcset=\"https:\/\/agora.xtec.cat\/esc-cancoll\/wp-content\/uploads\/usu1318\/2018\/02\/IMG_1265-768x1024.jpg 768w, https:\/\/agora.xtec.cat\/esc-cancoll\/wp-content\/uploads\/usu1318\/2018\/02\/IMG_1265-225x300.jpg 225w, https:\/\/agora.xtec.cat\/esc-cancoll\/wp-content\/uploads\/usu1318\/2018\/02\/IMG_1265.jpg 1959w\" sizes=\"auto, (max-width: 768px) 100vw, 768px\" \/><\/a><\/p>\n<p>El passat dimarts els nens i nenes de P3 vam anar a visitar el Forneret per veure com \u00e9s un forn de pa i qu\u00e8 hi podem trobar, per tal d&#8217;agafar idees per fer el nostre forn a l&#8217;escola.<\/p>\n<p>Vam veure moltes coses per\u00f2 el que m\u00e9s ens va agradar\u00a0va ser que vam\u00a0fer pa! El Jordi ens va explicar els ingredients que es necessitaven, els va posar a amassar en una m\u00e0quina molt gran i un cop preparada la massa ens en va donar perqu\u00e8 fessim panets amb diferents formes (xurros, rodones, cargolets&#8230;). Ens ho vam passar d&#8217;all\u00f3 m\u00e9s b\u00e9!!<\/p>\n<p><a href=\"http:\/\/agora.xtec.cat\/esc-cancoll\/fotos\/\" target=\"_blank\" rel=\"noopener noreferrer\">Fotos del Forneret<\/a><\/p>\n<p>&nbsp;<\/p>\n","protected":false},"excerpt":{"rendered":"<p>&nbsp;<br \/>\n<a href=\"http:\/\/agora.xtec.cat\/esc-cancoll\/wp-content\/uploads\/usu1318\/2018\/02\/IMG_1265.jpg\"><\/a><br \/>\nEl passat dimarts els nens i nenes de P3 vam anar a visitar el Forneret per veure com \u00e9s un forn de pa i qu\u00e8 hi podem trobar, per tal d&#8217;agafar idees per fer el nostre forn a l&#8217;escola.<br \/>\nVam veure moltes coses per\u00f2 el&hellip;  <a href=\"https:\/\/agora.xtec.cat\/esc-cancoll\/infantil\/p3-visita-el-forneret\/\" title=\"Read P3 visita &#8220;El Forneret&#8221;\">Llegeix m\u00e9s\u00bb<\/a><\/p>\n","protected":false},"author":20,"featured_media":9716,"comment_status":"open","ping_status":"closed","sticky":false,"template":"","format":"standard","meta":{"_bbp_topic_count":0,"_bbp_reply_count":0,"_bbp_total_topic_count":0,"_bbp_total_reply_count":0,"_bbp_voice_count":0,"_bbp_anonymous_reply_count":0,"_bbp_topic_count_hidden":0,"_bbp_reply_count_hidden":0,"_bbp_forum_subforum_count":0,"footnotes":""},"categories":[2,160,4],"tags":[109,110,188],"class_list":["post-9715","post","type-post","status-publish","format-standard","has-post-thumbnail","hentry","category-infantil","category-p4","category-portada","tag-infantil","tag-p3","tag-sortides-p3"],"post_mailing_queue_ids":[],"_links":{"self":[{"href":"https:\/\/agora.xtec.cat\/esc-cancoll\/wp-json\/wp\/v2\/posts\/9715","targetHints":{"allow":["GET"]}}],"collection":[{"href":"https:\/\/agora.xtec.cat\/esc-cancoll\/wp-json\/wp\/v2\/posts"}],"about":[{"href":"https:\/\/agora.xtec.cat\/esc-cancoll\/wp-json\/wp\/v2\/types\/post"}],"author":[{"embeddable":true,"href":"https:\/\/agora.xtec.cat\/esc-cancoll\/wp-json\/wp\/v2\/users\/20"}],"replies":[{"embeddable":true,"href":"https:\/\/agora.xtec.cat\/esc-cancoll\/wp-json\/wp\/v2\/comments?post=9715"}],"version-history":[{"count":1,"href":"https:\/\/agora.xtec.cat\/esc-cancoll\/wp-json\/wp\/v2\/posts\/9715\/revisions"}],"predecessor-version":[{"id":9717,"href":"https:\/\/agora.xtec.cat\/esc-cancoll\/wp-json\/wp\/v2\/posts\/9715\/revisions\/9717"}],"wp:featuredmedia":[{"embeddable":true,"href":"https:\/\/agora.xtec.cat\/esc-cancoll\/wp-json\/wp\/v2\/media\/9716"}],"wp:attachment":[{"href":"https:\/\/agora.xtec.cat\/esc-cancoll\/wp-json\/wp\/v2\/media?parent=9715"}],"wp:term":[{"taxonomy":"category","embeddable":true,"href":"https:\/\/agora.xtec.cat\/esc-cancoll\/wp-json\/wp\/v2\/categories?post=9715"},{"taxonomy":"post_tag","embeddable":true,"href":"https:\/\/agora.xtec.cat\/esc-cancoll\/wp-json\/wp\/v2\/tags?post=9715"}],"curies":[{"name":"wp","href":"https:\/\/api.w.org\/{rel}","templated":true}]}}