{"id":9534,"date":"2017-12-24T19:29:18","date_gmt":"2017-12-24T18:29:18","guid":{"rendered":"http:\/\/agora.xtec.cat\/esc-cancoll\/?p=9534"},"modified":"2017-12-24T19:29:18","modified_gmt":"2017-12-24T18:29:18","slug":"felicitacio-dels-mestres-pel-10e-aniversari-de-lescola","status":"publish","type":"post","link":"https:\/\/agora.xtec.cat\/esc-cancoll\/portada\/felicitacio-dels-mestres-pel-10e-aniversari-de-lescola\/","title":{"rendered":"Felicitaci\u00f3 dels mestres pel 10\u00e8 aniversari de l&#8217;escola"},"content":{"rendered":"<h2 style=\"text-align: center;\"><span style=\"color: #008000;\">Els mestres de Can Coll hem\u00a0tingut la iniciativa de felicitar els 10 anys de l&#8217;escola\u00a0 enregistrant aquest video. Us convidem a vosaltres, les fam\u00edlies, a que tamb\u00e9 n&#8217;enregistreu un i ens l&#8217;envieu per correu i aix\u00ed poder-los compartir amb tothom.<\/span><\/h2>\n<p style=\"text-align: center;\"><iframe loading=\"lazy\" src=\"https:\/\/www.youtube.com\/embed\/BJubhTayPwg\" width=\"560\" height=\"315\" frameborder=\"0\" allowfullscreen=\"allowfullscreen\"><\/iframe><\/p>\n<h1 style=\"text-align: center;\"><span style=\"color: #99cc00;\">Volem veure els vostres v\u00eddeos, animeu-vos!<\/span><\/h1>\n<p style=\"text-align: center;\">\n","protected":false},"excerpt":{"rendered":"<p>Els mestres de Can Coll hem\u00a0tingut la iniciativa de felicitar els 10 anys de l&#8217;escola\u00a0 enregistrant aquest video. Us convidem a vosaltres, les fam\u00edlies, a que tamb\u00e9 n&#8217;enregistreu un i ens l&#8217;envieu per correu i aix\u00ed poder-los compartir amb tothom.<\/p>\n<p>Volem veure els vostres v\u00eddeos, animeu-vos!<\/p>\n","protected":false},"author":1,"featured_media":9535,"comment_status":"open","ping_status":"closed","sticky":false,"template":"","format":"standard","meta":{"_bbp_topic_count":0,"_bbp_reply_count":0,"_bbp_total_topic_count":0,"_bbp_total_reply_count":0,"_bbp_voice_count":0,"_bbp_anonymous_reply_count":0,"_bbp_topic_count_hidden":0,"_bbp_reply_count_hidden":0,"_bbp_forum_subforum_count":0,"footnotes":""},"categories":[4],"tags":[161],"class_list":["post-9534","post","type-post","status-publish","format-standard","has-post-thumbnail","hentry","category-portada","tag-10e-aniversari"],"post_mailing_queue_ids":[],"_links":{"self":[{"href":"https:\/\/agora.xtec.cat\/esc-cancoll\/wp-json\/wp\/v2\/posts\/9534","targetHints":{"allow":["GET"]}}],"collection":[{"href":"https:\/\/agora.xtec.cat\/esc-cancoll\/wp-json\/wp\/v2\/posts"}],"about":[{"href":"https:\/\/agora.xtec.cat\/esc-cancoll\/wp-json\/wp\/v2\/types\/post"}],"author":[{"embeddable":true,"href":"https:\/\/agora.xtec.cat\/esc-cancoll\/wp-json\/wp\/v2\/users\/1"}],"replies":[{"embeddable":true,"href":"https:\/\/agora.xtec.cat\/esc-cancoll\/wp-json\/wp\/v2\/comments?post=9534"}],"version-history":[{"count":1,"href":"https:\/\/agora.xtec.cat\/esc-cancoll\/wp-json\/wp\/v2\/posts\/9534\/revisions"}],"predecessor-version":[{"id":9536,"href":"https:\/\/agora.xtec.cat\/esc-cancoll\/wp-json\/wp\/v2\/posts\/9534\/revisions\/9536"}],"wp:featuredmedia":[{"embeddable":true,"href":"https:\/\/agora.xtec.cat\/esc-cancoll\/wp-json\/wp\/v2\/media\/9535"}],"wp:attachment":[{"href":"https:\/\/agora.xtec.cat\/esc-cancoll\/wp-json\/wp\/v2\/media?parent=9534"}],"wp:term":[{"taxonomy":"category","embeddable":true,"href":"https:\/\/agora.xtec.cat\/esc-cancoll\/wp-json\/wp\/v2\/categories?post=9534"},{"taxonomy":"post_tag","embeddable":true,"href":"https:\/\/agora.xtec.cat\/esc-cancoll\/wp-json\/wp\/v2\/tags?post=9534"}],"curies":[{"name":"wp","href":"https:\/\/api.w.org\/{rel}","templated":true}]}}