{"id":2092,"date":"2017-05-31T13:22:01","date_gmt":"2017-05-31T11:22:01","guid":{"rendered":"http:\/\/agora.xtec.cat\/esc-cancoll\/?p=2092"},"modified":"2017-05-31T16:09:06","modified_gmt":"2017-05-31T14:09:06","slug":"5e-al-camp-daprenentatge-del-delta-de-lebre","status":"publish","type":"post","link":"https:\/\/agora.xtec.cat\/esc-cancoll\/general\/5e-al-camp-daprenentatge-del-delta-de-lebre\/","title":{"rendered":"5\u00e8 al Camp d&#8217;aprenentatge del Delta de l&#8217;Ebre"},"content":{"rendered":"<p>Aquesta setmana els nois i noies de 5\u00e8 es troben al CdA del Delta de l&#8217;Ebre, a Sant Carles de la R\u00e0pita.<\/p>\n<p>Ahir van estar investigant per tot el poble i, amb l&#8217;ajuda d&#8217;unes tauletes digitals amb gps, descobriment de tresors, enigmes i realitat augmentada, van aprendre molt\u00edssim del municipi. Despr\u00e9s van fer una visita a la llotja on els va cridar l&#8217;atenci\u00f3 el sistema de subhasta de peix i la quantitat de gent treballant all\u00e0.<\/p>\n<p>Avui, tot i que esper\u00e0vem pluges, un sol radiant ens ha acompanyat al vaixell que ens ha dut per la badia, on hem pogut agafar mostres d&#8217;aigua de diferents punts, aix\u00ed com mesurat la fond\u00e0ria i transpar\u00e8ncia de l&#8217;aigua de la pr\u00f2pia badia.<\/p>\n<p>Aquesta tarda podrem analitzar les mostres i esbrinarem qu\u00e8 mengen els musclos.<\/p>\n<p>Tothom est\u00e0 molt b\u00e9,i el personal del Camp d&#8217;aprenentatge est\u00e0 encantat amb els nostres nois i noies.<\/p>\n<p>Dem\u00e0 toca volta pel delta en bicicleta.<\/p>\n<p>Feu-ne un cop d&#8217;ull a les fotos!<\/p>\n","protected":false},"excerpt":{"rendered":"<p>Aquesta setmana els nois i noies de 5\u00e8 es troben al CdA del Delta de l&#8217;Ebre, a Sant Carles de la R\u00e0pita.<br \/>\nAhir van estar investigant per tot el poble i, amb l&#8217;ajuda d&#8217;unes tauletes digitals amb gps, descobriment de tresors, enigmes i realitat augmentada, van&hellip;  <a href=\"https:\/\/agora.xtec.cat\/esc-cancoll\/general\/5e-al-camp-daprenentatge-del-delta-de-lebre\/\" title=\"Read 5\u00e8 al Camp d&#8217;aprenentatge del Delta de l&#8217;Ebre\">Llegeix m\u00e9s\u00bb<\/a><\/p>\n","protected":false},"author":19,"featured_media":2093,"comment_status":"open","ping_status":"closed","sticky":false,"template":"","format":"standard","meta":{"_bbp_topic_count":0,"_bbp_reply_count":0,"_bbp_total_topic_count":0,"_bbp_total_reply_count":0,"_bbp_voice_count":0,"_bbp_anonymous_reply_count":0,"_bbp_topic_count_hidden":0,"_bbp_reply_count_hidden":0,"_bbp_forum_subforum_count":0,"footnotes":""},"categories":[1,14,4],"tags":[59,128,147],"class_list":["post-2092","post","type-post","status-publish","format-standard","has-post-thumbnail","hentry","category-general","category-gr2018","category-portada","tag-5e","tag-colonies","tag-delta-de-lebre"],"post_mailing_queue_ids":[],"_links":{"self":[{"href":"https:\/\/agora.xtec.cat\/esc-cancoll\/wp-json\/wp\/v2\/posts\/2092","targetHints":{"allow":["GET"]}}],"collection":[{"href":"https:\/\/agora.xtec.cat\/esc-cancoll\/wp-json\/wp\/v2\/posts"}],"about":[{"href":"https:\/\/agora.xtec.cat\/esc-cancoll\/wp-json\/wp\/v2\/types\/post"}],"author":[{"embeddable":true,"href":"https:\/\/agora.xtec.cat\/esc-cancoll\/wp-json\/wp\/v2\/users\/19"}],"replies":[{"embeddable":true,"href":"https:\/\/agora.xtec.cat\/esc-cancoll\/wp-json\/wp\/v2\/comments?post=2092"}],"version-history":[{"count":2,"href":"https:\/\/agora.xtec.cat\/esc-cancoll\/wp-json\/wp\/v2\/posts\/2092\/revisions"}],"predecessor-version":[{"id":2095,"href":"https:\/\/agora.xtec.cat\/esc-cancoll\/wp-json\/wp\/v2\/posts\/2092\/revisions\/2095"}],"wp:featuredmedia":[{"embeddable":true,"href":"https:\/\/agora.xtec.cat\/esc-cancoll\/wp-json\/wp\/v2\/media\/2093"}],"wp:attachment":[{"href":"https:\/\/agora.xtec.cat\/esc-cancoll\/wp-json\/wp\/v2\/media?parent=2092"}],"wp:term":[{"taxonomy":"category","embeddable":true,"href":"https:\/\/agora.xtec.cat\/esc-cancoll\/wp-json\/wp\/v2\/categories?post=2092"},{"taxonomy":"post_tag","embeddable":true,"href":"https:\/\/agora.xtec.cat\/esc-cancoll\/wp-json\/wp\/v2\/tags?post=2092"}],"curies":[{"name":"wp","href":"https:\/\/api.w.org\/{rel}","templated":true}]}}