{"id":1786,"date":"2017-03-24T16:02:03","date_gmt":"2017-03-24T15:02:03","guid":{"rendered":"http:\/\/agora.xtec.cat\/esc-cancoll\/?p=1786"},"modified":"2017-03-29T10:18:24","modified_gmt":"2017-03-29T08:18:24","slug":"els-nens-de-5e-del-projecte-ajudem-als-petits-venen-a-tocar-la-guitarra-marc","status":"publish","type":"post","link":"https:\/\/agora.xtec.cat\/esc-cancoll\/general\/els-nens-de-5e-del-projecte-ajudem-als-petits-venen-a-tocar-la-guitarra-marc\/","title":{"rendered":"Els nens de 5\u00e8 del projecte &#8220;Ajudem als Petits&#8221; venen a tocar la Guitarra. Mar\u00e7"},"content":{"rendered":"<p>Avui els nens de 5\u00e8 del projecte &#8220;Ajudem als Petits&#8221; han vingut amb molta il\u00b7lusi\u00f3 a tocar la guitarra. Ho han fet fant\u00e0stic.<\/p>\n<p>Guitarristes: Lluc i Pol<\/p>\n<p>Percussi\u00f3: Jan i Nil<\/p>\n<p>Ajudants: Claudia i Gabi.<\/p>\n<p><a href=\"http:\/\/agora.xtec.cat\/esc-cancoll\/wp-content\/uploads\/usu1318\/2017\/03\/20170324_152150.jpg\"><img loading=\"lazy\" decoding=\"async\" class=\"alignnone size-large wp-image-1787\" src=\"http:\/\/agora.xtec.cat\/esc-cancoll\/wp-content\/uploads\/usu1318\/2017\/03\/20170324_152150-1024x576.jpg\" alt=\"20170324_152150\" width=\"1024\" height=\"576\" srcset=\"https:\/\/agora.xtec.cat\/esc-cancoll\/wp-content\/uploads\/usu1318\/2017\/03\/20170324_152150-1024x576.jpg 1024w, https:\/\/agora.xtec.cat\/esc-cancoll\/wp-content\/uploads\/usu1318\/2017\/03\/20170324_152150-300x169.jpg 300w, https:\/\/agora.xtec.cat\/esc-cancoll\/wp-content\/uploads\/usu1318\/2017\/03\/20170324_152150-768x432.jpg 768w, https:\/\/agora.xtec.cat\/esc-cancoll\/wp-content\/uploads\/usu1318\/2017\/03\/20170324_152150.jpg 1076w\" sizes=\"auto, (max-width: 1024px) 100vw, 1024px\" \/><\/a><\/p>\n<p><a href=\"http:\/\/agora.xtec.cat\/esc-cancoll\/fotos\" target=\"_blank\">Clicar per veure fotos i v\u00eddeos<\/a><\/p>\n","protected":false},"excerpt":{"rendered":"<p>Els nens de 5\u00e8 de Projectes &#8220;Ajudem als Petits&#8221; venen a tocar la Guitarra.&hellip;  <a href=\"https:\/\/agora.xtec.cat\/esc-cancoll\/general\/els-nens-de-5e-del-projecte-ajudem-als-petits-venen-a-tocar-la-guitarra-marc\/\" title=\"Read Els nens de 5\u00e8 del projecte &#8220;Ajudem als Petits&#8221; venen a tocar la Guitarra. Mar\u00e7\">Llegeix m\u00e9s\u00bb<\/a><\/p>\n","protected":false},"author":7,"featured_media":1787,"comment_status":"open","ping_status":"open","sticky":false,"template":"","format":"standard","meta":{"_bbp_topic_count":0,"_bbp_reply_count":0,"_bbp_total_topic_count":0,"_bbp_total_reply_count":0,"_bbp_voice_count":0,"_bbp_anonymous_reply_count":0,"_bbp_topic_count_hidden":0,"_bbp_reply_count_hidden":0,"_bbp_forum_subforum_count":0,"footnotes":""},"categories":[8,1,2,3,4],"tags":[109,114],"class_list":["post-1786","post","type-post","status-publish","format-standard","has-post-thumbnail","hentry","category-1r","category-general","category-infantil","category-p5","category-portada","tag-infantil","tag-projectes"],"post_mailing_queue_ids":[],"_links":{"self":[{"href":"https:\/\/agora.xtec.cat\/esc-cancoll\/wp-json\/wp\/v2\/posts\/1786","targetHints":{"allow":["GET"]}}],"collection":[{"href":"https:\/\/agora.xtec.cat\/esc-cancoll\/wp-json\/wp\/v2\/posts"}],"about":[{"href":"https:\/\/agora.xtec.cat\/esc-cancoll\/wp-json\/wp\/v2\/types\/post"}],"author":[{"embeddable":true,"href":"https:\/\/agora.xtec.cat\/esc-cancoll\/wp-json\/wp\/v2\/users\/7"}],"replies":[{"embeddable":true,"href":"https:\/\/agora.xtec.cat\/esc-cancoll\/wp-json\/wp\/v2\/comments?post=1786"}],"version-history":[{"count":2,"href":"https:\/\/agora.xtec.cat\/esc-cancoll\/wp-json\/wp\/v2\/posts\/1786\/revisions"}],"predecessor-version":[{"id":1789,"href":"https:\/\/agora.xtec.cat\/esc-cancoll\/wp-json\/wp\/v2\/posts\/1786\/revisions\/1789"}],"wp:featuredmedia":[{"embeddable":true,"href":"https:\/\/agora.xtec.cat\/esc-cancoll\/wp-json\/wp\/v2\/media\/1787"}],"wp:attachment":[{"href":"https:\/\/agora.xtec.cat\/esc-cancoll\/wp-json\/wp\/v2\/media?parent=1786"}],"wp:term":[{"taxonomy":"category","embeddable":true,"href":"https:\/\/agora.xtec.cat\/esc-cancoll\/wp-json\/wp\/v2\/categories?post=1786"},{"taxonomy":"post_tag","embeddable":true,"href":"https:\/\/agora.xtec.cat\/esc-cancoll\/wp-json\/wp\/v2\/tags?post=1786"}],"curies":[{"name":"wp","href":"https:\/\/api.w.org\/{rel}","templated":true}]}}