{"id":11202,"date":"2020-01-22T13:05:36","date_gmt":"2020-01-22T12:05:36","guid":{"rendered":"http:\/\/agora.xtec.cat\/esc-cancoll\/?p=11202"},"modified":"2020-01-22T13:05:36","modified_gmt":"2020-01-22T12:05:36","slug":"taller-sobre-lus-de-pantalles-per-pares-i-mares","status":"publish","type":"post","link":"https:\/\/agora.xtec.cat\/esc-cancoll\/portada\/taller-sobre-lus-de-pantalles-per-pares-i-mares\/","title":{"rendered":"Taller sobre l&#8217;\u00fas de pantalles per pares i mares"},"content":{"rendered":"<h3>Taller per pares i mares que es fa el dimarts 5 de febrer al Casal de Joves &#8220;El Club&#8221;.<\/h3>\n<h3>En aquest tractaran l&#8217;\u00fas de pantalles per part dels adolescents, des de la reflexi\u00f3 i l&#8217;experi\u00e8ncia pr\u00f2pia, intentant donar respostes, eines i recursos.<\/h3>\n<h3>Est\u00e0 pensat per pares i mares de nois i noies des de 5\u00e8 de prim\u00e0ria fins a 4t d&#8217;ESO.<\/h3>\n<h3><\/h3>\n<p style=\"text-align: center;\"><a href=\"https:\/\/agora.xtec.cat\/esc-cancoll\/wp-content\/uploads\/usu1318\/2020\/01\/unnamed.png\"><img loading=\"lazy\" decoding=\"async\" class=\"alignnone size-full wp-image-11203\" src=\"https:\/\/agora.xtec.cat\/esc-cancoll\/wp-content\/uploads\/usu1318\/2020\/01\/unnamed.png\" alt=\"\" width=\"800\" height=\"800\" srcset=\"https:\/\/agora.xtec.cat\/esc-cancoll\/wp-content\/uploads\/usu1318\/2020\/01\/unnamed.png 800w, https:\/\/agora.xtec.cat\/esc-cancoll\/wp-content\/uploads\/usu1318\/2020\/01\/unnamed-150x150.png 150w, https:\/\/agora.xtec.cat\/esc-cancoll\/wp-content\/uploads\/usu1318\/2020\/01\/unnamed-300x300.png 300w, https:\/\/agora.xtec.cat\/esc-cancoll\/wp-content\/uploads\/usu1318\/2020\/01\/unnamed-768x768.png 768w\" sizes=\"auto, (max-width: 800px) 100vw, 800px\" \/><\/a><\/p>\n","protected":false},"excerpt":{"rendered":"<p>Taller per pares i mares que es fa el dimarts 5 de febrer al Casal de Joves &#8220;El Club&#8221;.<br \/>\nEn aquest tractaran l&#8217;\u00fas de pantalles per part dels adolescents, des de la reflexi\u00f3 i l&#8217;experi\u00e8ncia pr\u00f2pia, intentant donar respostes, eines i recursos.<br \/>\nEst\u00e0 pensat per pares i&hellip;  <a href=\"https:\/\/agora.xtec.cat\/esc-cancoll\/portada\/taller-sobre-lus-de-pantalles-per-pares-i-mares\/\" title=\"Read Taller sobre l&#8217;\u00fas de pantalles per pares i mares\">Llegeix m\u00e9s\u00bb<\/a><\/p>\n","protected":false},"author":5,"featured_media":11203,"comment_status":"open","ping_status":"closed","sticky":false,"template":"","format":"standard","meta":{"_bbp_topic_count":0,"_bbp_reply_count":0,"_bbp_total_topic_count":0,"_bbp_total_reply_count":0,"_bbp_voice_count":0,"_bbp_anonymous_reply_count":0,"_bbp_topic_count_hidden":0,"_bbp_reply_count_hidden":0,"_bbp_forum_subforum_count":0,"footnotes":""},"categories":[4],"tags":[],"class_list":["post-11202","post","type-post","status-publish","format-standard","has-post-thumbnail","hentry","category-portada"],"post_mailing_queue_ids":[],"_links":{"self":[{"href":"https:\/\/agora.xtec.cat\/esc-cancoll\/wp-json\/wp\/v2\/posts\/11202","targetHints":{"allow":["GET"]}}],"collection":[{"href":"https:\/\/agora.xtec.cat\/esc-cancoll\/wp-json\/wp\/v2\/posts"}],"about":[{"href":"https:\/\/agora.xtec.cat\/esc-cancoll\/wp-json\/wp\/v2\/types\/post"}],"author":[{"embeddable":true,"href":"https:\/\/agora.xtec.cat\/esc-cancoll\/wp-json\/wp\/v2\/users\/5"}],"replies":[{"embeddable":true,"href":"https:\/\/agora.xtec.cat\/esc-cancoll\/wp-json\/wp\/v2\/comments?post=11202"}],"version-history":[{"count":1,"href":"https:\/\/agora.xtec.cat\/esc-cancoll\/wp-json\/wp\/v2\/posts\/11202\/revisions"}],"predecessor-version":[{"id":11204,"href":"https:\/\/agora.xtec.cat\/esc-cancoll\/wp-json\/wp\/v2\/posts\/11202\/revisions\/11204"}],"wp:featuredmedia":[{"embeddable":true,"href":"https:\/\/agora.xtec.cat\/esc-cancoll\/wp-json\/wp\/v2\/media\/11203"}],"wp:attachment":[{"href":"https:\/\/agora.xtec.cat\/esc-cancoll\/wp-json\/wp\/v2\/media?parent=11202"}],"wp:term":[{"taxonomy":"category","embeddable":true,"href":"https:\/\/agora.xtec.cat\/esc-cancoll\/wp-json\/wp\/v2\/categories?post=11202"},{"taxonomy":"post_tag","embeddable":true,"href":"https:\/\/agora.xtec.cat\/esc-cancoll\/wp-json\/wp\/v2\/tags?post=11202"}],"curies":[{"name":"wp","href":"https:\/\/api.w.org\/{rel}","templated":true}]}}