{"id":10115,"date":"2018-06-08T12:57:54","date_gmt":"2018-06-08T10:57:54","guid":{"rendered":"http:\/\/agora.xtec.cat\/esc-cancoll\/?p=10115"},"modified":"2018-09-28T10:07:18","modified_gmt":"2018-09-28T08:07:18","slug":"concert-dolesa-de-montserrat-jacksonvila-3r","status":"publish","type":"post","link":"https:\/\/agora.xtec.cat\/esc-cancoll\/portada\/concert-dolesa-de-montserrat-jacksonvila-3r\/","title":{"rendered":"Concert d&#8217;Olesa de Montserrat &#8211; JACKSONVILA &#8211; 3r"},"content":{"rendered":"<h2 style=\"text-align: center;\"><span style=\"color: #339966;\">El dimecres 23 de maig, com ja \u00e9s habitual, vam anar a fer el concert al teatre de La Passi\u00f3 a Olesa de Montserrat.<\/span><\/h2>\n<h2 style=\"text-align: center;\"><span style=\"color: #339966;\">Ja port\u00e0vem uns quants dies assajant les can\u00e7ons i el ball que, tot i els nervis de l&#8217;assaig general, finalment van sortir a la perfecci\u00f3.<\/span><\/h2>\n<p><iframe loading=\"lazy\" src=\"https:\/\/www.youtube.com\/embed\/bqUiAR1upUU\" width=\"560\" height=\"315\" frameborder=\"0\" allowfullscreen=\"allowfullscreen\"><\/iframe><\/p>\n<p><iframe loading=\"lazy\" src=\"https:\/\/www.youtube.com\/embed\/qa8SmYtDnCw\" width=\"560\" height=\"315\" frameborder=\"0\" allowfullscreen=\"allowfullscreen\"><\/iframe><\/p>\n<p>Us deixem l&#8217;enlla\u00e7 a les fotografies i tamb\u00e9 el de la p\u00e0gina web dels Serveis Educatius, on podreu veure un bon reportatge de tot l&#8217;esdeveniment.<\/p>\n<p><a href=\"https:\/\/photos.app.goo.gl\/IRuNaMYFWHzk05LC2\" target=\"_blank\" rel=\"noopener noreferrer\">FOTOS DE L&#8217;ASSAIG<\/a><\/p>\n<p><a href=\"https:\/\/photos.app.goo.gl\/afZYyoQodq5ls06F2\" target=\"_blank\" rel=\"noopener noreferrer\">FOTOS DE L&#8217;ESPECTACLE<\/a><\/p>\n<p><a href=\"http:\/\/serveiseducatius.xtec.cat\/baixllobregat6\/jacksonvila\/\">http:\/\/serveiseducatius.xtec.cat\/baixllobregat6\/jacksonvila\/<\/a><\/p>\n<p>&nbsp;<\/p>\n","protected":false},"excerpt":{"rendered":"<p>El dimecres 23 de maig, com ja \u00e9s habitual, vam anar a fer el concert al teatre de La Passi\u00f3 a Olesa de Montserrat.<br \/>\nJa port\u00e0vem uns quants dies assajant les can\u00e7ons i el ball que, tot i els nervis de l&#8217;assaig general, finalment van sortir&hellip;  <a href=\"https:\/\/agora.xtec.cat\/esc-cancoll\/portada\/concert-dolesa-de-montserrat-jacksonvila-3r\/\" title=\"Read Concert d&#8217;Olesa de Montserrat &#8211; JACKSONVILA &#8211; 3r\">Llegeix m\u00e9s\u00bb<\/a><\/p>\n","protected":false},"author":5,"featured_media":10116,"comment_status":"open","ping_status":"closed","sticky":false,"template":"","format":"standard","meta":{"_bbp_topic_count":0,"_bbp_reply_count":0,"_bbp_total_topic_count":0,"_bbp_total_reply_count":0,"_bbp_voice_count":0,"_bbp_anonymous_reply_count":0,"_bbp_topic_count_hidden":0,"_bbp_reply_count_hidden":0,"_bbp_forum_subforum_count":0,"footnotes":""},"categories":[11,57,4,5],"tags":[73],"class_list":["post-10115","post","type-post","status-publish","format-standard","has-post-thumbnail","hentry","category-4t","category-musica","category-portada","category-primaria","tag-musica"],"post_mailing_queue_ids":[],"_links":{"self":[{"href":"https:\/\/agora.xtec.cat\/esc-cancoll\/wp-json\/wp\/v2\/posts\/10115","targetHints":{"allow":["GET"]}}],"collection":[{"href":"https:\/\/agora.xtec.cat\/esc-cancoll\/wp-json\/wp\/v2\/posts"}],"about":[{"href":"https:\/\/agora.xtec.cat\/esc-cancoll\/wp-json\/wp\/v2\/types\/post"}],"author":[{"embeddable":true,"href":"https:\/\/agora.xtec.cat\/esc-cancoll\/wp-json\/wp\/v2\/users\/5"}],"replies":[{"embeddable":true,"href":"https:\/\/agora.xtec.cat\/esc-cancoll\/wp-json\/wp\/v2\/comments?post=10115"}],"version-history":[{"count":3,"href":"https:\/\/agora.xtec.cat\/esc-cancoll\/wp-json\/wp\/v2\/posts\/10115\/revisions"}],"predecessor-version":[{"id":10119,"href":"https:\/\/agora.xtec.cat\/esc-cancoll\/wp-json\/wp\/v2\/posts\/10115\/revisions\/10119"}],"wp:featuredmedia":[{"embeddable":true,"href":"https:\/\/agora.xtec.cat\/esc-cancoll\/wp-json\/wp\/v2\/media\/10116"}],"wp:attachment":[{"href":"https:\/\/agora.xtec.cat\/esc-cancoll\/wp-json\/wp\/v2\/media?parent=10115"}],"wp:term":[{"taxonomy":"category","embeddable":true,"href":"https:\/\/agora.xtec.cat\/esc-cancoll\/wp-json\/wp\/v2\/categories?post=10115"},{"taxonomy":"post_tag","embeddable":true,"href":"https:\/\/agora.xtec.cat\/esc-cancoll\/wp-json\/wp\/v2\/tags?post=10115"}],"curies":[{"name":"wp","href":"https:\/\/api.w.org\/{rel}","templated":true}]}}