{"id":8406,"date":"2021-02-15T09:59:55","date_gmt":"2021-02-15T08:59:55","guid":{"rendered":"http:\/\/agora.xtec.cat\/esc-banyeres\/?p=8406"},"modified":"2021-02-15T10:00:11","modified_gmt":"2021-02-15T09:00:11","slug":"celebracio-mes-pau-casal-2020","status":"publish","type":"post","link":"https:\/\/agora.xtec.cat\/esc-banyeres\/especialitats-2\/educacio-musical\/celebracio-mes-pau-casal-2020\/","title":{"rendered":"CELEBRACI\u00d3 MES PAU CASAL 2020"},"content":{"rendered":"<p><a href=\"https:\/\/agora.xtec.cat\/esc-banyeres\/wp-content\/uploads\/usu294\/2021\/02\/mes-pau-casals.jpg\"><img loading=\"lazy\" decoding=\"async\" src=\"https:\/\/agora.xtec.cat\/esc-banyeres\/wp-content\/uploads\/usu294\/2021\/02\/mes-pau-casals-224x300.jpg\" alt=\"\" width=\"224\" height=\"300\" class=\"alignnone size-medium wp-image-8408\" srcset=\"https:\/\/agora.xtec.cat\/esc-banyeres\/wp-content\/uploads\/usu294\/2021\/02\/mes-pau-casals-224x300.jpg 224w, https:\/\/agora.xtec.cat\/esc-banyeres\/wp-content\/uploads\/usu294\/2021\/02\/mes-pau-casals.jpg 566w\" sizes=\"auto, (max-width: 224px) 100vw, 224px\" \/><\/a><\/p>\n<p>Benvolgudes fam\u00edlies, durant el tercer trimestre d&#8217;aquest curs, tot i estar confinats, hem continuat treballant des de casa.<br \/>\nL&#8217;alumnat de 5\u00e8 ha participat en la celebraci\u00f3 del mes Pau Casals 2020, elaborant uns treballs sobre la figura del m\u00fasic.<br \/>\nEls alumnes van participat tamb\u00e9, en la gravaci\u00f3 del programa que la televisi\u00f3 del Vendrell va enregistrar per a la Jornada d&#8217;inauguraci\u00f3 d&#8217;aquest acte.<br \/>\nDes de l&#8217;escola i l&#8217;AMPC donem les gr\u00e0cies als alumnes i les seves fam\u00edlies, per ajudar-nos a promoure els valors de la Pau i la M\u00fasica que el gran mestre va  promoure arreu del m\u00f3n,<br \/>\nUs deixem l&#8217;enlla\u00e7 del programa de televisi\u00f3 i al minut 16:00 trobareu l&#8217;exposici\u00f3 dels vostres fills i filles.<\/p>\n<p><a href=\"https:\/\/www.rtvelvendrell.cat\/mes-pau-casals-musica-i-poesia\/\">JORNADA D&#8217;INAUGURACI\u00d3 MES PAU CASALS 2020<\/a><br \/>\nMoltes gr\u00e0cies<\/p>\n","protected":false},"excerpt":{"rendered":"<p>Benvolgudes fam\u00edlies, durant el tercer trimestre d&#8217;aquest curs, tot i estar confinats, hem continuat treballant des de casa. L&#8217;alumnat de 5\u00e8 ha participat en la celebraci\u00f3 del mes Pau Casals 2020, elaborant uns treballs sobre la figura del m\u00fasic. Els alumnes van participat tamb\u00e9, en la gravaci\u00f3 del programa que la televisi\u00f3 del Vendrell va [&hellip;]<\/p>\n","protected":false},"author":1,"featured_media":0,"comment_status":"open","ping_status":"closed","sticky":false,"template":"","format":"standard","meta":{"_bbp_topic_count":0,"_bbp_reply_count":0,"_bbp_total_topic_count":0,"_bbp_total_reply_count":0,"_bbp_voice_count":0,"_bbp_anonymous_reply_count":0,"_bbp_topic_count_hidden":0,"_bbp_reply_count_hidden":0,"_bbp_forum_subforum_count":0,"site-sidebar-layout":"default","site-content-layout":"","ast-site-content-layout":"","site-content-style":"default","site-sidebar-style":"default","ast-global-header-display":"","ast-banner-title-visibility":"","ast-main-header-display":"","ast-hfb-above-header-display":"","ast-hfb-below-header-display":"","ast-hfb-mobile-header-display":"","site-post-title":"","ast-breadcrumbs-content":"","ast-featured-img":"","footer-sml-layout":"","theme-transparent-header-meta":"","adv-header-id-meta":"","stick-header-meta":"","header-above-stick-meta":"","header-main-stick-meta":"","header-below-stick-meta":"","astra-migrate-meta-layouts":"default","ast-page-background-enabled":"default","ast-page-background-meta":{"desktop":{"background-color":"var(--ast-global-color-4)","background-image":"","background-repeat":"repeat","background-position":"center center","background-size":"auto","background-attachment":"scroll","background-type":"","background-media":"","overlay-type":"","overlay-color":"","overlay-opacity":"","overlay-gradient":""},"tablet":{"background-color":"","background-image":"","background-repeat":"repeat","background-position":"center center","background-size":"auto","background-attachment":"scroll","background-type":"","background-media":"","overlay-type":"","overlay-color":"","overlay-opacity":"","overlay-gradient":""},"mobile":{"background-color":"","background-image":"","background-repeat":"repeat","background-position":"center center","background-size":"auto","background-attachment":"scroll","background-type":"","background-media":"","overlay-type":"","overlay-color":"","overlay-opacity":"","overlay-gradient":""}},"ast-content-background-meta":{"desktop":{"background-color":"var(--ast-global-color-5)","background-image":"","background-repeat":"repeat","background-position":"center center","background-size":"auto","background-attachment":"scroll","background-type":"","background-media":"","overlay-type":"","overlay-color":"","overlay-opacity":"","overlay-gradient":""},"tablet":{"background-color":"var(--ast-global-color-5)","background-image":"","background-repeat":"repeat","background-position":"center center","background-size":"auto","background-attachment":"scroll","background-type":"","background-media":"","overlay-type":"","overlay-color":"","overlay-opacity":"","overlay-gradient":""},"mobile":{"background-color":"var(--ast-global-color-5)","background-image":"","background-repeat":"repeat","background-position":"center center","background-size":"auto","background-attachment":"scroll","background-type":"","background-media":"","overlay-type":"","overlay-color":"","overlay-opacity":"","overlay-gradient":""}},"footnotes":""},"categories":[93],"tags":[],"class_list":["post-8406","post","type-post","status-publish","format-standard","hentry","category-educacio-musical"],"post_mailing_queue_ids":[],"_links":{"self":[{"href":"https:\/\/agora.xtec.cat\/esc-banyeres\/wp-json\/wp\/v2\/posts\/8406","targetHints":{"allow":["GET"]}}],"collection":[{"href":"https:\/\/agora.xtec.cat\/esc-banyeres\/wp-json\/wp\/v2\/posts"}],"about":[{"href":"https:\/\/agora.xtec.cat\/esc-banyeres\/wp-json\/wp\/v2\/types\/post"}],"author":[{"embeddable":true,"href":"https:\/\/agora.xtec.cat\/esc-banyeres\/wp-json\/wp\/v2\/users\/1"}],"replies":[{"embeddable":true,"href":"https:\/\/agora.xtec.cat\/esc-banyeres\/wp-json\/wp\/v2\/comments?post=8406"}],"version-history":[{"count":3,"href":"https:\/\/agora.xtec.cat\/esc-banyeres\/wp-json\/wp\/v2\/posts\/8406\/revisions"}],"predecessor-version":[{"id":8425,"href":"https:\/\/agora.xtec.cat\/esc-banyeres\/wp-json\/wp\/v2\/posts\/8406\/revisions\/8425"}],"wp:attachment":[{"href":"https:\/\/agora.xtec.cat\/esc-banyeres\/wp-json\/wp\/v2\/media?parent=8406"}],"wp:term":[{"taxonomy":"category","embeddable":true,"href":"https:\/\/agora.xtec.cat\/esc-banyeres\/wp-json\/wp\/v2\/categories?post=8406"},{"taxonomy":"post_tag","embeddable":true,"href":"https:\/\/agora.xtec.cat\/esc-banyeres\/wp-json\/wp\/v2\/tags?post=8406"}],"curies":[{"name":"wp","href":"https:\/\/api.w.org\/{rel}","templated":true}]}}