{"id":7858,"date":"2020-06-01T17:15:20","date_gmt":"2020-06-01T15:15:20","guid":{"rendered":"http:\/\/agora.xtec.cat\/esc-banyeres\/?p=7858"},"modified":"2020-06-01T21:00:38","modified_gmt":"2020-06-01T19:00:38","slug":"tasques-classe-de-1r-setmana-de-l1-al-8-de-juny","status":"publish","type":"post","link":"https:\/\/agora.xtec.cat\/esc-banyeres\/cicle-inicial\/primer\/tasques-classe-de-1r-setmana-de-l1-al-8-de-juny\/","title":{"rendered":"Tasques classe de 1r: SETMANA DE L&#8217;1 AL 8 DE JUNY"},"content":{"rendered":"<p><strong>LENGUA CASTELLANA<\/strong><\/p>\n<p>LEER Y COMPRENDER:<\/p>\n<p>\u00bfTe atreves con estos retos?<\/p>\n<p><a href=\"https:\/\/agora.xtec.cat\/esc-banyeres\/wp-content\/uploads\/usu294\/2020\/06\/retos-1.jpg\"><img loading=\"lazy\" decoding=\"async\" class=\"alignnone size-full wp-image-7859\" src=\"https:\/\/agora.xtec.cat\/esc-banyeres\/wp-content\/uploads\/usu294\/2020\/06\/retos-1.jpg\" alt=\"\" width=\"670\" height=\"595\" srcset=\"https:\/\/agora.xtec.cat\/esc-banyeres\/wp-content\/uploads\/usu294\/2020\/06\/retos-1.jpg 670w, https:\/\/agora.xtec.cat\/esc-banyeres\/wp-content\/uploads\/usu294\/2020\/06\/retos-1-300x266.jpg 300w\" sizes=\"auto, (max-width: 670px) 100vw, 670px\" \/><\/a><\/p>\n<p><a href=\"https:\/\/agora.xtec.cat\/esc-banyeres\/wp-content\/uploads\/usu294\/2020\/06\/retos-2.jpg\"><img loading=\"lazy\" decoding=\"async\" class=\"alignnone size-full wp-image-7860\" src=\"https:\/\/agora.xtec.cat\/esc-banyeres\/wp-content\/uploads\/usu294\/2020\/06\/retos-2.jpg\" alt=\"\" width=\"680\" height=\"619\" srcset=\"https:\/\/agora.xtec.cat\/esc-banyeres\/wp-content\/uploads\/usu294\/2020\/06\/retos-2.jpg 680w, https:\/\/agora.xtec.cat\/esc-banyeres\/wp-content\/uploads\/usu294\/2020\/06\/retos-2-300x273.jpg 300w\" sizes=\"auto, (max-width: 680px) 100vw, 680px\" \/><\/a><\/p>\n<p>ACTIVIDAD OPCIONAL:<\/p>\n<p>Escribe la letra inicial de cada dibujo y encuentra la palabra escondida.<\/p>\n<p><a href=\"https:\/\/agora.xtec.cat\/esc-banyeres\/wp-content\/uploads\/usu294\/2020\/06\/PARLABRAS-SECRETAS.jpg\"><img loading=\"lazy\" decoding=\"async\" class=\"alignnone size-full wp-image-7861\" src=\"https:\/\/agora.xtec.cat\/esc-banyeres\/wp-content\/uploads\/usu294\/2020\/06\/PARLABRAS-SECRETAS.jpg\" alt=\"\" width=\"670\" height=\"493\" srcset=\"https:\/\/agora.xtec.cat\/esc-banyeres\/wp-content\/uploads\/usu294\/2020\/06\/PARLABRAS-SECRETAS.jpg 670w, https:\/\/agora.xtec.cat\/esc-banyeres\/wp-content\/uploads\/usu294\/2020\/06\/PARLABRAS-SECRETAS-300x221.jpg 300w\" sizes=\"auto, (max-width: 670px) 100vw, 670px\" \/><\/a><\/p>\n<p>&nbsp;<\/p>\n<p><strong>MEDI SOCIAL<\/strong><\/p>\n<ol>\n<li>Entra en el seg\u00fcent enlla\u00e7 i mira el v\u00eddeo. Abracen arbres a Isl\u00e0ndia.<\/li>\n<\/ol>\n<p><a href=\"https:\/\/www.ccma.cat\/tv3\/super3\/infok\/abracen-arbres-a-islandia\/video\/6040653\/\">https:\/\/www.ccma.cat\/tv3\/super3\/infok\/abracen-arbres-a-islandia\/video\/6040653\/<\/a><\/p>\n<p>2. Fes un v\u00eddeo o un audio explicant:<\/p>\n<ul>\n<li>A qui o a qu\u00e8 fas abra\u00e7ades durant el confinament? Si vols pots demanar a alg\u00fa de casa que et faci una foto abra\u00e7ant una persona o una cosa que t\u2019estimis molt: poden ser els pares, els germans, la teva mascota, la teva joguina preferida\u2026 o fins i tot un arbre, \u00e9s clar.<\/li>\n<li>Per qu\u00e8 t&#8217;agrada tant aquesta persona o cosa?<\/li>\n<\/ul>\n<p>&nbsp;<\/p>\n<p><strong>PL\u00c0STICA<\/strong><\/p>\n<p>Creacions amb fruita.<\/p>\n<ol>\n<li>Fixa&#8217;t en alguns dels exemples que hi ha a continuaci\u00f3:<a href=\"https:\/\/agora.xtec.cat\/esc-banyeres\/wp-content\/uploads\/usu294\/2020\/06\/19025968-postre-de-frutas-creativa-con-kiwi-pl\u00e1tano-cereza-y-naranja-forma-palmera.jpg\"><img loading=\"lazy\" decoding=\"async\" class=\"alignnone size-large wp-image-7864\" src=\"https:\/\/agora.xtec.cat\/esc-banyeres\/wp-content\/uploads\/usu294\/2020\/06\/19025968-postre-de-frutas-creativa-con-kiwi-pl\u00e1tano-cereza-y-naranja-forma-palmera-1024x1024.jpg\" alt=\"\" width=\"1024\" height=\"1024\" srcset=\"https:\/\/agora.xtec.cat\/esc-banyeres\/wp-content\/uploads\/usu294\/2020\/06\/19025968-postre-de-frutas-creativa-con-kiwi-pl\u00e1tano-cereza-y-naranja-forma-palmera-1024x1024.jpg 1024w, https:\/\/agora.xtec.cat\/esc-banyeres\/wp-content\/uploads\/usu294\/2020\/06\/19025968-postre-de-frutas-creativa-con-kiwi-pl\u00e1tano-cereza-y-naranja-forma-palmera-150x150.jpg 150w, https:\/\/agora.xtec.cat\/esc-banyeres\/wp-content\/uploads\/usu294\/2020\/06\/19025968-postre-de-frutas-creativa-con-kiwi-pl\u00e1tano-cereza-y-naranja-forma-palmera-300x300.jpg 300w, https:\/\/agora.xtec.cat\/esc-banyeres\/wp-content\/uploads\/usu294\/2020\/06\/19025968-postre-de-frutas-creativa-con-kiwi-pl\u00e1tano-cereza-y-naranja-forma-palmera-768x769.jpg 768w, https:\/\/agora.xtec.cat\/esc-banyeres\/wp-content\/uploads\/usu294\/2020\/06\/19025968-postre-de-frutas-creativa-con-kiwi-pl\u00e1tano-cereza-y-naranja-forma-palmera.jpg 1299w\" sizes=\"auto, (max-width: 1024px) 100vw, 1024px\" \/><\/a><a href=\"https:\/\/agora.xtec.cat\/esc-banyeres\/wp-content\/uploads\/usu294\/2020\/06\/41373702-creativo-postre-de-frutas-para-el-ni\u00f1o-forma-divertida-p\u00e1jaro-del-pavo-real.jpg\"><img loading=\"lazy\" decoding=\"async\" class=\"size-large wp-image-7865\" src=\"https:\/\/agora.xtec.cat\/esc-banyeres\/wp-content\/uploads\/usu294\/2020\/06\/41373702-creativo-postre-de-frutas-para-el-ni\u00f1o-forma-divertida-p\u00e1jaro-del-pavo-real-1024x806.jpg\" alt=\"\" width=\"1024\" height=\"806\" srcset=\"https:\/\/agora.xtec.cat\/esc-banyeres\/wp-content\/uploads\/usu294\/2020\/06\/41373702-creativo-postre-de-frutas-para-el-ni\u00f1o-forma-divertida-p\u00e1jaro-del-pavo-real-1024x806.jpg 1024w, https:\/\/agora.xtec.cat\/esc-banyeres\/wp-content\/uploads\/usu294\/2020\/06\/41373702-creativo-postre-de-frutas-para-el-ni\u00f1o-forma-divertida-p\u00e1jaro-del-pavo-real-300x236.jpg 300w, https:\/\/agora.xtec.cat\/esc-banyeres\/wp-content\/uploads\/usu294\/2020\/06\/41373702-creativo-postre-de-frutas-para-el-ni\u00f1o-forma-divertida-p\u00e1jaro-del-pavo-real-768x604.jpg 768w, https:\/\/agora.xtec.cat\/esc-banyeres\/wp-content\/uploads\/usu294\/2020\/06\/41373702-creativo-postre-de-frutas-para-el-ni\u00f1o-forma-divertida-p\u00e1jaro-del-pavo-real.jpg 1300w\" sizes=\"auto, (max-width: 1024px) 100vw, 1024px\" \/><\/a><a href=\"https:\/\/agora.xtec.cat\/esc-banyeres\/wp-content\/uploads\/usu294\/2020\/06\/48534014-creativo-postre-de-frutas-de-forma-divertida-mariposa-ni\u00f1o.jpg\"><img loading=\"lazy\" decoding=\"async\" class=\"size-large wp-image-7866\" src=\"https:\/\/agora.xtec.cat\/esc-banyeres\/wp-content\/uploads\/usu294\/2020\/06\/48534014-creativo-postre-de-frutas-de-forma-divertida-mariposa-ni\u00f1o-1024x837.jpg\" alt=\"\" width=\"1024\" height=\"837\" srcset=\"https:\/\/agora.xtec.cat\/esc-banyeres\/wp-content\/uploads\/usu294\/2020\/06\/48534014-creativo-postre-de-frutas-de-forma-divertida-mariposa-ni\u00f1o-1024x837.jpg 1024w, https:\/\/agora.xtec.cat\/esc-banyeres\/wp-content\/uploads\/usu294\/2020\/06\/48534014-creativo-postre-de-frutas-de-forma-divertida-mariposa-ni\u00f1o-300x245.jpg 300w, https:\/\/agora.xtec.cat\/esc-banyeres\/wp-content\/uploads\/usu294\/2020\/06\/48534014-creativo-postre-de-frutas-de-forma-divertida-mariposa-ni\u00f1o-768x628.jpg 768w, https:\/\/agora.xtec.cat\/esc-banyeres\/wp-content\/uploads\/usu294\/2020\/06\/48534014-creativo-postre-de-frutas-de-forma-divertida-mariposa-ni\u00f1o.jpg 1300w\" sizes=\"auto, (max-width: 1024px) 100vw, 1024px\" \/><\/a>&nbsp;<\/li>\n<li>Mira a la nevera de quines fruites disposes i inventa&#8217;t una nova creaci\u00f3.<\/li>\n<li>Envia una foto a la mestra.<\/li>\n<li>I&#8230;.bon profit! Quin berenar m\u00e9s bo!<\/li>\n<\/ol>\n<p>&nbsp;<\/p>\n<p>&nbsp;<\/p>\n","protected":false},"excerpt":{"rendered":"<p>LENGUA CASTELLANA LEER Y COMPRENDER: \u00bfTe atreves con estos retos? ACTIVIDAD OPCIONAL: Escribe la letra inicial de cada dibujo y encuentra la palabra escondida. &nbsp; MEDI SOCIAL Entra en el seg\u00fcent enlla\u00e7 i mira el v\u00eddeo. Abracen arbres a Isl\u00e0ndia. https:\/\/www.ccma.cat\/tv3\/super3\/infok\/abracen-arbres-a-islandia\/video\/6040653\/ 2. Fes un v\u00eddeo o un audio explicant: A qui o a qu\u00e8 fas [&hellip;]<\/p>\n","protected":false},"author":1,"featured_media":0,"comment_status":"open","ping_status":"closed","sticky":false,"template":"","format":"standard","meta":{"_bbp_topic_count":0,"_bbp_reply_count":0,"_bbp_total_topic_count":0,"_bbp_total_reply_count":0,"_bbp_voice_count":0,"_bbp_anonymous_reply_count":0,"_bbp_topic_count_hidden":0,"_bbp_reply_count_hidden":0,"_bbp_forum_subforum_count":0,"site-sidebar-layout":"default","site-content-layout":"","ast-site-content-layout":"","site-content-style":"default","site-sidebar-style":"default","ast-global-header-display":"","ast-banner-title-visibility":"","ast-main-header-display":"","ast-hfb-above-header-display":"","ast-hfb-below-header-display":"","ast-hfb-mobile-header-display":"","site-post-title":"","ast-breadcrumbs-content":"","ast-featured-img":"","footer-sml-layout":"","theme-transparent-header-meta":"","adv-header-id-meta":"","stick-header-meta":"","header-above-stick-meta":"","header-main-stick-meta":"","header-below-stick-meta":"","astra-migrate-meta-layouts":"default","ast-page-background-enabled":"default","ast-page-background-meta":{"desktop":{"background-color":"var(--ast-global-color-4)","background-image":"","background-repeat":"repeat","background-position":"center center","background-size":"auto","background-attachment":"scroll","background-type":"","background-media":"","overlay-type":"","overlay-color":"","overlay-opacity":"","overlay-gradient":""},"tablet":{"background-color":"","background-image":"","background-repeat":"repeat","background-position":"center center","background-size":"auto","background-attachment":"scroll","background-type":"","background-media":"","overlay-type":"","overlay-color":"","overlay-opacity":"","overlay-gradient":""},"mobile":{"background-color":"","background-image":"","background-repeat":"repeat","background-position":"center center","background-size":"auto","background-attachment":"scroll","background-type":"","background-media":"","overlay-type":"","overlay-color":"","overlay-opacity":"","overlay-gradient":""}},"ast-content-background-meta":{"desktop":{"background-color":"var(--ast-global-color-5)","background-image":"","background-repeat":"repeat","background-position":"center center","background-size":"auto","background-attachment":"scroll","background-type":"","background-media":"","overlay-type":"","overlay-color":"","overlay-opacity":"","overlay-gradient":""},"tablet":{"background-color":"var(--ast-global-color-5)","background-image":"","background-repeat":"repeat","background-position":"center center","background-size":"auto","background-attachment":"scroll","background-type":"","background-media":"","overlay-type":"","overlay-color":"","overlay-opacity":"","overlay-gradient":""},"mobile":{"background-color":"var(--ast-global-color-5)","background-image":"","background-repeat":"repeat","background-position":"center center","background-size":"auto","background-attachment":"scroll","background-type":"","background-media":"","overlay-type":"","overlay-color":"","overlay-opacity":"","overlay-gradient":""}},"footnotes":""},"categories":[74],"tags":[],"class_list":["post-7858","post","type-post","status-publish","format-standard","hentry","category-primer"],"post_mailing_queue_ids":[],"_links":{"self":[{"href":"https:\/\/agora.xtec.cat\/esc-banyeres\/wp-json\/wp\/v2\/posts\/7858","targetHints":{"allow":["GET"]}}],"collection":[{"href":"https:\/\/agora.xtec.cat\/esc-banyeres\/wp-json\/wp\/v2\/posts"}],"about":[{"href":"https:\/\/agora.xtec.cat\/esc-banyeres\/wp-json\/wp\/v2\/types\/post"}],"author":[{"embeddable":true,"href":"https:\/\/agora.xtec.cat\/esc-banyeres\/wp-json\/wp\/v2\/users\/1"}],"replies":[{"embeddable":true,"href":"https:\/\/agora.xtec.cat\/esc-banyeres\/wp-json\/wp\/v2\/comments?post=7858"}],"version-history":[{"count":3,"href":"https:\/\/agora.xtec.cat\/esc-banyeres\/wp-json\/wp\/v2\/posts\/7858\/revisions"}],"predecessor-version":[{"id":7900,"href":"https:\/\/agora.xtec.cat\/esc-banyeres\/wp-json\/wp\/v2\/posts\/7858\/revisions\/7900"}],"wp:attachment":[{"href":"https:\/\/agora.xtec.cat\/esc-banyeres\/wp-json\/wp\/v2\/media?parent=7858"}],"wp:term":[{"taxonomy":"category","embeddable":true,"href":"https:\/\/agora.xtec.cat\/esc-banyeres\/wp-json\/wp\/v2\/categories?post=7858"},{"taxonomy":"post_tag","embeddable":true,"href":"https:\/\/agora.xtec.cat\/esc-banyeres\/wp-json\/wp\/v2\/tags?post=7858"}],"curies":[{"name":"wp","href":"https:\/\/api.w.org\/{rel}","templated":true}]}}