{"id":7806,"date":"2020-05-24T13:01:26","date_gmt":"2020-05-24T11:01:26","guid":{"rendered":"http:\/\/agora.xtec.cat\/esc-banyeres\/?p=7806"},"modified":"2020-05-24T13:52:19","modified_gmt":"2020-05-24T11:52:19","slug":"cicle-de-grans-7a-setmana-25-al-29-de-maig","status":"publish","type":"post","link":"https:\/\/agora.xtec.cat\/esc-banyeres\/cicle-grans\/cicle-de-grans-7a-setmana-25-al-29-de-maig\/","title":{"rendered":"CICLE DE GRANS 7a SETMANA 25 AL 29 DE MAIG"},"content":{"rendered":"<p><span style=\"font-weight: 400;\">Benvolgudes fam\u00edlies,<\/span><\/p>\n<p><span style=\"font-weight: 400;\">Continuem endavant, gr\u00e0cies per la vostra col\u00b7laboraci\u00f3.<\/span><\/p>\n<h3><b>PROPOSTA 1: <\/b><b>\u201cACOMPANYAMENT EMOCIONAL\u201d.\u00a0<\/b><\/h3>\n<p><span style=\"font-weight: 400;\">1)-Recordeu fer el <\/span><span style=\"font-weight: 400;\">diari emocional (arbre) de la setmana<\/span><span style=\"font-weight: 400;\"> i <\/span><b>enviar-lo al tutor\/a emplenat<\/b> <b>(\u00c0mbit de valors).\u00a0<\/b><\/p>\n<p><span style=\"font-weight: 400;\">2)-Aquesta setmana <\/span><span style=\"font-weight: 400;\">tornarem a treballar les nostres pors<\/span><span style=\"font-weight: 400;\">. Durant el confinament has sentit pors que abans no havies sentit? <\/span><b>Comparteix amb el teu\/va tutor\/a aquestes pors per escrit.<\/b><\/p>\n<ul>\n<li style=\"font-weight: 400;\"><span style=\"font-weight: 400;\">Us deixem aquest enlla\u00e7 de l\u2019info k que parla sobre aquesta emoci\u00f3 perqu\u00e8 el mireu.<\/span><\/li>\n<\/ul>\n<p><a href=\"https:\/\/www.ccma.cat\/tv3\/super3\/infok\/que-es-la-por\/video\/6043615\/\"><img loading=\"lazy\" decoding=\"async\" class=\"alignnone wp-image-7812 size-full\" src=\"https:\/\/agora.xtec.cat\/esc-banyeres\/wp-content\/uploads\/usu294\/2020\/05\/FD5D19BB-79EA-47B5-9428-B19EED7FC97D.jpeg\" alt=\"\" width=\"2048\" height=\"1349\" srcset=\"https:\/\/agora.xtec.cat\/esc-banyeres\/wp-content\/uploads\/usu294\/2020\/05\/FD5D19BB-79EA-47B5-9428-B19EED7FC97D.jpeg 2048w, https:\/\/agora.xtec.cat\/esc-banyeres\/wp-content\/uploads\/usu294\/2020\/05\/FD5D19BB-79EA-47B5-9428-B19EED7FC97D-300x198.jpeg 300w, https:\/\/agora.xtec.cat\/esc-banyeres\/wp-content\/uploads\/usu294\/2020\/05\/FD5D19BB-79EA-47B5-9428-B19EED7FC97D-768x506.jpeg 768w, https:\/\/agora.xtec.cat\/esc-banyeres\/wp-content\/uploads\/usu294\/2020\/05\/FD5D19BB-79EA-47B5-9428-B19EED7FC97D-1024x675.jpeg 1024w\" sizes=\"auto, (max-width: 2048px) 100vw, 2048px\" \/><\/a><\/p>\n<ul>\n<li style=\"font-weight: 400;\"><span style=\"font-weight: 400;\">Us deixem aquest conte de la valentia, perqu\u00e8 el llegiu (ho podeu incloure en el llistat o registre de llibres llegits).<\/span><\/li>\n<\/ul>\n<div class=\"ast-oembed-container \" style=\"height: 100%;\"><iframe loading=\"lazy\" title=\"El conte del virus de la Valentia\" width=\"500\" height=\"375\" src=\"https:\/\/www.youtube.com\/embed\/VWRwFr16GQE?feature=oembed\" frameborder=\"0\" allow=\"accelerometer; autoplay; clipboard-write; encrypted-media; gyroscope; picture-in-picture; web-share\" referrerpolicy=\"strict-origin-when-cross-origin\" allowfullscreen><\/iframe><\/div>\n<h3><b>PROPOSTA 2 : <\/b><b>\u201cM\u00daSICA I ANGL\u00c8S\u201d (\u00c0mbit ling\u00fc\u00edstic i musical).\u00a0<\/b><\/h3>\n<p><span style=\"font-weight: 400;\">En els seg\u00fcents enlla\u00e7os trobareu la feina a realitzar d\u2019aquestes \u00e0rees. <\/span><b>Envia les tasques<\/b><span style=\"font-weight: 400;\"> a la Esther: <\/span><span style=\"font-weight: 400;\">evilar4@xtec.cat<\/span><span style=\"font-weight: 400;\"> o a la Sole: <\/span><span style=\"font-weight: 400;\">scuenca3@xtec.cat<\/span><span style=\"font-weight: 400;\">\u00a0<\/span><\/p>\n<p><b>Proposta per 4t<\/b><\/p>\n<p><b>SING, DANCE AND LEARN ENGLISH!<\/b><\/p>\n<p><a href=\"https:\/\/agora.xtec.cat\/esc-banyeres\/especialitats-2\/educacio-musical\/listen-sing-dance-and-learn-english\/\"><b>https:\/\/agora.xtec.cat\/esc-banyeres\/especialitats-2\/educacio-musical\/listen-sing-dance-and-learn-english\/<\/b><\/a><\/p>\n<p><b>Proposta per 5\u00e8 i 6\u00e8<\/b><\/p>\n<p><b>SING, DANCE AND LEARN ENGLISH!<\/b><\/p>\n<p><a href=\"https:\/\/agora.xtec.cat\/esc-banyeres\/especialitats-2\/llengua-anglesa\/sing-dance-and-learn-english\/\"><b>https:\/\/agora.xtec.cat\/esc-banyeres\/especialitats-2\/llengua-anglesa\/sing-dance-and-learn-english\/<\/b><\/a><b>\u00a0<\/b><\/p>\n<h3><b>PROPOSTA 3: <\/b><b>\u00c0MBIT LING\u00dc\u00cdSTIC I ART\u00cdSTIC. <\/b><\/h3>\n<p><span style=\"font-weight: 400;\">Desenvolupa la imaginaci\u00f3 i crea un conte i els seus personatges inventant una hist\u00f2ria sobre el tema que tu vulguis. En el link de sota deixem exemples perqu\u00e8 puguis agafar idees. <\/span><b>Envia al teu\/va tutor\/a el resultat final, ja sigui en power point, fotos de dibuixos, v\u00eddeo\u2026.<\/b><\/p>\n<p><a href=\"https:\/\/blog.uchceu.es\/magisterio\/creatividad-para-ninos-en-el-confinamiento\/\"><b>https:\/\/blog.uchceu.es\/magisterio\/creatividad-para-ninos-en-el-confinamiento\/<\/b><\/a><\/p>\n<h3><b>PROPOSTA 4:<\/b><b> \u00c0MBIT CONEIXEMENT DEL MEDI .\u00a0 <\/b><\/h3>\n<p><span style=\"font-weight: 400;\">Has d\u2019obrir el quadernet i contestar a les preguntes, <\/span><span style=\"font-weight: 400;\">no cal que ho imprimeixis<\/span><span style=\"font-weight: 400;\">. Si pots fer-ho amb un Word o PowerPoint millor, perqu\u00e8 tamb\u00e9 treballar\u00e0s l\u2019\u00e0mbit digital, i sin\u00f3, ho pots fer a m\u00e0\u00a0 c\u00f2pies les solucions al paper i li fas foto per enviar al tutor\/a. L\u2019\u00faltima p\u00e0gina de treball en grup no cal que la realitzis (Apliquem el que hem apr\u00e8s)<\/span><\/p>\n<ul>\n<li><b>LINK PER 4t: DE QUE TREBALLAREM QUAN SIGUEM GRANS?<\/b><\/li>\n<\/ul>\n<p><a href=\"https:\/\/text-lagalera.cat\/interact\/public\/ITINERARIS\/mostres\/IT4S07\/index.html\"><b>https:\/\/text-lagalera.cat\/interact\/public\/ITINERARIS\/mostres\/IT4S07\/index.html<\/b><\/a><\/p>\n<p><span style=\"font-weight: 400;\">4T Envieu les respostes a l\u2019Encarna<\/span> <b>egarc295<span class=\"\">@xtec.cat<\/span><\/b><\/p>\n<ul>\n<li><b>LINK PER 5\u00e8 i 6\u00e8: \u201cQUINS REPTES TENIM ENTRE MANS?<\/b><\/li>\n<\/ul>\n<p><a href=\"https:\/\/text-lagalera.cat\/interact\/public\/ITINERARIS\/mostres\/IT6S14\/index.html#p=4\"><b>https:\/\/text-lagalera.cat\/interact\/public\/ITINERARIS\/mostres\/IT6S14\/index.html#p=4<\/b><\/a><\/p>\n<h3><b>PROPOSTA 5: <\/b><b>\u201cLECTURES FETES\u201d <\/b><b>(Aquesta proposta la fareu fins a final de curs)<\/b><\/h3>\n<p><a href=\"https:\/\/edumet.cat\/areatac\/p_coronavirus\/fitxers\/1OAT_-sDFTu24OEB8qBDdpmIU9mveWUCC6OF46uMpVUQ\/documents\/lectures_fetes_sup.pdf\"><b>https:\/\/edumet.cat\/areatac\/p_coronavirus\/fitxers\/1OAT_-sDFTu24OEB8qBDdpmIU9mveWUCC6OF46uMpVUQ\/documents\/lectures_fetes_sup.pdf<\/b><\/a><\/p>\n<p><a href=\"https:\/\/edumet.cat\/areatac\/p_coronavirus\/fitxers\/1OAT_-sDFTu24OEB8qBDdpmIU9mveWUCC6OF46uMpVUQ\/documents\/lectures_fetes_mitja.pdf\"><b>https:\/\/edumet.cat\/areatac\/p_coronavirus\/fitxers\/1OAT_-sDFTu24OEB8qBDdpmIU9mveWUCC6OF46uMpVUQ\/documents\/lectures_fetes_mitja.pdf<\/b><\/a><\/p>\n<p><span style=\"font-weight: 400;\">Aquest link (fixeu-vos que hi ha un per cicle mitj\u00e0 (4t) i un altre per cicle superior (5\u00e8 i 6\u00e8), us porta a un full que heu de descarregar per anar emplenant els t\u00edtols dels llibres que aneu llegint durant tot aquest temps. Al final del confinament se us demanar\u00e0. S\u00f3n lectures per anar fent al llarg de la setmana i que heu de fer DURANT TOT EL CONFINAMENT. <\/span><b>Recordeu que cada dia tenim 30 min de lectura.\u00a0<\/b><\/p>\n<h3><b>PROPOSTA 6: RECORDEU ANAR ASSAJANT LA CAN\u00c7\u00d3 DEL DIA 5 DE JUNY: <\/b><b>\u201cNO ENS DESDIBUIXEU\u201d<\/b><\/h3>\n<p>&nbsp;<\/p>\n<h3><b>ACTIVITATS VOLUNT\u00c0RIES<\/b><b>: PER SI TENIU M\u00c9S GANES I TEMPS DE TREBALLAR, US DEIXEM M\u00c9S PROPOSTES:<\/b><\/h3>\n<p><b>\u00c0MBIT LING\u00dc\u00cdSTIC<\/b><\/p>\n<p><b>ESCOLTAR UN CONTE EN ANGL\u00c8S<\/b><\/p>\n<p><a href=\"https:\/\/eduteach.es\/videos\/traditional-stories\/aladdin-lamp.html\"><b>https:\/\/eduteach.es\/videos\/traditional-stories\/aladdin-lamp.html<\/b><\/a><\/p>\n<p><b>\u00c0MBIT MATEM\u00c0TIC<\/b><\/p>\n<p><b>LINK PER 4t: <\/b><b>COM S\u2019ORGANITZA UN CORREFOC?<\/b><\/p>\n<p><a href=\"https:\/\/text-lagalera.cat\/interact\/public\/ITINERARIS\/mostres\/IT3M26\/index.html\"><b>https:\/\/text-lagalera.cat\/interact\/public\/ITINERARIS\/mostres\/IT3M26\/index.html<\/b><\/a><\/p>\n<p><b>SUDOKUS<\/b><\/p>\n<p><a href=\"https:\/\/www.sudoku-online.org\/sudokus-ninos.php\"><b>https:\/\/www.sudoku-online.org\/sudokus-ninos.php<\/b><\/a><\/p>\n<h3><b>AUTOAVALUACI\u00d3 NENS\/ES: (poseu una X)<\/b><\/h3>\n<table>\n<tbody>\n<tr>\n<td><b>Comprovo si:<\/b><\/td>\n<td><b>gens<\/b><\/td>\n<td><b>poc\/a<\/b><\/td>\n<td><b>bastant<\/b><\/td>\n<td><b>molt\/a<\/b><\/td>\n<\/tr>\n<tr>\n<td><b>He gaudit fent el diari emocional?<\/b><\/td>\n<td><\/td>\n<td><\/td>\n<td><\/td>\n<td><\/td>\n<\/tr>\n<tr>\n<td><b>He experimentat noves emocions i he sigut capa\u00e7 d\u2019expressar-les<\/b><\/td>\n<td><\/td>\n<td><\/td>\n<td><\/td>\n<td><\/td>\n<\/tr>\n<tr>\n<td><b>He realitzat la mitja hora de lectura di\u00e0ria?<\/b><\/td>\n<td colspan=\"2\"><b>no:<\/b><\/td>\n<td colspan=\"2\"><b>s\u00ed:<\/b><\/td>\n<\/tr>\n<tr>\n<td><b>M\u2019agraden les activitats que estem fent?<\/b><\/td>\n<td><\/td>\n<td><\/td>\n<td><\/td>\n<td><\/td>\n<\/tr>\n<tr>\n<td><b>Em semblen dif\u00edcils?<\/b><\/td>\n<td><\/td>\n<td><\/td>\n<td><\/td>\n<td><\/td>\n<\/tr>\n<tr>\n<td><b>Quanta estona faig de feina cada dia?<\/b><\/td>\n<td colspan=\"4\"><b>Digues quanta estona:<\/b><\/td>\n<\/tr>\n<tr>\n<td><b>He tingut els recursos i eines necessaris per fer les activitats?<\/b><\/td>\n<td colspan=\"2\"><b>no:<\/b><\/td>\n<td colspan=\"2\"><b>s\u00ed:<\/b><\/td>\n<\/tr>\n<tr>\n<td><b>He apr\u00e8s conceptes nous?<\/b><\/td>\n<td><\/td>\n<td><\/td>\n<td><\/td>\n<td><\/td>\n<\/tr>\n<tr>\n<td><b>He gaudit amb fam\u00edlia fent totes les propostes?<\/b><\/td>\n<td><\/td>\n<td><\/td>\n<td><\/td>\n<td><\/td>\n<\/tr>\n<tr>\n<td><b>M\u2019he esfor\u00e7at en totes les tasques?<\/b><\/td>\n<td><\/td>\n<td><\/td>\n<td><\/td>\n<td><\/td>\n<\/tr>\n<tr>\n<td><b>He demanat ajuda si m\u2019ha calgut?<\/b><\/td>\n<td><\/td>\n<td><\/td>\n<td><\/td>\n<td><\/td>\n<\/tr>\n<tr>\n<td><b>Vols proposar alguna activitat?<\/b><\/td>\n<td colspan=\"4\"><b>Explica-la:<\/b><\/td>\n<\/tr>\n<\/tbody>\n<\/table>\n<p><b>Ens agradaria tenir en compte la vostra valoraci\u00f3 que, en aquests moments, considerem important per fer l&#8217;avaluaci\u00f3 del tercer trimestre dels vostres fills\/es. Per aix\u00f2 us demanem que ompliu aquesta taula de sota:<\/b><\/p>\n<h3><b>VALORACI\u00d3 FAM\u00cdLIES:<\/b><b> (poseu una X)<\/b><\/h3>\n<table>\n<tbody>\n<tr>\n<td><\/td>\n<td><b>gens<\/b><\/td>\n<td><b>poc\/a<\/b><\/td>\n<td><b>bastant<\/b><\/td>\n<td><b>molt\/a<\/b><\/td>\n<\/tr>\n<tr>\n<td><b>Consideres que el\/la teu\/va fill\/a segueix una rutina, horari, const\u00e0ncia di\u00e0ria a l\u2019hora de fer les tasques?<\/b><\/td>\n<td><\/td>\n<td><\/td>\n<td><\/td>\n<td><\/td>\n<\/tr>\n<tr>\n<td><b>Veieu al vostre\/a fill\/a motivat\/da i implicat\/da per la feina?<\/b><\/td>\n<td><\/td>\n<td><\/td>\n<td><\/td>\n<td><\/td>\n<\/tr>\n<tr>\n<td><b>Veieu al vostre\/a fill\/a aut\u00f2nom\/a a l\u2019hora de realitzar les tasques?<\/b><\/td>\n<td><\/td>\n<td><\/td>\n<td><\/td>\n<td><\/td>\n<\/tr>\n<tr>\n<td><b>Consideres que el\/la teu\/va fill\/a s\u2019est\u00e0 esfor\u00e7ant per realitzar les tasques correctament?<\/b><\/td>\n<td><\/td>\n<td><\/td>\n<td><\/td>\n<td><\/td>\n<\/tr>\n<tr>\n<td><b>Creus que el teu\/va fill\/a ha desenvolupat la creativitat i la imaginaci\u00f3 per fer nous projectes (maqueta, cuina, m\u00fasica, dibuix, PowerPoint\u2026)?\u00a0<\/b><\/td>\n<td><\/td>\n<td><\/td>\n<td><\/td>\n<td><\/td>\n<\/tr>\n<tr>\n<td><b>Com has vist el teu\/va fill\/a emocionalment aquests dies?<\/b><\/td>\n<td colspan=\"4\"><b>Explica-ho aqu\u00ed:<\/b><\/td>\n<\/tr>\n<tr>\n<td><b>Qu\u00e8 has descobert en aquests dies que vulguis destacar del teu fill o de la teva fills?<\/b><\/td>\n<td colspan=\"4\"><b>Explica-la:<\/b><\/td>\n<\/tr>\n<\/tbody>\n<\/table>\n<p>&nbsp;<\/p>\n","protected":false},"excerpt":{"rendered":"<p>Benvolgudes fam\u00edlies, Continuem endavant, gr\u00e0cies per la vostra col\u00b7laboraci\u00f3. PROPOSTA 1: \u201cACOMPANYAMENT EMOCIONAL\u201d.\u00a0 1)-Recordeu fer el diari emocional (arbre) de la setmana i enviar-lo al tutor\/a emplenat (\u00c0mbit de valors).\u00a0 2)-Aquesta setmana tornarem a treballar les nostres pors. Durant el confinament has sentit pors que abans no havies sentit? Comparteix amb el teu\/va tutor\/a aquestes [&hellip;]<\/p>\n","protected":false},"author":1,"featured_media":7807,"comment_status":"open","ping_status":"closed","sticky":false,"template":"","format":"standard","meta":{"_bbp_topic_count":0,"_bbp_reply_count":0,"_bbp_total_topic_count":0,"_bbp_total_reply_count":0,"_bbp_voice_count":0,"_bbp_anonymous_reply_count":0,"_bbp_topic_count_hidden":0,"_bbp_reply_count_hidden":0,"_bbp_forum_subforum_count":0,"site-sidebar-layout":"default","site-content-layout":"","ast-site-content-layout":"","site-content-style":"default","site-sidebar-style":"default","ast-global-header-display":"","ast-banner-title-visibility":"","ast-main-header-display":"","ast-hfb-above-header-display":"","ast-hfb-below-header-display":"","ast-hfb-mobile-header-display":"","site-post-title":"","ast-breadcrumbs-content":"","ast-featured-img":"","footer-sml-layout":"","theme-transparent-header-meta":"","adv-header-id-meta":"","stick-header-meta":"","header-above-stick-meta":"","header-main-stick-meta":"","header-below-stick-meta":"","astra-migrate-meta-layouts":"default","ast-page-background-enabled":"default","ast-page-background-meta":{"desktop":{"background-color":"var(--ast-global-color-4)","background-image":"","background-repeat":"repeat","background-position":"center center","background-size":"auto","background-attachment":"scroll","background-type":"","background-media":"","overlay-type":"","overlay-color":"","overlay-opacity":"","overlay-gradient":""},"tablet":{"background-color":"","background-image":"","background-repeat":"repeat","background-position":"center center","background-size":"auto","background-attachment":"scroll","background-type":"","background-media":"","overlay-type":"","overlay-color":"","overlay-opacity":"","overlay-gradient":""},"mobile":{"background-color":"","background-image":"","background-repeat":"repeat","background-position":"center center","background-size":"auto","background-attachment":"scroll","background-type":"","background-media":"","overlay-type":"","overlay-color":"","overlay-opacity":"","overlay-gradient":""}},"ast-content-background-meta":{"desktop":{"background-color":"var(--ast-global-color-5)","background-image":"","background-repeat":"repeat","background-position":"center center","background-size":"auto","background-attachment":"scroll","background-type":"","background-media":"","overlay-type":"","overlay-color":"","overlay-opacity":"","overlay-gradient":""},"tablet":{"background-color":"var(--ast-global-color-5)","background-image":"","background-repeat":"repeat","background-position":"center center","background-size":"auto","background-attachment":"scroll","background-type":"","background-media":"","overlay-type":"","overlay-color":"","overlay-opacity":"","overlay-gradient":""},"mobile":{"background-color":"var(--ast-global-color-5)","background-image":"","background-repeat":"repeat","background-position":"center center","background-size":"auto","background-attachment":"scroll","background-type":"","background-media":"","overlay-type":"","overlay-color":"","overlay-opacity":"","overlay-gradient":""}},"footnotes":""},"categories":[72],"tags":[],"class_list":["post-7806","post","type-post","status-publish","format-standard","has-post-thumbnail","hentry","category-cicle-grans"],"post_mailing_queue_ids":[],"_links":{"self":[{"href":"https:\/\/agora.xtec.cat\/esc-banyeres\/wp-json\/wp\/v2\/posts\/7806","targetHints":{"allow":["GET"]}}],"collection":[{"href":"https:\/\/agora.xtec.cat\/esc-banyeres\/wp-json\/wp\/v2\/posts"}],"about":[{"href":"https:\/\/agora.xtec.cat\/esc-banyeres\/wp-json\/wp\/v2\/types\/post"}],"author":[{"embeddable":true,"href":"https:\/\/agora.xtec.cat\/esc-banyeres\/wp-json\/wp\/v2\/users\/1"}],"replies":[{"embeddable":true,"href":"https:\/\/agora.xtec.cat\/esc-banyeres\/wp-json\/wp\/v2\/comments?post=7806"}],"version-history":[{"count":3,"href":"https:\/\/agora.xtec.cat\/esc-banyeres\/wp-json\/wp\/v2\/posts\/7806\/revisions"}],"predecessor-version":[{"id":7816,"href":"https:\/\/agora.xtec.cat\/esc-banyeres\/wp-json\/wp\/v2\/posts\/7806\/revisions\/7816"}],"wp:featuredmedia":[{"embeddable":true,"href":"https:\/\/agora.xtec.cat\/esc-banyeres\/wp-json\/wp\/v2\/media\/7807"}],"wp:attachment":[{"href":"https:\/\/agora.xtec.cat\/esc-banyeres\/wp-json\/wp\/v2\/media?parent=7806"}],"wp:term":[{"taxonomy":"category","embeddable":true,"href":"https:\/\/agora.xtec.cat\/esc-banyeres\/wp-json\/wp\/v2\/categories?post=7806"},{"taxonomy":"post_tag","embeddable":true,"href":"https:\/\/agora.xtec.cat\/esc-banyeres\/wp-json\/wp\/v2\/tags?post=7806"}],"curies":[{"name":"wp","href":"https:\/\/api.w.org\/{rel}","templated":true}]}}