{"id":7761,"date":"2020-05-18T09:03:32","date_gmt":"2020-05-18T07:03:32","guid":{"rendered":"http:\/\/agora.xtec.cat\/esc-banyeres\/?p=7761"},"modified":"2020-05-18T18:40:47","modified_gmt":"2020-05-18T16:40:47","slug":"tasques-classe-3r-setmana-del-18-al-25-de-maig","status":"publish","type":"post","link":"https:\/\/agora.xtec.cat\/esc-banyeres\/cicle-inicial\/tasques-classe-3r-setmana-del-18-al-25-de-maig\/","title":{"rendered":"TASQUES CLASSE 3R: setmana del 18 al 25 de maig"},"content":{"rendered":"<p>Benvolgudes fam\u00edlies,<\/p>\n<p>Us proposo les tasques d\u2019aquesta propera setmana.<\/p>\n<p>Us recordo que les tasques s\u2019han d\u2019entregar al correu electr\u00f2nic de la tutora (el teniu en el whatsapp) abans del dilluns 25 de maig pel mat\u00ed.<\/p>\n<p><strong>LENGUA CASTELLANA<\/strong><\/p>\n<p>TEMA 9 \u2013 LA RANA<\/p>\n<ul>\n<li>Entra en el siguiente enlace y lee el reportaje sobre la rana (son 5 p\u00e1ginas).<\/li>\n<li>Resuelve la actividad de comprensi\u00f3n contestando a las preguntas que hay a continuaci\u00f3n del enlace:<\/li>\n<\/ul>\n<p><a href=\"https:\/\/www.weeras.com\/ebook\/html5\/?editorial_guid=C800259A-E103-4039-8F31-C23D12543CED&amp;book_guid=C29A4A91-79C2-4E45-930D-03364512E9B0&amp;content=142282\">https:\/\/www.weeras.com\/ebook\/html5\/?editorial_guid=C800259A-E103-4039-8F31-C23D12543CED&amp;book_guid=C29A4A91-79C2-4E45-930D-03364512E9B0&amp;content=142282<\/a><\/p>\n<p>PREGUNTAS:<\/p>\n<p>1- La piel de la rana es&#8230;<\/p>\n<p>&#8230; dura y h\u00fameda.<\/p>\n<p>&#8230; suave y mojada.<\/p>\n<p>&#8230; blanda y h\u00fameda.<\/p>\n<p>&#8230; blanda\u00a0 y seca.<\/p>\n<p>2- \u00bfPara qu\u00e9 sirven sus pies palmeados?<\/p>\n<ul>\n<li>Para andar mejor.<\/li>\n<li>Para nadar mejor.<\/li>\n<li>Para saltar major.<\/li>\n<li>Para correr major.<\/li>\n<\/ul>\n<p>3- El renacuajo saldr\u00e1 del huevo despu\u00e9s de&#8230;<\/p>\n<p>&#8230; unos diez d\u00edas.<\/p>\n<p>&#8230; unos diez meses.<\/p>\n<p>&#8230; unos cinco d\u00edas.<\/p>\n<p>&#8230; unos tres meses.<\/p>\n<p>4- \u00bfPor qu\u00e9 los renacuajos pueden respirar en el agua?<\/p>\n<ul>\n<li>Porque saben nadar.<\/li>\n<li>Porque tienen pulmones.<\/li>\n<li>No pueden.<\/li>\n<li>Porque tienen branquias.<\/li>\n<\/ul>\n<p>5- Despu\u00e9s de tres meses, respira&#8230;<\/p>\n<p>&#8230; a trav\u00e9s de sus branquias.<\/p>\n<p>&#8230; a trav\u00e9s de sus pulmones.<\/p>\n<p>&#8230; fuera del agua.<\/p>\n<p>&#8230; a trav\u00e9s de su piel.<\/p>\n<ul>\n<li>Escribe en una hoja la respuesta adecuada de cada pregunta y envia la foto por correo.<\/li>\n<\/ul>\n<p><strong>CONEIXEMENT DEL MEDI<\/strong><\/p>\n<p>EL CICLE DE L\u2019AIGUA<\/p>\n<ul>\n<li>Fixa\u2019t b\u00e9 en el dibuix del cicle de l\u2019aigua que trobar\u00e0s en aquest enlla\u00e7:<\/li>\n<\/ul>\n<p><a href=\"https:\/\/sites.google.com\/site\/3rescolasantjosep\/medi-natural-1\/unitat-6---l-aigua\/6-3---el-cicle-de-l-aigua\">https:\/\/sites.google.com\/site\/3rescolasantjosep\/medi-natural-1\/unitat-6&#8212;l-aigua\/6-3&#8212;el-cicle-de-l-aigua<\/a><\/p>\n<ul>\n<li>Fes el teu dibuix del cicle de l\u2019aigua en un full.<\/li>\n<li>Escriu amb les teves paraules qu\u00e8 volen dir els diferents estats de l\u2019aigua: l\u00edquid, s\u00f2lid i gas\u00f3s.<\/li>\n<\/ul>\n<p>\u25e6 Si et conv\u00e9 pots buscar-ho en el seg\u00fcent diccionari online:<\/p>\n<p><a href=\"http:\/\/www.dicdidac.cat\/\">http:\/\/www.dicdidac.cat\/<\/a><\/p>\n<ul>\n<li>Fes una foto del dibuix i del treball de les paraules i envia-les.<\/li>\n<\/ul>\n<p><strong>\u00a0<\/strong><strong>ACTIVITAT OPCIONAL<\/strong><\/p>\n<p>FEM UN EXPERIMENT A CASA: EL CICLE DE L\u2019AIGUA<\/p>\n<ul>\n<li>Amb un senzill i a la vegada fant\u00e0stic recurs podem ensenyar als petits com funciona el cicle de l&#8217;aigua al nostre planeta.<\/li>\n<li>Per a que puguin observar-lo i entendre&#8217;l b\u00e9, nom\u00e9s necessitem una bossa de pl\u00e0stic transparent on hi dibuixarem el mar a la part inferior, amb un retolador permanent, unes fletxes ascendents en un costat i descendents a l&#8217;altre, i a la part superior, un sol en un costat (el de les fletxes ascendents) i uns n\u00favols amb pluja (al costat de les fletxes descendents).<\/li>\n<li>Un cop ho tenim tot dibuixat posem una mica d&#8217;aigua a l&#8217;interior de la bossa i, si volem, li donem un toc de color blau amb colorant alimentari.<\/li>\n<li>Tanquem b\u00e9 la bossa per a que quedi precintada i no surti l&#8217;aigua.<\/li>\n<li>Despr\u00e9s enganxem la bossa amb cinta adhesiva en una finestra on hi toqui el sol bona part del dia i d&#8217;aquesta manera, amb la calor, es podr\u00e0 observar perfectament el cicle de l&#8217;aigua i els petits podran assimilar el proc\u00e9s que segueix l&#8217;aigua des de que s&#8217;evapora del mar i ascendeix en forma de vapor, fins que es condensa en forma de gotes als n\u00favols, i finalment cau un altre cop a la terra tornant al mar i tornant a comen\u00e7ar el cicle.<\/li>\n<li>Fes una foto del teu experiment i envia-la.<\/li>\n<\/ul>\n<p><a href=\"https:\/\/agora.xtec.cat\/esc-banyeres\/wp-content\/uploads\/usu294\/2020\/05\/cicle-aigua.jpg\"><img loading=\"lazy\" decoding=\"async\" class=\"alignnone size-full wp-image-7763\" src=\"https:\/\/agora.xtec.cat\/esc-banyeres\/wp-content\/uploads\/usu294\/2020\/05\/cicle-aigua.jpg\" alt=\"\" width=\"403\" height=\"302\" srcset=\"https:\/\/agora.xtec.cat\/esc-banyeres\/wp-content\/uploads\/usu294\/2020\/05\/cicle-aigua.jpg 403w, https:\/\/agora.xtec.cat\/esc-banyeres\/wp-content\/uploads\/usu294\/2020\/05\/cicle-aigua-300x225.jpg 300w, https:\/\/agora.xtec.cat\/esc-banyeres\/wp-content\/uploads\/usu294\/2020\/05\/cicle-aigua-200x150.jpg 200w\" sizes=\"auto, (max-width: 403px) 100vw, 403px\" \/><\/a><\/p>\n<p><strong>LLENGUA ANGLESA<\/strong><\/p>\n<p><strong>\u00a0<\/strong><strong>FAMILY<\/strong><\/p>\n<p><strong>1.- Visita aquest link i fes l&#8217;activitat\u00a0<\/strong><\/p>\n<p><a href=\"https:\/\/learnenglishkids.britishcouncil.org\/word-games\/family\"><strong>https:\/\/learnenglishkids.britishcouncil.org\/word-games\/family<\/strong><\/a><\/p>\n<p><strong>2.- A continuaci\u00f3, fes un dibuix de la teva fam\u00edlia i posa qui \u00e9s cada membre (father,mother,etc.Si tens gos gat tamb\u00e9 pots dibuixar-lo)<\/strong><\/p>\n<p><strong>3.- Fes una fotograf\u00eda del dibuix i envia-la al correu de la mestra d&#8217;angl\u00e8s (el trobareu al whatsapp).<\/strong><\/p>\n<p><strong>4.- OPCIONAL: Visita aquest link i fes l&#8217;activitat sobre family and possessives.<\/strong><\/p>\n<p><a href=\"https:\/\/learnenglishkids.britishcouncil.org\/grammar-chants\/family-photo\"><strong>https:\/\/learnenglishkids.britishcouncil.org\/grammar-chants\/family-photo<\/strong><\/a><\/p>\n<p><a href=\"https:\/\/classroom.google.com\/u\/0\/w\/NzU3MzI4MjA0OTNa\/t\/all\"><strong>https:\/\/classroom.google.com\/u\/0\/w\/NzU3MzI4MjA0OTNa\/t\/all<\/strong><\/a><\/p>\n<p>&nbsp;<\/p>\n<p><strong>GRAELLA D\u2019AUTOAVALUACI\u00d3:<\/strong><\/p>\n<p>Els nens\u00a0 i nenes poden valorar alguns aspectes de les tasques realitzades.<\/p>\n<p><a href=\"https:\/\/agora.xtec.cat\/esc-banyeres\/wp-content\/uploads\/usu294\/2020\/04\/autoavaluacio.png\"><img loading=\"lazy\" decoding=\"async\" class=\"alignnone size-full wp-image-7566\" src=\"https:\/\/agora.xtec.cat\/esc-banyeres\/wp-content\/uploads\/usu294\/2020\/04\/autoavaluacio.png\" alt=\"\" width=\"642\" height=\"378\" srcset=\"https:\/\/agora.xtec.cat\/esc-banyeres\/wp-content\/uploads\/usu294\/2020\/04\/autoavaluacio.png 642w, https:\/\/agora.xtec.cat\/esc-banyeres\/wp-content\/uploads\/usu294\/2020\/04\/autoavaluacio-300x177.png 300w\" sizes=\"auto, (max-width: 642px) 100vw, 642px\" \/><\/a><\/p>\n<ul>\n<li>Dibuixa la graella d\u2019autoavaluaci\u00f3 en un full i marca amb una X o dibuixa la cara que es correspongui amb la teva resposta.<\/li>\n<li>Fes una foto i envia-la per correu.<\/li>\n<\/ul>\n<p>Estic a la vostra disposici\u00f3.<\/p>\n<p>Montse Moreno<\/p>\n","protected":false},"excerpt":{"rendered":"<p>Benvolgudes fam\u00edlies, Us proposo les tasques d\u2019aquesta propera setmana. Us recordo que les tasques s\u2019han d\u2019entregar al correu electr\u00f2nic de la tutora (el teniu en el whatsapp) abans del dilluns 25 de maig pel mat\u00ed. LENGUA CASTELLANA TEMA 9 \u2013 LA RANA Entra en el siguiente enlace y lee el reportaje sobre la rana (son [&hellip;]<\/p>\n","protected":false},"author":1,"featured_media":5539,"comment_status":"open","ping_status":"closed","sticky":false,"template":"","format":"standard","meta":{"_bbp_topic_count":0,"_bbp_reply_count":0,"_bbp_total_topic_count":0,"_bbp_total_reply_count":0,"_bbp_voice_count":0,"_bbp_anonymous_reply_count":0,"_bbp_topic_count_hidden":0,"_bbp_reply_count_hidden":0,"_bbp_forum_subforum_count":0,"site-sidebar-layout":"default","site-content-layout":"","ast-site-content-layout":"","site-content-style":"default","site-sidebar-style":"default","ast-global-header-display":"","ast-banner-title-visibility":"","ast-main-header-display":"","ast-hfb-above-header-display":"","ast-hfb-below-header-display":"","ast-hfb-mobile-header-display":"","site-post-title":"","ast-breadcrumbs-content":"","ast-featured-img":"","footer-sml-layout":"","theme-transparent-header-meta":"","adv-header-id-meta":"","stick-header-meta":"","header-above-stick-meta":"","header-main-stick-meta":"","header-below-stick-meta":"","astra-migrate-meta-layouts":"default","ast-page-background-enabled":"default","ast-page-background-meta":{"desktop":{"background-color":"var(--ast-global-color-4)","background-image":"","background-repeat":"repeat","background-position":"center center","background-size":"auto","background-attachment":"scroll","background-type":"","background-media":"","overlay-type":"","overlay-color":"","overlay-opacity":"","overlay-gradient":""},"tablet":{"background-color":"","background-image":"","background-repeat":"repeat","background-position":"center center","background-size":"auto","background-attachment":"scroll","background-type":"","background-media":"","overlay-type":"","overlay-color":"","overlay-opacity":"","overlay-gradient":""},"mobile":{"background-color":"","background-image":"","background-repeat":"repeat","background-position":"center center","background-size":"auto","background-attachment":"scroll","background-type":"","background-media":"","overlay-type":"","overlay-color":"","overlay-opacity":"","overlay-gradient":""}},"ast-content-background-meta":{"desktop":{"background-color":"var(--ast-global-color-5)","background-image":"","background-repeat":"repeat","background-position":"center center","background-size":"auto","background-attachment":"scroll","background-type":"","background-media":"","overlay-type":"","overlay-color":"","overlay-opacity":"","overlay-gradient":""},"tablet":{"background-color":"var(--ast-global-color-5)","background-image":"","background-repeat":"repeat","background-position":"center center","background-size":"auto","background-attachment":"scroll","background-type":"","background-media":"","overlay-type":"","overlay-color":"","overlay-opacity":"","overlay-gradient":""},"mobile":{"background-color":"var(--ast-global-color-5)","background-image":"","background-repeat":"repeat","background-position":"center center","background-size":"auto","background-attachment":"scroll","background-type":"","background-media":"","overlay-type":"","overlay-color":"","overlay-opacity":"","overlay-gradient":""}},"footnotes":""},"categories":[76,71],"tags":[],"class_list":["post-7761","post","type-post","status-publish","format-standard","has-post-thumbnail","hentry","category-tercer","category-cicle-inicial"],"post_mailing_queue_ids":[],"_links":{"self":[{"href":"https:\/\/agora.xtec.cat\/esc-banyeres\/wp-json\/wp\/v2\/posts\/7761","targetHints":{"allow":["GET"]}}],"collection":[{"href":"https:\/\/agora.xtec.cat\/esc-banyeres\/wp-json\/wp\/v2\/posts"}],"about":[{"href":"https:\/\/agora.xtec.cat\/esc-banyeres\/wp-json\/wp\/v2\/types\/post"}],"author":[{"embeddable":true,"href":"https:\/\/agora.xtec.cat\/esc-banyeres\/wp-json\/wp\/v2\/users\/1"}],"replies":[{"embeddable":true,"href":"https:\/\/agora.xtec.cat\/esc-banyeres\/wp-json\/wp\/v2\/comments?post=7761"}],"version-history":[{"count":3,"href":"https:\/\/agora.xtec.cat\/esc-banyeres\/wp-json\/wp\/v2\/posts\/7761\/revisions"}],"predecessor-version":[{"id":7783,"href":"https:\/\/agora.xtec.cat\/esc-banyeres\/wp-json\/wp\/v2\/posts\/7761\/revisions\/7783"}],"wp:featuredmedia":[{"embeddable":true,"href":"https:\/\/agora.xtec.cat\/esc-banyeres\/wp-json\/wp\/v2\/media\/5539"}],"wp:attachment":[{"href":"https:\/\/agora.xtec.cat\/esc-banyeres\/wp-json\/wp\/v2\/media?parent=7761"}],"wp:term":[{"taxonomy":"category","embeddable":true,"href":"https:\/\/agora.xtec.cat\/esc-banyeres\/wp-json\/wp\/v2\/categories?post=7761"},{"taxonomy":"post_tag","embeddable":true,"href":"https:\/\/agora.xtec.cat\/esc-banyeres\/wp-json\/wp\/v2\/tags?post=7761"}],"curies":[{"name":"wp","href":"https:\/\/api.w.org\/{rel}","templated":true}]}}