{"id":7660,"date":"2020-05-10T20:56:51","date_gmt":"2020-05-10T18:56:51","guid":{"rendered":"http:\/\/agora.xtec.cat\/esc-banyeres\/?p=7660"},"modified":"2020-05-10T21:08:49","modified_gmt":"2020-05-10T19:08:49","slug":"tasques-cicle-grans-5ena-setmana-11-al-15-de-maig","status":"publish","type":"post","link":"https:\/\/agora.xtec.cat\/esc-banyeres\/cicle-grans\/tasques-cicle-grans-5ena-setmana-11-al-15-de-maig\/","title":{"rendered":"TASQUES CICLE GRANS 5ena setmana 11 al 15 de MAIG"},"content":{"rendered":"<p style=\"text-align: justify;\"><span style=\"font-weight: 400; font-family: inherit; font-size: 1em;\">Benvolgudes fam\u00edlies<\/span><\/p>\n<p><span style=\"font-weight: 400;\">Desitgem de tot cor que us trobeu b\u00e9 !!!<\/span><\/p>\n<h2 style=\"text-align: justify;\"><b>PROPOSTA 1: \u201c<\/b><b>\u201dACOMPANYAMENT EMOCIONAL\u201d.<br \/>\n<\/b><\/h2>\n<p style=\"text-align: justify;\"><b><br \/>\n<\/b><span style=\"font-weight: 400;\">Recordeu fer el diari emocional (arbre) de la setmana i enviar-lo al tutor\/a emplenat (<\/span><b>\u00c0mbit de valors).<\/b><span style=\"font-weight: 400;\">\u00a0 Tamb\u00e9 recordeu anar treballant l<\/span><span style=\"font-weight: 400;\">a capsa de la gratitud <\/span><span style=\"font-weight: 400;\">i <\/span><span style=\"font-weight: 400;\">la capsa de les pors <\/span><span style=\"font-weight: 400;\">durant aquests dies. No oblideu fer les meditacions amb fam\u00edlia i sobretot compartir entre tots les emocions que van sortint.<\/span><\/p>\n<h2><b>PROPOSTA 2 : <\/b><b>\u201cPROPOSTA DE M\u00daSICA\u201d (\u00e0mbit art\u00edstic)<\/b><\/h2>\n<table>\n<tbody>\n<tr>\n<td><b>4t i 5\u00e8<\/b><\/td>\n<td colspan=\"3\"><b>QUI VA SER PAU CASALS?\u00a0<\/b><\/p>\n<p><b>1.- Entra al web de l&#8217;escola i ves a la p\u00e0gina d&#8217;especialitats: m\u00fasica all\u00e0 trobar\u00e0s tota la informaci\u00f3 que necessites per fer aquest petit treball de recerca.<\/b><\/p>\n<p><a href=\"https:\/\/sites.google.com\/a\/xtec.cat\/el-nostre-blog\/musica\"><b>https:\/\/sites.google.com\/a\/xtec.cat\/el-nostre-blog\/musica<\/b><\/a><\/p>\n<p><b>2.- A continuaci\u00f3 visita els enlla\u00e7os sobre Pau Casals i llegeix tota la informaci\u00f3 sobre la seva vida.<\/b><\/p>\n<p><b>3.- Seguidament al final de la p\u00e0gina trobar\u00e0s un enlla\u00e7 que diu TREBALL DE RECERCA PAU CASALS. \u00c9s un document de word amb les instruccions i preguntes que has de contestar.<\/b><\/p>\n<p><a href=\"https:\/\/docs.google.com\/a\/xtec.cat\/viewer?a=v&amp;pid=sites&amp;srcid=eHRlYy5jYXR8ZWwtbm9zdHJlLWJsb2d8Z3g6NjVkMTc1YzdjYTU0N2U0Yg\"><b>https:\/\/docs.google.com\/a\/xtec.cat\/viewer?a=v&amp;pid=sites&amp;srcid=eHRlYy5jYXR8ZWwtbm9zdHJlLWJsb2d8Z3g6NjVkMTc1YzdjYTU0N2U0Yg<\/b><\/a><\/p>\n<p><b>4.- Quan tinguis les preguntes contestades has d\u2019enviar el treball a aquesta adre\u00e7a: <\/b><b>scuenca3@xtec.cat<\/b><b>\u00a0<\/b><\/p>\n<p><b>DATA L\u00cdMIT D\u2019ENTREGA: 16\/5\/2020<\/b><\/td>\n<\/tr>\n<tr>\n<td><b>6\u00e8 A i 6\u00e8B<\/b><\/td>\n<td colspan=\"3\"><b>ANY BEETHOVEN<\/b><\/p>\n<p><b>1.- Entra al web de l&#8217;escola i ves a la p\u00e0gina d&#8217;especialitats: m\u00fasica all\u00e0 trobar\u00e0s tota la informaci\u00f3 que necessites per aquest petit treball de recerca.<\/b><\/p>\n<p><b>2.- Mira els 2 v\u00eddeos que hi ha a la p\u00e0gina sobre Beethoven <\/b><a href=\"https:\/\/sites.google.com\/a\/xtec.cat\/el-nostre-blog\/musica\"><b>https:\/\/sites.google.com\/a\/xtec.cat\/el-nostre-blog\/musica<\/b><\/a><\/p>\n<p><b>3.- Obre el document (de word) amb les instruccions per a fer el treball (es troba al final de la p\u00e0gina) o visita directament aquest enlla\u00e7<\/b><\/p>\n<p><a href=\"https:\/\/docs.google.com\/a\/xtec.cat\/viewer?a=v&amp;pid=sites&amp;srcid=eHRlYy5jYXR8ZWwtbm9zdHJlLWJsb2d8Z3g6N2MyN2Q5Mzk2MTc0Yjg0Yg\"><b>https:\/\/docs.google.com\/a\/xtec.cat\/viewer?a=v&amp;pid=sites&amp;srcid=eHRlYy5jYXR8ZWwtbm9zdHJlLWJsb2d8Z3g6N2MyN2Q5Mzk2MTc0Yjg0Yg<\/b><\/a><\/p>\n<p><b>4.- Segueix les instruccions. Quan tinguis el treball fet l\u2019has d\u2019enviar\u00a0 a aquesta adre\u00e7a: <\/b><b>scuenca3@xtec.cat<\/b><b>\u00a0<\/b><\/p>\n<p><b>DATA L\u00cdMIT D\u2019ENTREGA: 16\/5\/2020<\/b><\/td>\n<\/tr>\n<\/tbody>\n<\/table>\n<p>&nbsp;<\/p>\n<h2><b>PROPOSTA 3:\u00a0 <\/b><b>\u201cHIST\u00d2RIA DE LA MEVA FAM\u00cdLIA\u201d\u00a0 (\u00c0mbit Coneixement Medi Social i ling\u00fc\u00edstic)<\/b><\/h2>\n<p><span style=\"font-weight: 400;\">Per aquesta setmana us proposem que aprofiteu aquests dies per escriure la hist\u00f2ria de la vostra fam\u00edlia. Podeu comen\u00e7ar explicant:\u00a0<\/span><\/p>\n<ul>\n<li style=\"font-weight: 400;\"><span style=\"font-weight: 400;\">com eren els vostres pares de joves, com era la vida amb els seus pares i germans i germanes,<\/span><\/li>\n<li style=\"font-weight: 400;\"><span style=\"font-weight: 400;\">com es van con\u00e8ixer,\u00a0<\/span><\/li>\n<li style=\"font-weight: 400;\"><span style=\"font-weight: 400;\">com van comen\u00e7ar a construir la seva fam\u00edlia (casament, si es van ajuntar\u2026),\u00a0<\/span><\/li>\n<li style=\"font-weight: 400;\"><span style=\"font-weight: 400;\">quan vas n\u00e9ixer tu o els teus germans i\/o germanes com es van sentir. Si tu ets m\u00e9s gran, com et vas sentir en tenir un germ\u00e0 o una germana.<\/span><\/li>\n<li style=\"font-weight: 400;\"><span style=\"font-weight: 400;\">Com \u00e9s un dia a casa vostra, des del mat\u00ed fins al vespre, qu\u00e8 feu, qu\u00e8 compartiu, si jugueu plegats, si cuineu plegats, si col\u00b7laboreu en les tasques de casa&#8230;<\/span><\/li>\n<li style=\"font-weight: 400;\"><span style=\"font-weight: 400;\">Si els teus pares no estan junts, ho pots fer igualment.<\/span><\/li>\n<\/ul>\n<p><span style=\"font-weight: 400;\">Aquesta activitat \u00e9s molt important per con\u00e8ixer les teves arrels i valorar la fam\u00edlia que tens.<\/span><\/p>\n<p><span style=\"font-weight: 400;\">Realitza l\u2019arbre geneal\u00f2gic de la teva fam\u00edlia. Agafa un full i dibuixa l\u2019arbre geneal\u00f2gic seguint el model de sota. En cada requadre posa nom del teu avantpassat, any de naixement (si el coneixes). Comen\u00e7a pels teus avis. En cada requadre s\u2019ha de posar el nom de la persona. Hi ha globus que indiquen qu\u00e8 has de fer. Si coneixes el nom d\u2019algun\/a besavi\/a tamb\u00e9 el pots posar.<\/span><\/p>\n<h2><b>PROPOSTA 4:\u00a0 <\/b><b>\u201cMEDI SOCIAL\u201d\u00a0 (\u00c0mbit Coneixement Medi Social i ling\u00fc\u00edstic).<br \/>\n<\/b><\/h2>\n<p><span style=\"font-weight: 400;\">Has d\u2019obrir el quadernet i contestar a les preguntes. Si pots fer-ho amb un word o power point millor, perqu\u00e8 tamb\u00e9 treballar\u00e0s l\u2019\u00e0mbit digital, i sin\u00f3, ho fas a m\u00e0 i c\u00f2pies les solucions al paper i li fas foto per enviar al tutor\/a.<\/span><\/p>\n<ul>\n<li style=\"font-weight: 400;\"><b>LINK PER 4t<\/b><span style=\"font-weight: 400;\">\u00a0<\/span><\/li>\n<\/ul>\n<p><a href=\"https:\/\/text-lagalera.cat\/interact\/public\/ITINERARIS\/mostres\/IT4S04\/index.html#p=10\"><b>https:\/\/text-lagalera.cat\/interact\/public\/ITINERARIS\/mostres\/IT4S04\/index.html#p=10<\/b><\/a><\/p>\n<p><b>Envieu les tasques al correu <\/b><b>egarc295@xtec.cat<\/b><b> (a l\u2019Encarna)<\/b><\/p>\n<ul>\n<li style=\"font-weight: 400;\"><b>LINKS PER 5\u00e8<\/b><span style=\"font-weight: 400;\">\u00a0<\/span><\/li>\n<\/ul>\n<p><a href=\"https:\/\/text-lagalera.cat\/interact\/public\/ITINERARIS\/mostres\/IT4S04\/index.html#p=10\"><b>https:\/\/text-lagalera.cat\/interact\/public\/ITINERARIS\/mostres\/IT4S04\/index.html#p=10<\/b><\/a><b> (fer el quadernet complet)<\/b><\/p>\n<p><a href=\"https:\/\/text-lagalera.cat\/interact\/public\/ITINERARIS\/mostres\/IT6S15\/index.html\"><b>https:\/\/text-lagalera.cat\/interact\/public\/ITINERARIS\/mostres\/IT6S15\/index.html<\/b><\/a><b> (d\u2019aquest quadernet nom\u00e9s heu de fer fins l\u2019exercici 6 incl\u00f2s)<\/b><\/p>\n<ul>\n<li><b>LINK PER 6\u00e8 <a href=\"https:\/\/text-lagalera.cat\/interact\/public\/ITINERARIS\/mostres\/IT6S15\/index.html\">https:\/\/text-lagalera.cat\/interact\/public\/ITINERARIS\/mostres\/IT6S15\/index.html<\/a><\/b><\/li>\n<\/ul>\n<p><b>Adreces web que us poden ajudar\u00a0<\/b><\/p>\n<p><b>4t i 5\u00e8<\/b><\/p>\n<p><b>Joc interactiu per aprendre els noms i les capitals de les comunitats aut\u00f2nomes d\u2019Espanya.<\/b><\/p>\n<p><b><a href=\"https:\/\/mapasinteractivos.didactalia.net\/ca\/comunitat\/mapasflashinteractivos\/recurs\/capitals-de-comunitats-autonomes-despanya\/370e846f-9320-42b3-a18f-56f06e57b182\">https:\/\/mapasinteractivos.didactalia.net\/ca\/comunitat\/mapasflashinteractivos\/recurs\/capitals-de-comunitats-autonomes-despanya\/370e846f-9320-42b3-a18f-56f06e57b182<\/a><\/b><\/p>\n<p><b>Joc interactiu per aprendre els noms dels estats que formen la Uni\u00f3 Europe. Recordeu que Regne Unit ja no en forma part.<\/b><\/p>\n<p><b><a href=\"https:\/\/mapasinteractivos.didactalia.net\/ca\/comunitat\/mapasflashinteractivos\/recurs\/paises-de-la-union-europea\/99704108-8b32-4e2d-a4f2-f8779870b35b\">https:\/\/mapasinteractivos.didactalia.net\/ca\/comunitat\/mapasflashinteractivos\/recurs\/paises-de-la-union-europea\/99704108-8b32-4e2d-a4f2-f8779870b35b<\/a><\/b><\/p>\n<p><b>5\u00e8 i 6\u00e8<\/b><\/p>\n<p><b>Qu\u00e8 \u00e9s la Uni\u00f3 Europea? <\/b><b><a href=\"https:\/\/www.ccma.cat\/tv3\/super3\/infok\/que-es-la-unio-europea\/video\/5689703\/\">https:\/\/www.ccma.cat\/tv3\/super3\/infok\/que-es-la-unio-europea\/video\/5689703\/<\/a><\/b><\/p>\n<p><b>V\u00eddeo Br\u00e8xit INFOK<\/b><b>\u00a0 <\/b><b><a href=\"https:\/\/www.youtube.com\/watch?v=gfH1-AFfpBk\">https:\/\/www.youtube.com\/watch?v=gfH1-AFfpBk<\/a><\/b><\/p>\n<p><b>Institucions europees\u00a0<\/b><\/p>\n<p><b><a href=\"https:\/\/sites.google.com\/a\/escolaelcim.com\/coneixement-del-medi-sise\/10-les-institucions-de-catalunya-espanya-i-europa\">https:\/\/sites.google.com\/a\/escolaelcim.com\/coneixement-del-medi-sise\/10-les-institucions-de-catalunya-espanya-i-europa<\/a><\/b><\/p>\n<p><b>P\u00e0gina Parlament Europeu <\/b><b><a href=\"https:\/\/www.europarl.europa.eu\/news\/es\/headlines\/eu-affairs\/20180126STO94114\/infografia-cuantos-escanos-tiene-cada-pais-en-el-parlamento-europeo\">https:\/\/www.europarl.europa.eu\/news\/es\/headlines\/eu-affairs\/20180126STO94114\/infografia-cuantos-escanos-tiene-cada-pais-en-el-parlamento-europeo<\/a><\/b><\/p>\n<h2><b>PROPOSTA 5: \u201c<\/b><b>LECTURES FETES\u201d <\/b><b>(Aquesta proposta la fareu fins a final de curs)<\/b><\/h2>\n<p><b><a href=\"https:\/\/edumet.cat\/areatac\/p_coronavirus\/fitxers\/1OAT_-sDFTu24OEB8qBDdpmIU9mveWUCC6OF46uMpVUQ\/documents\/lectures_fetes_sup.pdf\">https:\/\/edumet.cat\/areatac\/p_coronavirus\/fitxers\/1OAT_-sDFTu24OEB8qBDdpmIU9mveWUCC6OF46uMpVUQ\/documents\/lectures_fetes_sup.pdf<\/a><\/b><\/p>\n<p><a href=\"https:\/\/edumet.cat\/areatac\/p_coronavirus\/fitxers\/1OAT_-sDFTu24OEB8qBDdpmIU9mveWUCC6OF46uMpVUQ\/documents\/lectures_fetes_mitja.pdf\"><b>https:\/\/edumet.cat\/areatac\/p_coronavirus\/fitxers\/1OAT_-sDFTu24OEB8qBDdpmIU9mveWUCC6OF46uMpVUQ\/documents\/lectures_fetes_mitja.pdf<\/b><\/a><\/p>\n<p><span style=\"font-weight: 400;\">Aquest link (fixeu-vos que hi ha un per cicle mitj\u00e0 (4t) i un altre per cicle superior (5\u00e8 i 6\u00e8)), us porta a un full que heu de descarregar per anar emplenant els t\u00edtols dels llibres que aneu llegint durant tot aquest temps. Al final del confinament se us demanar\u00e0. S\u00f3n lectures per anar fent al llarg de la setmana i que heu de fer DURANT TOT EL CONFINAMENT. <\/span><b>Recordeu que cada dia tenim 30 min de lectura.\u00a0<\/b><\/p>\n<h3><b>ACTIVITATS VOLUNT\u00c0RIES<\/b><b>: PER SI TENIU M\u00c9S GANES I TEMPS DE TREBALLAR, US DEIXEM M\u00c9S PROPOSTES:<\/b><\/h3>\n<p><b>\u00c0MBIT DE LLENGUA:<\/b><\/p>\n<p><b>\u00bfPARA QU\u00c9 SE INVENTAN LAS CANCIONES?<\/b><\/p>\n<p><span style=\"font-weight: 400;\"><a href=\"https:\/\/text-lagalera.cat\/interact\/public\/ITINERARIS\/mostres\/IT4C25\/index.html\">https:\/\/text-lagalera.cat\/interact\/public\/ITINERARIS\/mostres\/IT4C25\/index.html<\/a><\/span><\/p>\n<p><b>\u00bfC\u00d3MO SE ESCRIBE UN DI\u00c1LOGO?<\/b><\/p>\n<p><span style=\"font-weight: 400;\"><a href=\"https:\/\/text-lagalera.cat\/interact\/public\/ITINERARIS\/mostres\/IT6C17\/index.html\">https:\/\/text-lagalera.cat\/interact\/public\/ITINERARIS\/mostres\/IT6C17\/index.html<\/a><\/span><\/p>\n<p><b>\u00c0MBIT DE MATEM\u00c0TIQUES<\/b><\/p>\n<p><b>COM CONEIXEM LA HIST\u00d2RIA A TRAV\u00c9S DE LES EXCAVACIONS ARQUEOL\u00d2GIQUES?<\/b><\/p>\n<p><span style=\"font-weight: 400;\"><a href=\"https:\/\/text-lagalera.cat\/interact\/public\/ITINERARIS\/mostres\/IT3M28\/index.html\">https:\/\/text-lagalera.cat\/interact\/public\/ITINERARIS\/mostres\/IT3M28\/index.html<\/a><\/span><\/p>\n<p><b>QUANT MENJAR PODEM GUARDAR?\u00a0<\/b><\/p>\n<p><span style=\"font-weight: 400;\"><a href=\"https:\/\/text-lagalera.cat\/interact\/public\/ITINERARIS\/mostres\/IT5M27\/index.html\">https:\/\/text-lagalera.cat\/interact\/public\/ITINERARIS\/mostres\/IT5M27\/index.html<\/a><\/span><\/p>\n<h2><b>AUTOAVALUACI\u00d3 NENS\/ES: (poseu una X)<\/b><\/h2>\n<table>\n<tbody>\n<tr>\n<td><b>Comprovo si:<\/b><\/td>\n<td><b>gens<\/b><\/td>\n<td><b>poc\/a<\/b><\/td>\n<td><b>bastant<\/b><\/td>\n<td><b>molt\/a<\/b><\/td>\n<\/tr>\n<tr>\n<td><b>He gaudit fent el diari emocional?<\/b><\/td>\n<td><\/td>\n<td><\/td>\n<td><\/td>\n<td><\/td>\n<\/tr>\n<tr>\n<td><b>He experimentat noves emocions i he sigut capa\u00e7 d\u2019expressar-les<\/b><\/td>\n<td><\/td>\n<td><\/td>\n<td><\/td>\n<td><\/td>\n<\/tr>\n<tr>\n<td><b>He conegut an\u00e8cdotes que desconeixia de la meva fam\u00edlia ?<\/b><\/td>\n<td><\/td>\n<td><\/td>\n<td><\/td>\n<td><\/td>\n<\/tr>\n<tr>\n<td><b>He realitzat la mitja hora de lectura di\u00e0ria?<\/b><\/td>\n<td colspan=\"2\"><b>no:<\/b><\/td>\n<td colspan=\"2\"><b>s\u00ed:<\/b><\/td>\n<\/tr>\n<tr>\n<td><b>M\u2019agraden les activitats que estem fent?<\/b><\/td>\n<td><\/td>\n<td><\/td>\n<td><\/td>\n<td><\/td>\n<\/tr>\n<tr>\n<td><b>Em semblen dif\u00edcils?<\/b><\/td>\n<td><\/td>\n<td><\/td>\n<td><\/td>\n<td><\/td>\n<\/tr>\n<tr>\n<td><b>Quanta estona faig de feina cada dia?<\/b><\/td>\n<td colspan=\"4\"><b>Digues quanta estona:<\/b><\/td>\n<\/tr>\n<tr>\n<td><b>He tingut els recursos i eines necessaris per fer les activitats?<\/b><\/td>\n<td colspan=\"2\"><b>no:<\/b><\/td>\n<td colspan=\"2\"><b>s\u00ed:<\/b><\/td>\n<\/tr>\n<tr>\n<td><b>He apr\u00e8s conceptes nous?<\/b><\/td>\n<td><\/td>\n<td><\/td>\n<td><\/td>\n<td><\/td>\n<\/tr>\n<tr>\n<td><b>He gaudit amb fam\u00edlia fent totes les propostes?<\/b><\/td>\n<td><\/td>\n<td><\/td>\n<td><\/td>\n<td><\/td>\n<\/tr>\n<tr>\n<td><b>M\u2019he esfor\u00e7at en totes les tasques?<\/b><\/td>\n<td><\/td>\n<td><\/td>\n<td><\/td>\n<td><\/td>\n<\/tr>\n<tr>\n<td><b>He demanat ajuda si m\u2019ha calgut?<\/b><\/td>\n<td><\/td>\n<td><\/td>\n<td><\/td>\n<td><\/td>\n<\/tr>\n<tr>\n<td><b>Vols proposar alguna activitat?<\/b><\/td>\n<td colspan=\"4\"><b>Explica-la:<\/b><\/td>\n<\/tr>\n<\/tbody>\n<\/table>\n<p><b style=\"font-family: inherit; font-size: 1em;\">Ens agradaria tenir en compte la vostra opini\u00f3 per poder millorar la proposta educativa. Per aix\u00f2 us demanem que ompliu aquesta taula de sota:<\/b><\/p>\n<h2><b>VALORACI\u00d3 FAM\u00cdLIES:<\/b><b> (poseu una X)<\/b><\/h2>\n<table>\n<tbody>\n<tr>\n<td><\/td>\n<td><b>gens<\/b><\/td>\n<td><b>poc\/a<\/b><\/td>\n<td><b>bastant<\/b><\/td>\n<td><b>molt\/a<\/b><\/td>\n<\/tr>\n<tr>\n<td><b>Considereu que la quantitat de tasques encomanades s\u00f3n adequades pel vostre fill\/a?<\/b><\/td>\n<td><\/td>\n<td><\/td>\n<td><\/td>\n<td><\/td>\n<\/tr>\n<tr>\n<td><b>Les propostes did\u00e0ctiques s\u00f3n motivadores?<\/b><\/td>\n<td><\/td>\n<td><\/td>\n<td><\/td>\n<td><\/td>\n<\/tr>\n<tr>\n<td><b>Penseu que el tipus d\u2019activitats s\u2019adeq\u00fcen a les necessitats del vostre fill\/a?<\/b><\/td>\n<td><\/td>\n<td><\/td>\n<td><\/td>\n<td><\/td>\n<\/tr>\n<tr>\n<td><b>Veieu al vostre\/a fill\/a motivat\/da i implicat\/da per la feina?<\/b><\/td>\n<td><\/td>\n<td><\/td>\n<td><\/td>\n<td><\/td>\n<\/tr>\n<tr>\n<td><b>Veieu al vostre\/a fill\/a aut\u00f2nom\/a a l\u2019hora de realitzar les tasques?<\/b><\/td>\n<td><\/td>\n<td><\/td>\n<td><\/td>\n<td><\/td>\n<\/tr>\n<tr>\n<td><b>Voleu plantejar alguna proposta de millora?<\/b><\/td>\n<td colspan=\"4\"><b>Explica-la:<\/b><\/td>\n<\/tr>\n<\/tbody>\n<\/table>\n<p>&nbsp;<\/p>\n","protected":false},"excerpt":{"rendered":"<p>Benvolgudes fam\u00edlies Desitgem de tot cor que us trobeu b\u00e9 !!! PROPOSTA 1: \u201c\u201dACOMPANYAMENT EMOCIONAL\u201d. Recordeu fer el diari emocional (arbre) de la setmana i enviar-lo al tutor\/a emplenat (\u00c0mbit de valors).\u00a0 Tamb\u00e9 recordeu anar treballant la capsa de la gratitud i la capsa de les pors durant aquests dies. No oblideu fer les meditacions [&hellip;]<\/p>\n","protected":false},"author":1,"featured_media":7661,"comment_status":"open","ping_status":"closed","sticky":false,"template":"","format":"standard","meta":{"_bbp_topic_count":0,"_bbp_reply_count":0,"_bbp_total_topic_count":0,"_bbp_total_reply_count":0,"_bbp_voice_count":0,"_bbp_anonymous_reply_count":0,"_bbp_topic_count_hidden":0,"_bbp_reply_count_hidden":0,"_bbp_forum_subforum_count":0,"site-sidebar-layout":"default","site-content-layout":"","ast-site-content-layout":"","site-content-style":"default","site-sidebar-style":"default","ast-global-header-display":"","ast-banner-title-visibility":"","ast-main-header-display":"","ast-hfb-above-header-display":"","ast-hfb-below-header-display":"","ast-hfb-mobile-header-display":"","site-post-title":"","ast-breadcrumbs-content":"","ast-featured-img":"","footer-sml-layout":"","theme-transparent-header-meta":"","adv-header-id-meta":"","stick-header-meta":"","header-above-stick-meta":"","header-main-stick-meta":"","header-below-stick-meta":"","astra-migrate-meta-layouts":"default","ast-page-background-enabled":"default","ast-page-background-meta":{"desktop":{"background-color":"var(--ast-global-color-4)","background-image":"","background-repeat":"repeat","background-position":"center center","background-size":"auto","background-attachment":"scroll","background-type":"","background-media":"","overlay-type":"","overlay-color":"","overlay-opacity":"","overlay-gradient":""},"tablet":{"background-color":"","background-image":"","background-repeat":"repeat","background-position":"center center","background-size":"auto","background-attachment":"scroll","background-type":"","background-media":"","overlay-type":"","overlay-color":"","overlay-opacity":"","overlay-gradient":""},"mobile":{"background-color":"","background-image":"","background-repeat":"repeat","background-position":"center center","background-size":"auto","background-attachment":"scroll","background-type":"","background-media":"","overlay-type":"","overlay-color":"","overlay-opacity":"","overlay-gradient":""}},"ast-content-background-meta":{"desktop":{"background-color":"var(--ast-global-color-5)","background-image":"","background-repeat":"repeat","background-position":"center center","background-size":"auto","background-attachment":"scroll","background-type":"","background-media":"","overlay-type":"","overlay-color":"","overlay-opacity":"","overlay-gradient":""},"tablet":{"background-color":"var(--ast-global-color-5)","background-image":"","background-repeat":"repeat","background-position":"center center","background-size":"auto","background-attachment":"scroll","background-type":"","background-media":"","overlay-type":"","overlay-color":"","overlay-opacity":"","overlay-gradient":""},"mobile":{"background-color":"var(--ast-global-color-5)","background-image":"","background-repeat":"repeat","background-position":"center center","background-size":"auto","background-attachment":"scroll","background-type":"","background-media":"","overlay-type":"","overlay-color":"","overlay-opacity":"","overlay-gradient":""}},"footnotes":""},"categories":[72],"tags":[],"class_list":["post-7660","post","type-post","status-publish","format-standard","has-post-thumbnail","hentry","category-cicle-grans"],"post_mailing_queue_ids":[],"_links":{"self":[{"href":"https:\/\/agora.xtec.cat\/esc-banyeres\/wp-json\/wp\/v2\/posts\/7660","targetHints":{"allow":["GET"]}}],"collection":[{"href":"https:\/\/agora.xtec.cat\/esc-banyeres\/wp-json\/wp\/v2\/posts"}],"about":[{"href":"https:\/\/agora.xtec.cat\/esc-banyeres\/wp-json\/wp\/v2\/types\/post"}],"author":[{"embeddable":true,"href":"https:\/\/agora.xtec.cat\/esc-banyeres\/wp-json\/wp\/v2\/users\/1"}],"replies":[{"embeddable":true,"href":"https:\/\/agora.xtec.cat\/esc-banyeres\/wp-json\/wp\/v2\/comments?post=7660"}],"version-history":[{"count":3,"href":"https:\/\/agora.xtec.cat\/esc-banyeres\/wp-json\/wp\/v2\/posts\/7660\/revisions"}],"predecessor-version":[{"id":7666,"href":"https:\/\/agora.xtec.cat\/esc-banyeres\/wp-json\/wp\/v2\/posts\/7660\/revisions\/7666"}],"wp:featuredmedia":[{"embeddable":true,"href":"https:\/\/agora.xtec.cat\/esc-banyeres\/wp-json\/wp\/v2\/media\/7661"}],"wp:attachment":[{"href":"https:\/\/agora.xtec.cat\/esc-banyeres\/wp-json\/wp\/v2\/media?parent=7660"}],"wp:term":[{"taxonomy":"category","embeddable":true,"href":"https:\/\/agora.xtec.cat\/esc-banyeres\/wp-json\/wp\/v2\/categories?post=7660"},{"taxonomy":"post_tag","embeddable":true,"href":"https:\/\/agora.xtec.cat\/esc-banyeres\/wp-json\/wp\/v2\/tags?post=7660"}],"curies":[{"name":"wp","href":"https:\/\/api.w.org\/{rel}","templated":true}]}}