{"id":7587,"date":"2020-05-04T11:01:14","date_gmt":"2020-05-04T09:01:14","guid":{"rendered":"http:\/\/agora.xtec.cat\/esc-banyeres\/?p=7587"},"modified":"2020-05-04T12:51:41","modified_gmt":"2020-05-04T10:51:41","slug":"grup-de-grans-5e-i-6e-setmana-4-del-4-al-8-de-maig","status":"publish","type":"post","link":"https:\/\/agora.xtec.cat\/esc-banyeres\/cicle-grans\/cinque\/grup-de-grans-5e-i-6e-setmana-4-del-4-al-8-de-maig\/","title":{"rendered":"GRUP DE GRANS 5\u00e8 i 6\u00e8 &#8211; SETMANA 4 &#8211; del 4 al 8 de maig"},"content":{"rendered":"<p><b>GRUP DE GRANS- 5\u00c8 i 6 \u00e8<\/b><b>SETMANA\u00a0 4 &#8211; del 4 al 8 de maig\u00a0<\/b><\/p>\n<p><span style=\"font-weight: 400;\">Benvolgudes fam\u00edlies<\/span><\/p>\n<p><span style=\"font-weight: 400;\">Desitgem de tot cor que us trobeu b\u00e9 !!!<\/span><\/p>\n<p><b>PROPOSTA 1: \u201c<\/b><b>\u201dACOMPANYAMENT EMOCIONAL\u201d. <\/b><span style=\"font-weight: 400;\">Aquesta setmana treballarem la consci\u00e8ncia emocional . Qu\u00e8 sento? Que sentim? Una activitat per fer en fam\u00edlia. (<\/span><b>\u00c0mbit de valors).<\/b><span style=\"font-weight: 400;\">\u00a0\u00a0<\/span><\/p>\n<p><span style=\"font-weight: 400;\">Durant aquest confinament segur que esteu sentint diferents emocions al llarg dels dies per\u00f2 sou conscients de quines emocions esteu sentint ?<\/span><\/p>\n<p><span style=\"font-weight: 400;\">El diari emocional \u00e9s un bon recurs per identificar quines emocions estic sentint i poder-les acollir i gestionar des de l\u2019empatia. El respecte i el no judici. Les emocions no s\u00f3n ni bones ni dolentes , totes s\u00f3n necess\u00e0ries.<\/span><\/p>\n<p><span style=\"font-weight: 400;\">La forma d\u2019utilitzar el nostre diari emocional \u00e9s molt visual, heu de pintar (una poma, una flor, un sol) cada dia segons l\u2019emoci\u00f3 que esteu sentint , incl\u00fas podeu dividir l\u2019element i pintar diferents emocions que pugueu tenir al llarg del dia. Us aconsellem que per comen\u00e7ar us centreu en una o dos emocions al llarg del dia. A mida que vagin passant els dies veureu que el vostre paisatge s\u2019omple de colors segons com us aneu sentint.<\/span><\/p>\n<p><span style=\"text-decoration: underline;\"><span style=\"font-weight: 400;\">Qu\u00e8 podem adonar-nos amb el meu diari emocional<\/span><span style=\"font-weight: 400;\"> ?<\/span><\/span><\/p>\n<ul>\n<li style=\"font-weight: 400;\"><span style=\"font-weight: 400;\">Identificar quina o quines emocions estant visquent els vostres fills\/es aquests dies<\/span><\/li>\n<li style=\"font-weight: 400;\"><span style=\"font-weight: 400;\">Compartir les vostres emocions amb ells.<\/span><\/li>\n<li style=\"font-weight: 400;\"><span style=\"font-weight: 400;\">Saber gestionar les emocions desagradables (ira. tristesa, frustraci\u00f3, etc.)<\/span><\/li>\n<li style=\"font-weight: 400;\"><span style=\"font-weight: 400;\">Tenir un record d\u2019aquests dies i adonar-se dels aprenentatges que s\u2019han fet.<\/span><\/li>\n<li style=\"font-weight: 400;\"><span style=\"font-weight: 400;\">Ensenyar als nostres fills i filles que tot passa i que la nostra actitud \u00e9s vital per superar les dificultats.<\/span><\/li>\n<\/ul>\n<p><span style=\"font-weight: 400;\">Us animem a que cada membre de la fam\u00edlia tingui el seu arbre. Si no el podeu imprimir , \u00e9s un bon moment per dibuixar el vostre arbre personalitzat, recordeu que heu de dibuixar molts elements (dies del mes) i anant pintant-los cada dia.<\/span><\/p>\n<p><span style=\"font-weight: 400;\">Quan tingueu acabats els vostres arbres si us ve de gust els podeu compartir al nostre blog de l\u2019escola !!!!\u00a0<\/span><\/p>\n<ul>\n<li><b>L\u2019emoci\u00f3 que ens domina a casa\u00a0<\/b><\/li>\n<\/ul>\n<p><span style=\"font-weight: 400;\">Aquest joc us donar\u00e0 molta informaci\u00f3 i ser\u00e1 \u00fatil per canviar les coses a casa.\u00a0<\/span><\/p>\n<p><span style=\"font-weight: 400;\">Es tracta de preguntar als vostres fills i filles <\/span><b>quina emoci\u00f3 creuen que domina a casa<\/b><span style=\"font-weight: 400;\"> , despr\u00e9s de pintar cadasc\u00fa el vostre arbre. Observeu si coincidiu tots amb les mateixes , o si cap coincideix. Qu\u00e8 creieu qu\u00e8 significa si no coincideixen? Alguna cosa us <b><a href=\"https:\/\/agora.xtec.cat\/esc-banyeres\/wp-content\/uploads\/usu294\/2020\/05\/331D2748-9CFA-42C0-A972-FE163DBD61D8.jpeg\"><img loading=\"lazy\" decoding=\"async\" class=\"alignnone size-full wp-image-7591\" src=\"https:\/\/agora.xtec.cat\/esc-banyeres\/wp-content\/uploads\/usu294\/2020\/05\/331D2748-9CFA-42C0-A972-FE163DBD61D8.jpeg\" alt=\"\" width=\"1076\" height=\"1536\" srcset=\"https:\/\/agora.xtec.cat\/esc-banyeres\/wp-content\/uploads\/usu294\/2020\/05\/331D2748-9CFA-42C0-A972-FE163DBD61D8.jpeg 1076w, https:\/\/agora.xtec.cat\/esc-banyeres\/wp-content\/uploads\/usu294\/2020\/05\/331D2748-9CFA-42C0-A972-FE163DBD61D8-210x300.jpeg 210w, https:\/\/agora.xtec.cat\/esc-banyeres\/wp-content\/uploads\/usu294\/2020\/05\/331D2748-9CFA-42C0-A972-FE163DBD61D8-768x1096.jpeg 768w, https:\/\/agora.xtec.cat\/esc-banyeres\/wp-content\/uploads\/usu294\/2020\/05\/331D2748-9CFA-42C0-A972-FE163DBD61D8-717x1024.jpeg 717w\" sizes=\"auto, (max-width: 1076px) 100vw, 1076px\" \/><\/a><\/b><\/span><\/p>\n<p><span style=\"font-weight: 400;\">Ara feu la seg\u00fcent pregunta : <\/span><b>I quina us agradar\u00eda que domin\u00e9s ? <\/b><span style=\"font-weight: 400;\">i que cadasc\u00fa ho apunti en un paper i despr\u00e9s les dieu en veu alta. El seg\u00fcent pas ser\u00e1 consensuar una o m\u00e0xim 2 emocions (adoptar una decisi\u00f3 en com\u00fa comporta entrenar diferents habilitats, com una comunicaci\u00f3n positiva i el treball en equip).\u00a0<\/span><\/p>\n<p><span style=\"font-weight: 400;\">Ara ja teniu uns deures molt importants !!!!! Aconseguir-ho en equip ser\u00e1 l\u2019objectiu de TOTS !!!!<\/span><\/p>\n<p><b><a href=\"https:\/\/agora.xtec.cat\/esc-banyeres\/wp-content\/uploads\/usu294\/2020\/05\/1F89C569-5E3C-4E71-A80E-E1738B1D4F07.jpeg\"><img loading=\"lazy\" decoding=\"async\" class=\"alignnone size-full wp-image-7589\" src=\"https:\/\/agora.xtec.cat\/esc-banyeres\/wp-content\/uploads\/usu294\/2020\/05\/1F89C569-5E3C-4E71-A80E-E1738B1D4F07.jpeg\" alt=\"\" width=\"1509\" height=\"1158\" srcset=\"https:\/\/agora.xtec.cat\/esc-banyeres\/wp-content\/uploads\/usu294\/2020\/05\/1F89C569-5E3C-4E71-A80E-E1738B1D4F07.jpeg 1509w, https:\/\/agora.xtec.cat\/esc-banyeres\/wp-content\/uploads\/usu294\/2020\/05\/1F89C569-5E3C-4E71-A80E-E1738B1D4F07-300x230.jpeg 300w, https:\/\/agora.xtec.cat\/esc-banyeres\/wp-content\/uploads\/usu294\/2020\/05\/1F89C569-5E3C-4E71-A80E-E1738B1D4F07-768x589.jpeg 768w, https:\/\/agora.xtec.cat\/esc-banyeres\/wp-content\/uploads\/usu294\/2020\/05\/1F89C569-5E3C-4E71-A80E-E1738B1D4F07-1024x786.jpeg 1024w\" sizes=\"auto, (max-width: 1509px) 100vw, 1509px\" \/><\/a><\/b><\/p>\n<p><span style=\"font-weight: 400;\">Perqu\u00e8 la din\u00e1mica es converteixi en una eina \u00fatil, caldr\u00e0 que us pregunteu, de tant en tant : Nois, noies , avui quina ha estat l\u2019emoci\u00f3 dominant a casa ?<\/span><\/p>\n<p><b>TASQUES A REALITZAR:\u00a0<\/b><\/p>\n<p><span style=\"font-weight: 400;\">&#8211; fer el teu diari emocional per tot el mes (arbre impr\u00e8s o dibuixat) i enviar al tutor\/a cada setmana una imatge o foto d\u2019aquest arbre i com l\u2019 est\u00e0s fent (per tant, a final del mes de maig haur\u00e0s hagut d\u2019enviar 4 imatges i tindr\u00e0s l\u2019arbre complet amb el teu propi paisatge emocional)<\/span><\/p>\n<p><span style=\"font-weight: 400;\">&#8211; emplenar el full de l\u2019emoci\u00f3 que\u00a0 domina a casa<\/span><\/p>\n<p><b>PROPOSTA 2: \u201c<\/b><b>\u201dQUANTA AIGUA CONSUMIM?\u201d<\/b><span style=\"font-weight: 400;\">. Treballarem la mesura de la capacitat: instruments i unitats. (<\/span><b>\u00c0mbit matem\u00e0tic). <\/b><span style=\"font-weight: 400;\">En aquest link trobareu una proposta en forma de quadernet, que us ajudar\u00e0 a pensar coses per millorar el consum d\u2019aigua (amb preguntes que haureu de contestar). Escriu les respostes a la llibreta o fulls i envia les fotos de la feina al tutor\/a o fes-ho directament amb un word si tens possibilitat.<\/span><\/p>\n<p><a href=\"https:\/\/text-lagalera.cat\/interact\/public\/ITINERARIS\/mostres\/IT5M23\/index.html\"><b>https:\/\/text-lagalera.cat\/interact\/public\/ITINERARIS\/mostres\/IT5M23\/index.html<\/b><\/a><\/p>\n<p><b>PROPOSTA 3: \u201c<\/b><b>LECTURES FETES\u201d <\/b><b>(Aquesta proposta la fareu fins a final de curs)<\/b><\/p>\n<p><a href=\"https:\/\/edumet.cat\/areatac\/p_coronavirus\/fitxers\/1OAT_-sDFTu24OEB8qBDdpmIU9mveWUCC6OF46uMpVUQ\/documents\/lectures_fetes_sup.pdf\"><b>https:\/\/edumet.cat\/areatac\/p_coronavirus\/fitxers\/1OAT_-sDFTu24OEB8qBDdpmIU9mveWUCC6OF46uMpVUQ\/documents\/lectures_fetes_sup.pdf<\/b><\/a><\/p>\n<p><span style=\"font-weight: 400;\">Aquest link (fixeu-vos que hi ha un per cicle mitj\u00e0 (4t) i un altre per cicle superior (5\u00e8 i 6\u00e8)), us porta a un full que heu de descarregar per anar emplenant els t\u00edtols dels llibres que aneu llegint durant tot aquest temps. Al final del confinament se us demanar\u00e0. S\u00f3n lectures per anar fent al llarg de la setmana i que heu de fer DURANT TOT EL CONFINAMENT. <\/span><b>Recordeu que cada dia tenim 30 min de lectura.\u00a0<\/b><\/p>\n<p><b>PROPOSTA 4: \u201c<\/b><b>CARTES AMB COR\u201d (\u00c0mbit ling\u00fc\u00edstic)<\/b><\/p>\n<p><span style=\"font-weight: 400;\">El coronavirus ha fet que ens haguem de quedar a casa per protegir-nos; per\u00f2 moltes persones han de sortir per cuidar de tots nosaltres. S\u00f3n les que s\u2019ocupen d\u2019atendre els malalts als hospitals, les que ens atenen a les farm\u00e0cies i als supermercats i en tots els serveis b\u00e0sics i de seguretat&#8230;<\/span><\/p>\n<p><span style=\"font-weight: 400;\">Els podem agrair la feina que fan <\/span><b>enviant-los cartes, postals, dibuixos<\/b><span style=\"font-weight: 400;\"> i totes aquelles creacions que ens permetin expressar el nostre agra\u00efment i solidaritat. Aqu\u00ed us deixem el link perqu\u00e8 mireu els consells que us donen per fer les cartes,postals&#8230;<\/span><\/p>\n<p><b>TASQUES A REALITZAR:\u00a0<\/b><\/p>\n<p><span style=\"font-weight: 400;\">-fer carta, postal o dibuix<\/span><\/p>\n<p><span style=\"font-weight: 400;\">-enviar-la a alguna adre\u00e7a de sota<\/span><\/p>\n<p><span style=\"font-weight: 400;\">-enviar al tutor\/a una foto de la carta, postal o dibuix<\/span><\/p>\n<p><b>MIRAR PDF ADJUNT CARTES AMB COR PRIM\u00c0RIA<\/b><\/p>\n<p><b>Hospitals del nostre territori: Els e-mails perqu\u00e8 envieu les cartes s\u00f3n els seg\u00fcents:\u00a0<\/b><\/p>\n<p><span style=\"font-weight: 400;\">Hospital Sant Joan (Reus):\u00a0<a href=\"escripturapinturacura@hospitalsantjoan.cat\">escripturapinturacura@hospitalsantjoan.cat<\/a><\/span><\/p>\n<p><span style=\"font-weight: 400;\">Hospital Santa Tecla (Tarragona):\u00a0<a href=\"anims@xarxatecla.cat\">anims@xarxatecla.cat<\/a><\/span><\/p>\n<p><span style=\"font-weight: 400;\">Hospital Pere Mata (Reus):<a href=\"cartesperemata@gmail.com\">cartesperemata@gmail.com<\/a><\/span><\/p>\n<p><b>PROPOSTA 5: \u201c<\/b><b>REP\u00c0S EXCEL\u201d (\u00c0mbit digital)<\/b><\/p>\n<p><span style=\"font-weight: 400;\">Repassem all\u00f2 que vam treballar amb el full de c\u00e0lcul, en aquest cas amb l\u2019Excel.<\/span><\/p>\n<p><span style=\"font-weight: 400;\">L\u2019any passat, al maig, hi va haver eleccions a gaireb\u00e9 totes les poblacions de l\u2019estat espanyol i, per tant, tamb\u00e9 al poble de Banyeres del Pened\u00e8s on hi van haver els seg\u00fcents resultats:<\/span><\/p>\n<table>\n<tbody>\n<tr>\n<td><b>Partits<\/b><\/td>\n<td><b>N\u00ba Vots<\/b><\/td>\n<td><b>Escons<\/b><\/td>\n<\/tr>\n<tr>\n<td><span style=\"font-weight: 400;\">ERC<\/span><\/td>\n<td><span style=\"font-weight: 400;\">634<\/span><\/td>\n<td><span style=\"font-weight: 400;\">5<\/span><\/td>\n<\/tr>\n<tr>\n<td><span style=\"font-weight: 400;\">PSC<\/span><\/td>\n<td><span style=\"font-weight: 400;\">385<\/span><\/td>\n<td><span style=\"font-weight: 400;\">3<\/span><\/td>\n<\/tr>\n<tr>\n<td><span style=\"font-weight: 400;\">JxCat<\/span><\/td>\n<td><span style=\"font-weight: 400;\">305<\/span><\/td>\n<td><span style=\"font-weight: 400;\">2<\/span><\/td>\n<\/tr>\n<tr>\n<td><span style=\"font-weight: 400;\">En Com\u00fa<\/span><\/td>\n<td><span style=\"font-weight: 400;\">146<\/span><\/td>\n<td><span style=\"font-weight: 400;\">1<\/span><\/td>\n<\/tr>\n<tr>\n<td><span style=\"font-weight: 400;\">PP<\/span><\/td>\n<td><span style=\"font-weight: 400;\">72<\/span><\/td>\n<td><span style=\"font-weight: 400;\">0<\/span><\/td>\n<\/tr>\n<\/tbody>\n<\/table>\n<p><span style=\"font-weight: 400;\">Amb aquestes dades haurem de fer el seg\u00fcent:<\/span><\/p>\n<ol>\n<li style=\"font-weight: 400;\"><span style=\"font-weight: 400;\">Copiar-les al full de c\u00e0lcul, i afegir-hi al final la casella TOTAL. Aix\u00ed:\u00a0<\/span><\/li>\n<li><a href=\"https:\/\/agora.xtec.cat\/esc-banyeres\/wp-content\/uploads\/usu294\/2020\/05\/9CAC15CB-E853-4A21-9C81-75E32AF3C595.jpeg\"><img loading=\"lazy\" decoding=\"async\" class=\"alignnone size-full wp-image-7601\" src=\"https:\/\/agora.xtec.cat\/esc-banyeres\/wp-content\/uploads\/usu294\/2020\/05\/9CAC15CB-E853-4A21-9C81-75E32AF3C595.jpeg\" alt=\"\" width=\"607\" height=\"340\" srcset=\"https:\/\/agora.xtec.cat\/esc-banyeres\/wp-content\/uploads\/usu294\/2020\/05\/9CAC15CB-E853-4A21-9C81-75E32AF3C595.jpeg 607w, https:\/\/agora.xtec.cat\/esc-banyeres\/wp-content\/uploads\/usu294\/2020\/05\/9CAC15CB-E853-4A21-9C81-75E32AF3C595-300x168.jpeg 300w\" sizes=\"auto, (max-width: 607px) 100vw, 607px\" \/><\/a><span style=\"font-weight: 400;\">Heu de fer que a la casella corresponent el full de c\u00e0lcul posi el total de vots i el total d\u2019escons. Ho ha de calcular el mateix programa.<\/span><\/li>\n<li style=\"font-weight: 400;\"><span style=\"font-weight: 400;\">Per acabar heu de fer una gr\u00e0fica de columnes amb el n\u00famero de vots i una gr\u00e0fica circular amb el n\u00famero d\u2019escons. A aquestes gr\u00e0fiques hi hem de posar les dades i el t\u00edtol corresponent a cada apartat.<\/span><\/li>\n<\/ol>\n<p><span style=\"font-weight: 400;\">Recordeu, una gr\u00e0fica de columnes \u00e9s aix\u00ed, com la que vam fer a classe:<\/span><\/p>\n<p>&nbsp;<\/p>\n<p><a href=\"https:\/\/agora.xtec.cat\/esc-banyeres\/wp-content\/uploads\/usu294\/2020\/05\/ED2C1F07-C458-4011-982C-31D5A4E51133.jpeg\"><img loading=\"lazy\" decoding=\"async\" class=\"alignnone size-full wp-image-7602\" src=\"https:\/\/agora.xtec.cat\/esc-banyeres\/wp-content\/uploads\/usu294\/2020\/05\/ED2C1F07-C458-4011-982C-31D5A4E51133.jpeg\" alt=\"\" width=\"1248\" height=\"1475\" srcset=\"https:\/\/agora.xtec.cat\/esc-banyeres\/wp-content\/uploads\/usu294\/2020\/05\/ED2C1F07-C458-4011-982C-31D5A4E51133.jpeg 1248w, https:\/\/agora.xtec.cat\/esc-banyeres\/wp-content\/uploads\/usu294\/2020\/05\/ED2C1F07-C458-4011-982C-31D5A4E51133-254x300.jpeg 254w, https:\/\/agora.xtec.cat\/esc-banyeres\/wp-content\/uploads\/usu294\/2020\/05\/ED2C1F07-C458-4011-982C-31D5A4E51133-768x908.jpeg 768w, https:\/\/agora.xtec.cat\/esc-banyeres\/wp-content\/uploads\/usu294\/2020\/05\/ED2C1F07-C458-4011-982C-31D5A4E51133-866x1024.jpeg 866w\" sizes=\"auto, (max-width: 1248px) 100vw, 1248px\" \/><\/a><\/p>\n<p><span style=\"font-weight: 400;\">I la gr\u00e0fica circular \u00e9s com aquesta:<\/span><\/p>\n<p><span style=\"font-weight: 400;\">Els t\u00edtols (Partits, N\u00ba de vots, Escons) els podeu decorar (posar les lletres de color, subratllar-los amb color, canviar el color de la cel\u00b7la&#8230;).<\/span><\/p>\n<p><span style=\"font-weight: 400;\">Per qualsevol dubte que tingueu i per enviar-me les tasques ho podeu fer al correu <\/span><span style=\"font-weight: 400;\">jrodri90@xtec.cat<\/span><span style=\"font-weight: 400;\">\u00a0<\/span><\/p>\n<p><b>TASQUES A REALITZAR:<\/b><\/p>\n<p><span style=\"font-weight: 400;\">-Enviar la taula amb la suma de vots i escons<\/span><\/p>\n<p><span style=\"font-weight: 400;\">-Enviar gr\u00e0fica de barres<\/span><\/p>\n<p><span style=\"font-weight: 400;\">-Enviar gr\u00e0fica circular<\/span><\/p>\n<p><b>AUTOAVALUACI\u00d3 NENS\/ES: (poseu una X)<\/b><b>\u00a0\u00a0\u00a0 <\/b><b>\u00a0\u00a0\u00a0 <\/b><\/p>\n<table>\n<tbody>\n<tr>\n<td><b>Comprovo si:<\/b><\/td>\n<td><b>gens<\/b><\/td>\n<td><b>poc\/a<\/b><\/td>\n<td><b>bastant<\/b><\/td>\n<td><b>molt\/a<\/b><\/td>\n<\/tr>\n<tr>\n<td><b>He gaudit fent el diari emocional?<\/b><\/td>\n<td><\/td>\n<td><\/td>\n<td><\/td>\n<td><\/td>\n<\/tr>\n<tr>\n<td><b>He experimentat noves emocions i he sigut capa\u00e7 d\u2019expressar-les<\/b><\/td>\n<td><\/td>\n<td><\/td>\n<td><\/td>\n<td><\/td>\n<\/tr>\n<tr>\n<td><b>He realitzat la mitja hora de lectura di\u00e0ria?<\/b><\/td>\n<td colspan=\"2\"><b>no:<\/b><\/td>\n<td colspan=\"2\"><b>s\u00ed:<\/b><\/td>\n<\/tr>\n<tr>\n<td><b>M\u2019agraden les activitats que estem fent?<\/b><\/td>\n<td><\/td>\n<td><\/td>\n<td><\/td>\n<td><\/td>\n<\/tr>\n<tr>\n<td><b>Em semblen dif\u00edcils?<\/b><\/td>\n<td><\/td>\n<td><\/td>\n<td><\/td>\n<td><\/td>\n<\/tr>\n<tr>\n<td><b>Quanta estona faig de feina cada dia?<\/b><\/td>\n<td colspan=\"4\"><b>Digues quanta estona:<\/b><\/td>\n<\/tr>\n<tr>\n<td><b>He tingut els recursos i eines necessaris per fer les activitats?<\/b><\/td>\n<td colspan=\"2\"><b>no:<\/b><\/td>\n<td colspan=\"2\"><b>s\u00ed:<\/b><\/td>\n<\/tr>\n<tr>\n<td><b>He apr\u00e8s conceptes nous?<\/b><\/td>\n<td><\/td>\n<td><\/td>\n<td><\/td>\n<td><\/td>\n<\/tr>\n<tr>\n<td><b>He gaudit amb fam\u00edlia fent totes les propostes?<\/b><\/td>\n<td><\/td>\n<td><\/td>\n<td><\/td>\n<td><\/td>\n<\/tr>\n<tr>\n<td><b>M\u2019he esfor\u00e7at en totes les tasques?<\/b><\/td>\n<td><\/td>\n<td><\/td>\n<td><\/td>\n<td><\/td>\n<\/tr>\n<tr>\n<td><b>He demanat ajuda si m\u2019ha calgut?<\/b><\/td>\n<td><\/td>\n<td><\/td>\n<td><\/td>\n<td><\/td>\n<\/tr>\n<tr>\n<td><b>Vols proposar alguna activitat?<\/b><\/td>\n<td colspan=\"4\"><b>Expl\u00edca-la:<\/b><\/td>\n<\/tr>\n<\/tbody>\n<\/table>\n<p><b>Ens agradaria tenir en compte la vostra opini\u00f3 per poder millorar la proposta educativa. Per aix\u00f2 us demanem que ompliu aquesta taula de sota:<\/b><\/p>\n<p><b>VALORACI\u00d3 FAM\u00cdLIES:<\/b><b> (poseu una X)<\/b><b>\u00a0\u00a0\u00a0 <\/b><b>\u00a0\u00a0\u00a0 <\/b><\/p>\n<table>\n<tbody>\n<tr>\n<td><\/td>\n<td><b>gens<\/b><\/td>\n<td><b>poc\/a<\/b><\/td>\n<td><b>bastant<\/b><\/td>\n<td><b>molt\/a<\/b><\/td>\n<\/tr>\n<tr>\n<td><b>Considereu que la quantitat de tasques encomanades s\u00f3n adequades pel vostre fill\/a?<\/b><\/td>\n<td><\/td>\n<td><\/td>\n<td><\/td>\n<td><\/td>\n<\/tr>\n<tr>\n<td><b>Les propostes did\u00e0ctiques s\u00f3n motivadores?<\/b><\/td>\n<td><\/td>\n<td><\/td>\n<td><\/td>\n<td><\/td>\n<\/tr>\n<tr>\n<td><b>Penseu que el tipus d\u2019activitats s\u2019adeq\u00fcen a les necessitats del vostre fill\/a?<\/b><\/td>\n<td><\/td>\n<td><\/td>\n<td><\/td>\n<td><\/td>\n<\/tr>\n<tr>\n<td><b>Veieu al vostre\/a fill\/a motivat\/da i implicat\/da per la feina?<\/b><\/td>\n<td><\/td>\n<td><\/td>\n<td><\/td>\n<td><\/td>\n<\/tr>\n<tr>\n<td><b>Veieu al vostre\/a fill\/a aut\u00f2nom\/a a l\u2019hora de realitzar les tasques?<\/b><\/td>\n<td><\/td>\n<td><\/td>\n<td><\/td>\n<td><\/td>\n<\/tr>\n<tr>\n<td><b>Voleu plantejar alguna proposta de millora?<\/b><\/td>\n<td colspan=\"4\"><b>Expl\u00edca-la:<\/b><\/td>\n<\/tr>\n<\/tbody>\n<\/table>\n<p>&nbsp;<\/p>\n","protected":false},"excerpt":{"rendered":"<p>GRUP DE GRANS- 5\u00c8 i 6 \u00e8SETMANA\u00a0 4 &#8211; del 4 al 8 de maig\u00a0 Benvolgudes fam\u00edlies Desitgem de tot cor que us trobeu b\u00e9 !!! PROPOSTA 1: \u201c\u201dACOMPANYAMENT EMOCIONAL\u201d. Aquesta setmana treballarem la consci\u00e8ncia emocional . Qu\u00e8 sento? Que sentim? Una activitat per fer en fam\u00edlia. (\u00c0mbit de valors).\u00a0\u00a0 Durant aquest confinament segur que [&hellip;]<\/p>\n","protected":false},"author":1,"featured_media":0,"comment_status":"open","ping_status":"closed","sticky":false,"template":"","format":"standard","meta":{"_bbp_topic_count":0,"_bbp_reply_count":0,"_bbp_total_topic_count":0,"_bbp_total_reply_count":0,"_bbp_voice_count":0,"_bbp_anonymous_reply_count":0,"_bbp_topic_count_hidden":0,"_bbp_reply_count_hidden":0,"_bbp_forum_subforum_count":0,"site-sidebar-layout":"default","site-content-layout":"","ast-site-content-layout":"","site-content-style":"default","site-sidebar-style":"default","ast-global-header-display":"","ast-banner-title-visibility":"","ast-main-header-display":"","ast-hfb-above-header-display":"","ast-hfb-below-header-display":"","ast-hfb-mobile-header-display":"","site-post-title":"","ast-breadcrumbs-content":"","ast-featured-img":"","footer-sml-layout":"","theme-transparent-header-meta":"","adv-header-id-meta":"","stick-header-meta":"","header-above-stick-meta":"","header-main-stick-meta":"","header-below-stick-meta":"","astra-migrate-meta-layouts":"default","ast-page-background-enabled":"default","ast-page-background-meta":{"desktop":{"background-color":"var(--ast-global-color-4)","background-image":"","background-repeat":"repeat","background-position":"center center","background-size":"auto","background-attachment":"scroll","background-type":"","background-media":"","overlay-type":"","overlay-color":"","overlay-opacity":"","overlay-gradient":""},"tablet":{"background-color":"","background-image":"","background-repeat":"repeat","background-position":"center center","background-size":"auto","background-attachment":"scroll","background-type":"","background-media":"","overlay-type":"","overlay-color":"","overlay-opacity":"","overlay-gradient":""},"mobile":{"background-color":"","background-image":"","background-repeat":"repeat","background-position":"center center","background-size":"auto","background-attachment":"scroll","background-type":"","background-media":"","overlay-type":"","overlay-color":"","overlay-opacity":"","overlay-gradient":""}},"ast-content-background-meta":{"desktop":{"background-color":"var(--ast-global-color-5)","background-image":"","background-repeat":"repeat","background-position":"center center","background-size":"auto","background-attachment":"scroll","background-type":"","background-media":"","overlay-type":"","overlay-color":"","overlay-opacity":"","overlay-gradient":""},"tablet":{"background-color":"var(--ast-global-color-5)","background-image":"","background-repeat":"repeat","background-position":"center center","background-size":"auto","background-attachment":"scroll","background-type":"","background-media":"","overlay-type":"","overlay-color":"","overlay-opacity":"","overlay-gradient":""},"mobile":{"background-color":"var(--ast-global-color-5)","background-image":"","background-repeat":"repeat","background-position":"center center","background-size":"auto","background-attachment":"scroll","background-type":"","background-media":"","overlay-type":"","overlay-color":"","overlay-opacity":"","overlay-gradient":""}},"footnotes":""},"categories":[78,79],"tags":[],"class_list":["post-7587","post","type-post","status-publish","format-standard","hentry","category-cinque","category-sise"],"post_mailing_queue_ids":[],"_links":{"self":[{"href":"https:\/\/agora.xtec.cat\/esc-banyeres\/wp-json\/wp\/v2\/posts\/7587","targetHints":{"allow":["GET"]}}],"collection":[{"href":"https:\/\/agora.xtec.cat\/esc-banyeres\/wp-json\/wp\/v2\/posts"}],"about":[{"href":"https:\/\/agora.xtec.cat\/esc-banyeres\/wp-json\/wp\/v2\/types\/post"}],"author":[{"embeddable":true,"href":"https:\/\/agora.xtec.cat\/esc-banyeres\/wp-json\/wp\/v2\/users\/1"}],"replies":[{"embeddable":true,"href":"https:\/\/agora.xtec.cat\/esc-banyeres\/wp-json\/wp\/v2\/comments?post=7587"}],"version-history":[{"count":4,"href":"https:\/\/agora.xtec.cat\/esc-banyeres\/wp-json\/wp\/v2\/posts\/7587\/revisions"}],"predecessor-version":[{"id":7608,"href":"https:\/\/agora.xtec.cat\/esc-banyeres\/wp-json\/wp\/v2\/posts\/7587\/revisions\/7608"}],"wp:attachment":[{"href":"https:\/\/agora.xtec.cat\/esc-banyeres\/wp-json\/wp\/v2\/media?parent=7587"}],"wp:term":[{"taxonomy":"category","embeddable":true,"href":"https:\/\/agora.xtec.cat\/esc-banyeres\/wp-json\/wp\/v2\/categories?post=7587"},{"taxonomy":"post_tag","embeddable":true,"href":"https:\/\/agora.xtec.cat\/esc-banyeres\/wp-json\/wp\/v2\/tags?post=7587"}],"curies":[{"name":"wp","href":"https:\/\/api.w.org\/{rel}","templated":true}]}}