{"id":7469,"date":"2020-04-22T19:34:19","date_gmt":"2020-04-22T17:34:19","guid":{"rendered":"http:\/\/agora.xtec.cat\/esc-banyeres\/?p=7469"},"modified":"2020-04-23T17:41:47","modified_gmt":"2020-04-23T15:41:47","slug":"a-casa-tambe-volem-celebrar-sant-jordi","status":"publish","type":"post","link":"https:\/\/agora.xtec.cat\/esc-banyeres\/educacio-infantil\/a-casa-tambe-volem-celebrar-sant-jordi\/","title":{"rendered":"A CASA TAMB\u00c9 VOLEM CELEBRAR SANT JORDI!"},"content":{"rendered":"<p>Benvulgudes fam\u00edlies,<\/p>\n<p>Abans de res, moltes gr\u00e0cies per col\u00b7laborar amb nosaltres ajudant, als vostres fills\/es, en la realitzaci\u00f3 d&#8217;aquestes representacions art\u00edstiques per celebrar Sant Jordi i l&#8217;arribada de la Primavera, s\u00f3n magn\u00edfiques!<\/p>\n<p>Aqu\u00ed teniu la presentaci\u00f3 de tots els vostres treballs. Una forta abra\u00e7ada  i feli\u00e7 San Jordi 2020!<\/p>\n<p>L&#8217;EQUIP DE MESTRES<\/p>\n<p><a href=\"https:\/\/docs.google.com\/presentation\/d\/e\/2PACX-1vSqYyIzkd56L6UQexcawdrY6e6m3b-TrzENd9ls-20czrBttC4IHRE9QREFoHBjQprwW9SHQijSKsxg\/pub?start=true&#038;loop=false&#038;delayms=3000\">PRESENTACI\u00d3 D&#8217;INFANTIL<\/a><\/p>\n<p><a href=\"https:\/\/agora.xtec.cat\/esc-banyeres\/wp-content\/uploads\/usu294\/2020\/04\/descarga.jpg\"><img loading=\"lazy\" decoding=\"async\" src=\"https:\/\/agora.xtec.cat\/esc-banyeres\/wp-content\/uploads\/usu294\/2020\/04\/descarga-300x129.jpg\" alt=\"\" width=\"300\" height=\"129\" class=\"alignnone size-medium wp-image-7507\" srcset=\"https:\/\/agora.xtec.cat\/esc-banyeres\/wp-content\/uploads\/usu294\/2020\/04\/descarga-300x129.jpg 300w, https:\/\/agora.xtec.cat\/esc-banyeres\/wp-content\/uploads\/usu294\/2020\/04\/descarga.jpg 343w\" sizes=\"auto, (max-width: 300px) 100vw, 300px\" \/><\/a><\/p>\n","protected":false},"excerpt":{"rendered":"<p>Benvulgudes fam\u00edlies, Abans de res, moltes gr\u00e0cies per col\u00b7laborar amb nosaltres ajudant, als vostres fills\/es, en la realitzaci\u00f3 d&#8217;aquestes representacions art\u00edstiques per celebrar Sant Jordi i l&#8217;arribada de la Primavera, s\u00f3n magn\u00edfiques! Aqu\u00ed teniu la presentaci\u00f3 de tots els vostres treballs. Una forta abra\u00e7ada i feli\u00e7 San Jordi 2020! L&#8217;EQUIP DE MESTRES PRESENTACI\u00d3 D&#8217;INFANTIL<\/p>\n","protected":false},"author":1,"featured_media":7507,"comment_status":"open","ping_status":"closed","sticky":false,"template":"","format":"standard","meta":{"_bbp_topic_count":0,"_bbp_reply_count":0,"_bbp_total_topic_count":0,"_bbp_total_reply_count":0,"_bbp_voice_count":0,"_bbp_anonymous_reply_count":0,"_bbp_topic_count_hidden":0,"_bbp_reply_count_hidden":0,"_bbp_forum_subforum_count":0,"site-sidebar-layout":"default","site-content-layout":"","ast-site-content-layout":"","site-content-style":"default","site-sidebar-style":"default","ast-global-header-display":"","ast-banner-title-visibility":"","ast-main-header-display":"","ast-hfb-above-header-display":"","ast-hfb-below-header-display":"","ast-hfb-mobile-header-display":"","site-post-title":"","ast-breadcrumbs-content":"","ast-featured-img":"","footer-sml-layout":"","theme-transparent-header-meta":"","adv-header-id-meta":"","stick-header-meta":"","header-above-stick-meta":"","header-main-stick-meta":"","header-below-stick-meta":"","astra-migrate-meta-layouts":"default","ast-page-background-enabled":"default","ast-page-background-meta":{"desktop":{"background-color":"var(--ast-global-color-4)","background-image":"","background-repeat":"repeat","background-position":"center center","background-size":"auto","background-attachment":"scroll","background-type":"","background-media":"","overlay-type":"","overlay-color":"","overlay-opacity":"","overlay-gradient":""},"tablet":{"background-color":"","background-image":"","background-repeat":"repeat","background-position":"center center","background-size":"auto","background-attachment":"scroll","background-type":"","background-media":"","overlay-type":"","overlay-color":"","overlay-opacity":"","overlay-gradient":""},"mobile":{"background-color":"","background-image":"","background-repeat":"repeat","background-position":"center center","background-size":"auto","background-attachment":"scroll","background-type":"","background-media":"","overlay-type":"","overlay-color":"","overlay-opacity":"","overlay-gradient":""}},"ast-content-background-meta":{"desktop":{"background-color":"var(--ast-global-color-5)","background-image":"","background-repeat":"repeat","background-position":"center center","background-size":"auto","background-attachment":"scroll","background-type":"","background-media":"","overlay-type":"","overlay-color":"","overlay-opacity":"","overlay-gradient":""},"tablet":{"background-color":"var(--ast-global-color-5)","background-image":"","background-repeat":"repeat","background-position":"center center","background-size":"auto","background-attachment":"scroll","background-type":"","background-media":"","overlay-type":"","overlay-color":"","overlay-opacity":"","overlay-gradient":""},"mobile":{"background-color":"var(--ast-global-color-5)","background-image":"","background-repeat":"repeat","background-position":"center center","background-size":"auto","background-attachment":"scroll","background-type":"","background-media":"","overlay-type":"","overlay-color":"","overlay-opacity":"","overlay-gradient":""}},"footnotes":""},"categories":[82],"tags":[],"class_list":["post-7469","post","type-post","status-publish","format-standard","has-post-thumbnail","hentry","category-educacio-infantil"],"post_mailing_queue_ids":[],"_links":{"self":[{"href":"https:\/\/agora.xtec.cat\/esc-banyeres\/wp-json\/wp\/v2\/posts\/7469","targetHints":{"allow":["GET"]}}],"collection":[{"href":"https:\/\/agora.xtec.cat\/esc-banyeres\/wp-json\/wp\/v2\/posts"}],"about":[{"href":"https:\/\/agora.xtec.cat\/esc-banyeres\/wp-json\/wp\/v2\/types\/post"}],"author":[{"embeddable":true,"href":"https:\/\/agora.xtec.cat\/esc-banyeres\/wp-json\/wp\/v2\/users\/1"}],"replies":[{"embeddable":true,"href":"https:\/\/agora.xtec.cat\/esc-banyeres\/wp-json\/wp\/v2\/comments?post=7469"}],"version-history":[{"count":3,"href":"https:\/\/agora.xtec.cat\/esc-banyeres\/wp-json\/wp\/v2\/posts\/7469\/revisions"}],"predecessor-version":[{"id":7535,"href":"https:\/\/agora.xtec.cat\/esc-banyeres\/wp-json\/wp\/v2\/posts\/7469\/revisions\/7535"}],"wp:featuredmedia":[{"embeddable":true,"href":"https:\/\/agora.xtec.cat\/esc-banyeres\/wp-json\/wp\/v2\/media\/7507"}],"wp:attachment":[{"href":"https:\/\/agora.xtec.cat\/esc-banyeres\/wp-json\/wp\/v2\/media?parent=7469"}],"wp:term":[{"taxonomy":"category","embeddable":true,"href":"https:\/\/agora.xtec.cat\/esc-banyeres\/wp-json\/wp\/v2\/categories?post=7469"},{"taxonomy":"post_tag","embeddable":true,"href":"https:\/\/agora.xtec.cat\/esc-banyeres\/wp-json\/wp\/v2\/tags?post=7469"}],"curies":[{"name":"wp","href":"https:\/\/api.w.org\/{rel}","templated":true}]}}