{"id":7421,"date":"2020-04-14T14:34:28","date_gmt":"2020-04-14T12:34:28","guid":{"rendered":"http:\/\/agora.xtec.cat\/esc-banyeres\/?p=7421"},"modified":"2020-04-14T14:37:14","modified_gmt":"2020-04-14T12:37:14","slug":"propostes-educatives-per-la-setmana-del-14-al-17-dabril","status":"publish","type":"post","link":"https:\/\/agora.xtec.cat\/esc-banyeres\/cicle-grans\/propostes-educatives-per-la-setmana-del-14-al-17-dabril\/","title":{"rendered":"PROPOSTES EDUCATIVES PER LA SETMANA DEL 14 AL 17 D\u2019ABRIL"},"content":{"rendered":"<p>14 d\u2019abril del 2020<\/p>\n<p>Bon dia nens i nenes,<\/p>\n<p>amb aquest document us volem fer arribar les recomanacions per treballar les noves propostes a partir d\u2019ara, tenint en compte la situaci\u00f3 de confinament que estem vivint tothom.<\/p>\n<p>\u00c9s important que tingueu clar que no treballarem com a l\u2019aula ordin\u00e0ria, \u00e9s a dir, no farem un horari per assignatures, sin\u00f3 que treballarem de manera semblant a com ho est\u00e0vem fent amb els projectes de medi, \u00e9s a dir, de manera interdisciplinar (tocant totes les \u00e0rees).<\/p>\n<p>Tenint en compte que la situaci\u00f3 i els recursos de cadasc\u00fa s\u00f3n diferents, i no oblidant que us heu d\u2019esfor\u00e7ar i continuar treballant durant el trimestre, us animem a fer tot el que pugueu i fins on arribeu!!!!<br \/>\nNo oblideu que les activitats art\u00edstiques i creatives (musicals , pl\u00e0stiques, receptes, experiments, manualitats) i les rutines d\u2019exercici us aniran molt b\u00e9 per mantenir-vos sans i en forma.<br \/>\nLa bona alimentaci\u00f3 aquests dies \u00e9s b\u00e0sica per mantenir-vos desperts, tranquils i amb ganes de treballar.<br \/>\nRecordeu ajudar a les tasques de casa, ja que sou un membre m\u00e9s de la fam\u00edlia i teniu la vostra responsabilitat.<br \/>\n\u00c0nims i\u2026. a per la feina!<\/p>\n<p>Una abra\u00e7ada per part de tot l\u2019equip de mestres de l\u2019escola Mare de D\u00e9u del Priorat.<\/p>\n<p>&nbsp;<\/p>\n<h2><b>GRUP DE GRANS- <\/b><b>SETMANA\u00a0 14 al 17 d\u2019abril:<\/b><\/h2>\n<p>&nbsp;<\/p>\n<h3><b>PROPOSTA 1:\u00a0 <\/b><b>\u201cFEM SALUT\u201d<\/b><\/h3>\n<p><a href=\"https:\/\/edumet.cat\/areatac\/p_coronavirus\/fitxers\/documents\/curriculum\/fem_salut.pdf\"><b>https:\/\/edumet.cat\/areatac\/p_coronavirus\/fitxers\/documents\/curriculum\/fem_salut.pdf<\/b><\/a><\/p>\n<p>&nbsp;<\/p>\n<p><b>RECOMANACIONS PER TREBALLAR LES NOVES PROPOSTES (cada setmana us enviarem v\u00e0ries):<\/b><\/p>\n<ul>\n<li style=\"font-weight: 400;\"><span style=\"font-weight: 400;\">Busqueu un <\/span><b>espai i lloc tranqu<\/b><span style=\"font-weight: 400;\">il on poder concentrar-vos i treballar.<\/span><\/li>\n<\/ul>\n<p>&nbsp;<\/p>\n<ul>\n<li style=\"font-weight: 400;\"><span style=\"font-weight: 400;\">\u00c9s molt important que <\/span><b>treballeu en silenci i que demaneu un temps a casa<\/b><span style=\"font-weight: 400;\"> per fer els deures sense que ning\u00fa us pugui interrompre.<\/span><\/li>\n<\/ul>\n<p>&nbsp;<\/p>\n<ul>\n<li style=\"font-weight: 400;\"><span style=\"font-weight: 400;\">Aneu a la part de sota d\u2019aquest document i <\/span><b>obriu el link de la proposta \u201cFEM SALUT\u201d, llegiu: el Qu\u00e8 he de fer, Qu\u00e8 necessito, Com ho puc fer, Qu\u00e8 puc consultar i Com ho puc compartir.<\/b><span style=\"font-weight: 400;\"> Mireu les activitats que us proposen<\/span> <span style=\"font-weight: 400;\">i<\/span> <span style=\"font-weight: 400;\">valoreu<\/span><b> quines voleu i podeu fer.<\/b><\/li>\n<\/ul>\n<p>&nbsp;<\/p>\n<ul>\n<li style=\"font-weight: 400;\"><span style=\"font-weight: 400;\">La part de \u201cCOMPROVO SI\u201d no cal que la feu vosaltres, ja que nosaltres la incloem en una <\/span><b>graella d\u2019autoavaluaci\u00f3 al final d\u2019aquest document que haureu d\u2019emplenar<\/b><span style=\"font-weight: 400;\"> quan acabeu tot el treball o proposta.\u00a0<\/span><\/li>\n<\/ul>\n<p>&nbsp;<\/p>\n<ul>\n<li style=\"font-weight: 400;\"><b>Intenteu mantenir una rutina, i treballeu cada dia una estona<\/b><span style=\"font-weight: 400;\"> en la proposta que us hem enviat (no deixar-ho per l&#8217;\u00faltim dia).<\/span>\n<ul>\n<li style=\"font-weight: 400;\"><span style=\"font-weight: 400;\">feu lectura (infok, buscar informaci\u00f3 de la proposta\u2026).\u00a0<\/span><\/li>\n<li style=\"font-weight: 400;\"><span style=\"font-weight: 400;\">resumiu i recolliu la informaci\u00f3 en algun document (fulls, word, power point)<\/span><\/li>\n<li style=\"font-weight: 400;\"><span style=\"font-weight: 400;\">recolliu fotos i imatges del projecte.<\/span><\/li>\n<li style=\"font-weight: 400;\"><span style=\"font-weight: 400;\">Preparar una exposici\u00f3 o explicaci\u00f3 del treball per compartir amb la vostra fam\u00edlia<\/span><\/li>\n<li style=\"font-weight: 400;\"><span style=\"font-weight: 400;\">Penjar aquest treball a un lloc visible i com\u00fa de la casa, si \u00e9s possible.<\/span><\/li>\n<\/ul>\n<\/li>\n<\/ul>\n<p>&nbsp;<\/p>\n<ul>\n<li style=\"font-weight: 400;\"><b>Gaudiu <\/b><span style=\"font-weight: 400;\">de fer les tasques.<\/span><\/li>\n<\/ul>\n<p>&nbsp;<\/p>\n<ul>\n<li style=\"font-weight: 400;\"><span style=\"font-weight: 400;\">Podeu fer servir la proposta com a guia, per\u00f2 <\/span><b>podeu afegir idees vostres<\/b><span style=\"font-weight: 400;\"> tamb\u00e9 desenvolupant la creativitat.\u00a0<\/span><\/li>\n<\/ul>\n<p>&nbsp;<\/p>\n<ul>\n<li style=\"font-weight: 400;\"><b>El dissabte haureu de fer entrega al tutor\/a<\/b><span style=\"font-weight: 400;\"> de les tasques.<\/span><\/li>\n<\/ul>\n<p>&nbsp;<\/p>\n<ul>\n<li style=\"font-weight: 400;\"><span style=\"font-weight: 400;\">El tutor\/a far\u00e0 una devoluci\u00f3 de la valoraci\u00f3 quan ho tingui revisat oferint-li propostes de millora.<\/span><\/li>\n<\/ul>\n<p>&nbsp;<\/p>\n<h3><b>PROPOSTA 2: \u201c<\/b><b>LECTURES FETES\u201d <\/b><b>(Aquesta proposta la fareu fins a final de curs)<\/b><\/h3>\n<p><a href=\"https:\/\/edumet.cat\/areatac\/p_coronavirus\/fitxers\/documents\/curriculum\/lectures_fetes_sup.pdf\"><b>https:\/\/edumet.cat\/areatac\/p_coronavirus\/fitxers\/documents\/curriculum\/lectures_fetes_sup.pdf<\/b><\/a><\/p>\n<p><a href=\"https:\/\/edumet.cat\/areatac\/p_coronavirus\/fitxers\/documents\/curriculum\/lectures_fetes_mitja.pdf\"><b>https:\/\/edumet.cat\/areatac\/p_coronavirus\/fitxers\/documents\/curriculum\/lectures_fetes_mitja.pdf<\/b><\/a><\/p>\n<p>&nbsp;<\/p>\n<p><span style=\"font-weight: 400;\">Aquest link (fixeu-vos que hi ha un per cicle mitj\u00e0 (4t) i un altre per cicle superior (5\u00e8 i 6\u00e8)), que us porta a un full que heu de descarregar per anar emplenant els t\u00edtols dels llibres que aneu llegint durant tot aquest temps. Al final del confinament se us demanar\u00e0.S\u00f3n lectures per anar fent al llarg de la setmana i que heu de fer DURANT TOT EL CONFINAMENT.Recordeu que cada dia tenim 30 min de lectura.\u00a0<\/span><\/p>\n<p>&nbsp;<\/p>\n<h4><b>AUTOAVALUACI\u00d3 (Comprovo si) de la proposta FEM SALUT: (poseu una X)<\/b><b>\u00a0\u00a0\u00a0 <\/b><b>\u00a0\u00a0\u00a0 <\/b><\/h4>\n<table>\n<tbody>\n<tr>\n<td><b>Comprovo si:<\/b><\/td>\n<td><b>gens(0)<\/b><\/td>\n<td><b>poc(1)<\/b><\/td>\n<td><b>bastant(2)<\/b><\/td>\n<td><b>molt(3)<\/b><\/td>\n<\/tr>\n<tr>\n<td><b>He observat les accions saludables que realitzo di\u00e0riament.<\/b><\/td>\n<td><\/td>\n<td><\/td>\n<td><\/td>\n<td><\/td>\n<\/tr>\n<tr>\n<td><b>Em plantejo incorporar noves accions o desenvolupar nous h\u00e0bits per millorar la meva salut.\u00a0<\/b><\/td>\n<td><\/td>\n<td><\/td>\n<td><\/td>\n<td><\/td>\n<\/tr>\n<tr>\n<td><b>He triat l\u2019acci\u00f3 que m\u00e9s m\u2019agrada i l\u2019he explicat en el mural o word o powerpoint.<\/b><\/td>\n<td><\/td>\n<td><\/td>\n<td><\/td>\n<td><\/td>\n<\/tr>\n<tr>\n<td><b>He compartit el mural amb altres membres de la fam\u00edlia.<\/b><\/td>\n<td><\/td>\n<td><\/td>\n<td><\/td>\n<td><\/td>\n<\/tr>\n<tr>\n<td><b>He incorporat alguna idea o element creat per mi.<\/b><\/td>\n<td><\/td>\n<td><\/td>\n<td><\/td>\n<td><\/td>\n<\/tr>\n<tr>\n<td><b>He apr\u00e8s<\/b><\/td>\n<td><\/td>\n<td><\/td>\n<td><\/td>\n<td><\/td>\n<\/tr>\n<tr>\n<td><b>He gaudit amb el treball<\/b><\/td>\n<td><\/td>\n<td><\/td>\n<td><\/td>\n<td><\/td>\n<\/tr>\n<tr>\n<td><b>M\u2019he esfor\u00e7at<\/b><\/td>\n<td><\/td>\n<td><\/td>\n<td><\/td>\n<td><\/td>\n<\/tr>\n<tr>\n<td><b>He demanat ajuda<\/b><\/td>\n<td><\/td>\n<td><\/td>\n<td><\/td>\n<td><\/td>\n<\/tr>\n<tr>\n<td><b>TOTAL<\/b><\/td>\n<td colspan=\"3\"><\/td>\n<td><\/td>\n<\/tr>\n<\/tbody>\n<\/table>\n","protected":false},"excerpt":{"rendered":"<p>14 d\u2019abril del 2020 Bon dia nens i nenes, amb aquest document us volem fer arribar les recomanacions per treballar les noves propostes a partir d\u2019ara, tenint en compte la situaci\u00f3 de confinament que estem vivint tothom. \u00c9s important que tingueu clar que no treballarem com a l\u2019aula ordin\u00e0ria, \u00e9s a dir, no farem un [&hellip;]<\/p>\n","protected":false},"author":1,"featured_media":0,"comment_status":"open","ping_status":"closed","sticky":false,"template":"","format":"standard","meta":{"_bbp_topic_count":0,"_bbp_reply_count":0,"_bbp_total_topic_count":0,"_bbp_total_reply_count":0,"_bbp_voice_count":0,"_bbp_anonymous_reply_count":0,"_bbp_topic_count_hidden":0,"_bbp_reply_count_hidden":0,"_bbp_forum_subforum_count":0,"site-sidebar-layout":"default","site-content-layout":"","ast-site-content-layout":"","site-content-style":"default","site-sidebar-style":"default","ast-global-header-display":"","ast-banner-title-visibility":"","ast-main-header-display":"","ast-hfb-above-header-display":"","ast-hfb-below-header-display":"","ast-hfb-mobile-header-display":"","site-post-title":"","ast-breadcrumbs-content":"","ast-featured-img":"","footer-sml-layout":"","theme-transparent-header-meta":"","adv-header-id-meta":"","stick-header-meta":"","header-above-stick-meta":"","header-main-stick-meta":"","header-below-stick-meta":"","astra-migrate-meta-layouts":"default","ast-page-background-enabled":"default","ast-page-background-meta":{"desktop":{"background-color":"var(--ast-global-color-4)","background-image":"","background-repeat":"repeat","background-position":"center center","background-size":"auto","background-attachment":"scroll","background-type":"","background-media":"","overlay-type":"","overlay-color":"","overlay-opacity":"","overlay-gradient":""},"tablet":{"background-color":"","background-image":"","background-repeat":"repeat","background-position":"center center","background-size":"auto","background-attachment":"scroll","background-type":"","background-media":"","overlay-type":"","overlay-color":"","overlay-opacity":"","overlay-gradient":""},"mobile":{"background-color":"","background-image":"","background-repeat":"repeat","background-position":"center center","background-size":"auto","background-attachment":"scroll","background-type":"","background-media":"","overlay-type":"","overlay-color":"","overlay-opacity":"","overlay-gradient":""}},"ast-content-background-meta":{"desktop":{"background-color":"var(--ast-global-color-5)","background-image":"","background-repeat":"repeat","background-position":"center center","background-size":"auto","background-attachment":"scroll","background-type":"","background-media":"","overlay-type":"","overlay-color":"","overlay-opacity":"","overlay-gradient":""},"tablet":{"background-color":"var(--ast-global-color-5)","background-image":"","background-repeat":"repeat","background-position":"center center","background-size":"auto","background-attachment":"scroll","background-type":"","background-media":"","overlay-type":"","overlay-color":"","overlay-opacity":"","overlay-gradient":""},"mobile":{"background-color":"var(--ast-global-color-5)","background-image":"","background-repeat":"repeat","background-position":"center center","background-size":"auto","background-attachment":"scroll","background-type":"","background-media":"","overlay-type":"","overlay-color":"","overlay-opacity":"","overlay-gradient":""}},"footnotes":""},"categories":[72],"tags":[],"class_list":["post-7421","post","type-post","status-publish","format-standard","hentry","category-cicle-grans"],"post_mailing_queue_ids":[],"_links":{"self":[{"href":"https:\/\/agora.xtec.cat\/esc-banyeres\/wp-json\/wp\/v2\/posts\/7421","targetHints":{"allow":["GET"]}}],"collection":[{"href":"https:\/\/agora.xtec.cat\/esc-banyeres\/wp-json\/wp\/v2\/posts"}],"about":[{"href":"https:\/\/agora.xtec.cat\/esc-banyeres\/wp-json\/wp\/v2\/types\/post"}],"author":[{"embeddable":true,"href":"https:\/\/agora.xtec.cat\/esc-banyeres\/wp-json\/wp\/v2\/users\/1"}],"replies":[{"embeddable":true,"href":"https:\/\/agora.xtec.cat\/esc-banyeres\/wp-json\/wp\/v2\/comments?post=7421"}],"version-history":[{"count":2,"href":"https:\/\/agora.xtec.cat\/esc-banyeres\/wp-json\/wp\/v2\/posts\/7421\/revisions"}],"predecessor-version":[{"id":7423,"href":"https:\/\/agora.xtec.cat\/esc-banyeres\/wp-json\/wp\/v2\/posts\/7421\/revisions\/7423"}],"wp:attachment":[{"href":"https:\/\/agora.xtec.cat\/esc-banyeres\/wp-json\/wp\/v2\/media?parent=7421"}],"wp:term":[{"taxonomy":"category","embeddable":true,"href":"https:\/\/agora.xtec.cat\/esc-banyeres\/wp-json\/wp\/v2\/categories?post=7421"},{"taxonomy":"post_tag","embeddable":true,"href":"https:\/\/agora.xtec.cat\/esc-banyeres\/wp-json\/wp\/v2\/tags?post=7421"}],"curies":[{"name":"wp","href":"https:\/\/api.w.org\/{rel}","templated":true}]}}