{"id":7403,"date":"2020-04-13T18:41:25","date_gmt":"2020-04-13T16:41:25","guid":{"rendered":"http:\/\/agora.xtec.cat\/esc-banyeres\/?p=7403"},"modified":"2020-04-14T13:27:22","modified_gmt":"2020-04-14T11:27:22","slug":"circular-3r-trimestre-cicle-mitjans","status":"publish","type":"post","link":"https:\/\/agora.xtec.cat\/esc-banyeres\/cicle-inicial\/circular-3r-trimestre-cicle-mitjans\/","title":{"rendered":"CIRCULAR 3r TRIMESTRE CICLE MITJANS"},"content":{"rendered":"<p><span style=\"font-weight: 400\">Benvolgudes fam\u00edlies,\u00a0<\/span><\/p>\n<p><span style=\"font-weight: 400\">Primer de tot, com esteu? L\u2019equip de mestres del grup de mitjans desitgem de tot cor que tots vosaltres i totes les persones de les vostres fam\u00edlies estigueu b\u00e9 de salut i d\u2019\u00e0nims.\u00a0<\/span><\/p>\n<p><span style=\"font-weight: 400\">En aquests moments d\u2019incertesa, creiem que tots els que estem al costat dels infants els hem d\u2019acompanyar de manera confiada i serena durant aquesta espera a la normalitat.<\/span><\/p>\n<p><span style=\"font-weight: 400\">Ja hem iniciat el tercer trimestre i, amb ell, noves propostes per a tots vosaltres!\u00a0<\/span><\/p>\n<p><span style=\"font-weight: 400\">Una de les propostes, i una de les m\u00e9s importants, \u00e9s que seguiu com fins ara\u2026 gaudint de moments en\u00a0 fam\u00edlia, de buscar i compartir jocs i activitats per fer junts, de realitzar en fam\u00edlia tasques quotidianes (tan importants, i que sovint deixem oblidades molts cops per falta de temps i per l\u2019estr\u00e8s del dia a dia), com preparar l\u2019esmorzar, recollir, col.laborar en fer el dinar, parar taula, estendre la roba, fer el llit, endre\u00e7ar\u2026.i, la m\u00e9s important, tenir moments simplement per estar\u2026.estar amb qui estimes\u2026ser pacient&#8230;saber escoltar&#8230;dedicar temps als de casa i a un mateix\u2026..\u00a0<\/span><\/p>\n<p><span style=\"font-weight: 400\">Les altres propostes s\u00f3n de caire interdisciplinar i competencial (que treballen la majoria de les \u00e0rees de coneixement) caldr\u00e0, per\u00f2, que acompanyeu als infants en aquestes tasques, aprofitant aquests moments per treballar el valor de la responsabilitat i la const\u00e0ncia. Aquestes tasques tenen la intenci\u00f3 de refor\u00e7ar els continguts treballats en els dos trimestres anteriors (fomentar la lectura i mantenir h\u00e0bits).<\/span><\/p>\n<p><span style=\"font-weight: 400\">Aquestes propostes seran valorades, per\u00f2 tenint en compte que CAP infant quedar\u00e0 penalitzat per all\u00f2 que no pugui realitzar. Es valorar\u00e0 nom\u00e9s el que s\u2019hagi pogut fer.\u00a0<\/span><\/p>\n<p><span style=\"font-weight: 400\">Setmanalment s\u2019enviaran aquestes propostes a l\u2019alumnat a trav\u00e9s del blog escolar, com fins ara, per tal de qu\u00e8 vagin refor\u00e7ant els coneixements adquirits. El retorn de les tasques s&#8217;hauran de fer via e-mail al tutor\/a responsable del curs. A m\u00e9s a m\u00e9s, us animem a que continueu fent arribar al tutor\/a altres iniciatives que hagiu fet i us faci il\u00b7lusi\u00f3 mostrar.\u00a0<\/span><\/p>\n<p><span style=\"font-weight: 400\">L\u2019ALUMNAT comptar\u00e0 amb l\u2019ajuda del seu tutor o de la seva tutora per qualsevol dubte i, sobretot, per fer-li un acompanyament emocional durant aquesta situaci\u00f3 de confinament (valorem com a priorit\u00e0ria la comunicaci\u00f3 cont\u00ednua entre l\u2019alumnat, fam\u00edlies i tutor\/a), \u00e9s per aix\u00f2 que en cas que alg\u00fa tingui la necessitat de fer una videoconfer\u00e8ncia\u00a0 tutor\/a-alumne\/a que ho comuniqui per posar-nos d\u2019acord en el dia i l\u2019hora.\u00a0\u00a0<\/span><\/p>\n<p><span style=\"font-weight: 400\">Totes aquestes propostes les hem fet pensant\u00a0 en el nostre alumnat, per\u00f2 evidentment, s\u00f3n propostes en les que cada fam\u00edlia ha de fer el que senti i el que pugui, tenint en compte els instruments, materials i recursos de cadasc\u00fa. Entenem que cada situaci\u00f3 \u00e9s diferent.\u00a0<\/span><\/p>\n<p><span style=\"font-weight: 400\">Estem en contacte i a la vostra disposici\u00f3 per qualsevol dubte que aquesta nova manera de treballar us pugui ocasionar.\u00a0<\/span><\/p>\n<p>&nbsp;<\/p>\n<p><span style=\"font-weight: 400\">Una abra\u00e7ada.\u00a0<\/span><\/p>\n<p><span style=\"font-weight: 400\">Cicle de Mitjans<\/span><\/p>\n<p><span style=\"font-weight: 400\">Escola Mare de D\u00e9u del Priorat<\/span><\/p>\n","protected":false},"excerpt":{"rendered":"<p>Benvolgudes fam\u00edlies,\u00a0 Primer de tot, com esteu? L\u2019equip de mestres del grup de mitjans desitgem de tot cor que tots vosaltres i totes les persones de les vostres fam\u00edlies estigueu b\u00e9 de salut i d\u2019\u00e0nims.\u00a0 En aquests moments d\u2019incertesa, creiem que tots els que estem al costat dels infants els hem d\u2019acompanyar de manera confiada [&hellip;]<\/p>\n","protected":false},"author":1,"featured_media":0,"comment_status":"open","ping_status":"closed","sticky":false,"template":"","format":"standard","meta":{"_bbp_topic_count":0,"_bbp_reply_count":0,"_bbp_total_topic_count":0,"_bbp_total_reply_count":0,"_bbp_voice_count":0,"_bbp_anonymous_reply_count":0,"_bbp_topic_count_hidden":0,"_bbp_reply_count_hidden":0,"_bbp_forum_subforum_count":0,"site-sidebar-layout":"default","site-content-layout":"","ast-site-content-layout":"","site-content-style":"default","site-sidebar-style":"default","ast-global-header-display":"","ast-banner-title-visibility":"","ast-main-header-display":"","ast-hfb-above-header-display":"","ast-hfb-below-header-display":"","ast-hfb-mobile-header-display":"","site-post-title":"","ast-breadcrumbs-content":"","ast-featured-img":"","footer-sml-layout":"","theme-transparent-header-meta":"","adv-header-id-meta":"","stick-header-meta":"","header-above-stick-meta":"","header-main-stick-meta":"","header-below-stick-meta":"","astra-migrate-meta-layouts":"default","ast-page-background-enabled":"default","ast-page-background-meta":{"desktop":{"background-color":"var(--ast-global-color-4)","background-image":"","background-repeat":"repeat","background-position":"center center","background-size":"auto","background-attachment":"scroll","background-type":"","background-media":"","overlay-type":"","overlay-color":"","overlay-opacity":"","overlay-gradient":""},"tablet":{"background-color":"","background-image":"","background-repeat":"repeat","background-position":"center center","background-size":"auto","background-attachment":"scroll","background-type":"","background-media":"","overlay-type":"","overlay-color":"","overlay-opacity":"","overlay-gradient":""},"mobile":{"background-color":"","background-image":"","background-repeat":"repeat","background-position":"center center","background-size":"auto","background-attachment":"scroll","background-type":"","background-media":"","overlay-type":"","overlay-color":"","overlay-opacity":"","overlay-gradient":""}},"ast-content-background-meta":{"desktop":{"background-color":"var(--ast-global-color-5)","background-image":"","background-repeat":"repeat","background-position":"center center","background-size":"auto","background-attachment":"scroll","background-type":"","background-media":"","overlay-type":"","overlay-color":"","overlay-opacity":"","overlay-gradient":""},"tablet":{"background-color":"var(--ast-global-color-5)","background-image":"","background-repeat":"repeat","background-position":"center center","background-size":"auto","background-attachment":"scroll","background-type":"","background-media":"","overlay-type":"","overlay-color":"","overlay-opacity":"","overlay-gradient":""},"mobile":{"background-color":"var(--ast-global-color-5)","background-image":"","background-repeat":"repeat","background-position":"center center","background-size":"auto","background-attachment":"scroll","background-type":"","background-media":"","overlay-type":"","overlay-color":"","overlay-opacity":"","overlay-gradient":""}},"footnotes":""},"categories":[71],"tags":[],"class_list":["post-7403","post","type-post","status-publish","format-standard","hentry","category-cicle-inicial"],"post_mailing_queue_ids":[],"_links":{"self":[{"href":"https:\/\/agora.xtec.cat\/esc-banyeres\/wp-json\/wp\/v2\/posts\/7403","targetHints":{"allow":["GET"]}}],"collection":[{"href":"https:\/\/agora.xtec.cat\/esc-banyeres\/wp-json\/wp\/v2\/posts"}],"about":[{"href":"https:\/\/agora.xtec.cat\/esc-banyeres\/wp-json\/wp\/v2\/types\/post"}],"author":[{"embeddable":true,"href":"https:\/\/agora.xtec.cat\/esc-banyeres\/wp-json\/wp\/v2\/users\/1"}],"replies":[{"embeddable":true,"href":"https:\/\/agora.xtec.cat\/esc-banyeres\/wp-json\/wp\/v2\/comments?post=7403"}],"version-history":[{"count":2,"href":"https:\/\/agora.xtec.cat\/esc-banyeres\/wp-json\/wp\/v2\/posts\/7403\/revisions"}],"predecessor-version":[{"id":7414,"href":"https:\/\/agora.xtec.cat\/esc-banyeres\/wp-json\/wp\/v2\/posts\/7403\/revisions\/7414"}],"wp:attachment":[{"href":"https:\/\/agora.xtec.cat\/esc-banyeres\/wp-json\/wp\/v2\/media?parent=7403"}],"wp:term":[{"taxonomy":"category","embeddable":true,"href":"https:\/\/agora.xtec.cat\/esc-banyeres\/wp-json\/wp\/v2\/categories?post=7403"},{"taxonomy":"post_tag","embeddable":true,"href":"https:\/\/agora.xtec.cat\/esc-banyeres\/wp-json\/wp\/v2\/tags?post=7403"}],"curies":[{"name":"wp","href":"https:\/\/api.w.org\/{rel}","templated":true}]}}