{"id":7070,"date":"2020-01-27T16:37:54","date_gmt":"2020-01-27T15:37:54","guid":{"rendered":"http:\/\/agora.xtec.cat\/esc-banyeres\/?p=7070"},"modified":"2020-01-28T19:43:47","modified_gmt":"2020-01-28T18:43:47","slug":"dia-escolar-de-la-no-violencia-i-de-la-pau-denip","status":"publish","type":"post","link":"https:\/\/agora.xtec.cat\/esc-banyeres\/portada\/dia-escolar-de-la-no-violencia-i-de-la-pau-denip\/","title":{"rendered":"DIA ESCOLAR DE LA NO VIOL\u00c8NCIA I DE LA PAU (DENIP)"},"content":{"rendered":"<p><a href=\"https:\/\/agora.xtec.cat\/esc-banyeres\/wp-content\/uploads\/usu294\/2020\/01\/PAU.jpg\"><img loading=\"lazy\" decoding=\"async\" class=\"wp-image-7071 aligncenter\" src=\"https:\/\/agora.xtec.cat\/esc-banyeres\/wp-content\/uploads\/usu294\/2020\/01\/PAU.jpg\" alt=\"\" width=\"550\" height=\"431\" \/><\/a><\/p>\n<h1><strong>Benvolguts pares i mares:<\/strong><\/h1>\n<h3>A continuaci\u00f3 us expliquem les activitats que hem organitzat per celebrar el <strong>DIA ESCOLAR DE LA NO VIOL\u00c8NCIA I DE LA PAU (DENIP):<\/strong><\/h3>\n<h2><strong>Dijous, dia 30 de gener.<\/strong><\/h2>\n<h3>Mestres i alumnes anirem a la Pl. de l&#8217;Ajuntament a les 15:20 aproximadamente a llegir un manifest per la pau i a cantar la can\u00e7\u00f3 escollida per transmetre els nostres desitjos de formar part d&#8217;una comunitat que aposta per la Pau a Banyeres i a tot el m\u00f3n. Esperem que vosaltres, les fam\u00edlies i el poble de Banyeres ens hi acompanyeu en aquesta activitat. Aqu\u00ed us deixem la can\u00e7\u00f3.<\/h3>\n<h2><strong>CAN\u00c7\u00d3 DENIP 2020: \u201cTOTS VOLEM LA PAU\u201d<\/strong><\/h2>\n<div class=\"ast-oembed-container \" style=\"height: 100%;\"><iframe loading=\"lazy\" title=\"TOTS VOLEM LA PAU 2017 RODR\u00cdGUEZ FORNOS\" width=\"500\" height=\"281\" src=\"https:\/\/www.youtube.com\/embed\/F_5hfB7e3o0?feature=oembed\" frameborder=\"0\" allow=\"accelerometer; autoplay; clipboard-write; encrypted-media; gyroscope; picture-in-picture; web-share\" referrerpolicy=\"strict-origin-when-cross-origin\" allowfullscreen><\/iframe><\/div>\n<p>&nbsp;<\/p>\n<h3 style=\"text-align: center;\"><strong>Avui<\/strong>\u00a0 al nostre col\u00b7legi celebrem la pau.<\/h3>\n<h3 style=\"text-align: center;\">Celebrem la pau.<\/h3>\n<h3 style=\"text-align: center;\">Tots junts cantarem un <strong>xic<\/strong> i ballarem tamb\u00e9.<\/h3>\n<h3 style=\"text-align: center;\">Ballarem tamb\u00e9.<\/h3>\n<h3 style=\"text-align: center;\"><strong>\u00a0<\/strong><strong>NO VOLEM GUERRES. <\/strong><\/h3>\n<h3 style=\"text-align: center;\"><strong>VOLEM UN M\u00d3N MILLOR. EO<\/strong><\/h3>\n<h3 style=\"text-align: center;\"><strong>NO VOLEM BOMBES. <\/strong><\/h3>\n<h3 style=\"text-align: center;\"><strong>NOM\u00c9S VOLEM AMOR EO<\/strong><\/h3>\n<h3 style=\"text-align: center;\"><strong>TOTS VOLEM LA PAU DINS DE LA NOSTRA ESCOLA,<\/strong><\/h3>\n<h3 style=\"text-align: center;\"><strong>\u00a0DINS DE LA NOSTRA ESCOLA.<\/strong><\/h3>\n<h3 style=\"text-align: center;\"><strong>TOTS VOLEM LA PA-A-AU, <\/strong><\/h3>\n<h3 style=\"text-align: center;\"><strong>PER SER BONES PERSONES <\/strong><\/h3>\n<h3 style=\"text-align: center;\"><strong>I PER A SER MILLORS.<\/strong><\/h3>\n<h3 style=\"text-align: center;\"><strong>S\u00c9 QUE NO, S\u00c9 QUE NO-O, S\u00c9 QUE NO-O.<\/strong><\/h3>\n<h3 style=\"text-align: center;\"><strong>S\u00c9 QUE A SOLES NO PUC JO-O.<\/strong><\/h3>\n<h3 style=\"text-align: center;\"><strong>TOTS VOLEM LA PA-A-AU, <\/strong><\/h3>\n<h3 style=\"text-align: center;\"><strong>PER SER BONES PERSONES <\/strong><\/h3>\n<h3 style=\"text-align: center;\"><strong>I PER FER UN M\u00d3N MILLOR. <\/strong><\/h3>\n<h3 style=\"text-align: center;\"><strong>\u00a0<\/strong><\/h3>\n<h3 style=\"text-align: center;\">Per solucionar conflictes hem de raonar, no cal barallar.<\/h3>\n<h3 style=\"text-align: center;\">I si tu em necessites <strong>aqui<\/strong> em tindr\u00e0s.<\/h3>\n<h3 style=\"text-align: center;\">Jo et podr\u00e9 ajudar.<\/h3>\n<h3 style=\"text-align: center;\"><strong>NO VOLEM GUERRES. <\/strong><\/h3>\n<h3 style=\"text-align: center;\"><strong>VOLEM UN M\u00d3N MILLOR. EO<\/strong><\/h3>\n<h3 style=\"text-align: center;\"><strong>NO VOLEM BOMBES. <\/strong><\/h3>\n<h3 style=\"text-align: center;\"><strong>NOM\u00c9S VOLEM AMOR EO<\/strong><\/h3>\n<h3 style=\"text-align: center;\"><strong>\u00a0<\/strong><strong>\u00a0<\/strong><\/h3>\n<h3 style=\"text-align: center;\"><strong>TOTS VOLEM LA PAU DINS DE LA NOSTRA ESCOLA,<\/strong><\/h3>\n<h3 style=\"text-align: center;\"><strong>\u00a0DINS DE LA NOSTRA ESCOLA<\/strong><\/h3>\n<h3 style=\"text-align: center;\"><strong>TOTS VOLEM LA PA-A-AU, <\/strong><\/h3>\n<h3 style=\"text-align: center;\"><strong>PER SER BONES PERSONES <\/strong><\/h3>\n<h3 style=\"text-align: center;\"><strong>I PER A SER MILLORS.<\/strong><\/h3>\n<h3 style=\"text-align: center;\"><strong>S\u00c9 QUE NO, S\u00c9 QUE NO-O, S\u00c9 QUE NO-O.<\/strong><\/h3>\n<h3 style=\"text-align: center;\"><strong>S\u00c9 QUE A SOLES NO PUC JO-O.<\/strong><\/h3>\n<h3 style=\"text-align: center;\"><strong>TOTS VOLEM LA PA-A-AU, <\/strong><\/h3>\n<h3 style=\"text-align: center;\"><strong>PER SER BONES PERSONES <\/strong><\/h3>\n<h3 style=\"text-align: center;\"><strong>I PER FER UN M\u00d3N MILLOR.<\/strong><\/h3>\n<h3 style=\"text-align: center;\"><strong>I PER FER UN M\u00d3N MILLOR. (3 vegades)<\/strong><\/h3>\n<h3 style=\"text-align: center;\"><strong>TOTS VOLEM LA PAU DINS DE LA NOSTRA ESCOLA,<\/strong><\/h3>\n<h3 style=\"text-align: center;\"><strong>\u00a0DINS DE LA NOSTRA ESCOLA.<\/strong><\/h3>\n<h3 style=\"text-align: center;\"><strong>\u00a0(2 vegades fluixet)<\/strong><\/h3>\n<h3 style=\"text-align: center;\"><strong>TOTS VOLEM LA PAU DINS DE LA NOSTRA ESCOLA,<\/strong><\/h3>\n<h3 style=\"text-align: center;\"><strong>\u00a0DINS DE LA NOSTRA ESCOLA.<\/strong><\/h3>\n<h3 style=\"text-align: center;\"><strong>TOTS VOLEM LA PA-A-AU, <\/strong><\/h3>\n<h3 style=\"text-align: center;\"><strong>PER SER BONES PERSONES <\/strong><\/h3>\n<h3 style=\"text-align: center;\"><strong>I PER A SER MILLORS.<\/strong><\/h3>\n<h3 style=\"text-align: center;\"><strong>S\u00c9 QUE NO, S\u00c9 QUE NO-O, S\u00c9 QUE NO-O.<\/strong><\/h3>\n<h3 style=\"text-align: center;\"><strong>S\u00c9 QUE A SOLES NO PUC JO-O.<\/strong><\/h3>\n<h3 style=\"text-align: center;\"><strong>TOTS VOLEM LA PA-A-AU, <\/strong><\/h3>\n<h3 style=\"text-align: center;\"><strong>PER SER BONES PERSONES <\/strong><\/h3>\n<h3 style=\"text-align: center;\"><strong>I PER FER UN M\u00d3N MILLOR. <\/strong><\/h3>\n<h2><strong>Divendres, dia 31 de gener.<\/strong><\/h2>\n<p>&nbsp;<\/p>\n<h3><strong>Volunt\u00e0ries de la ONG MANS UNIDES vindran al nostre centre a realitzar les seg\u00fcents xerrades: <\/strong><\/h3>\n<p><strong>\u00a0<\/strong><\/p>\n<table style=\"width: 1036px;\">\n<tbody>\n<tr>\n<td style=\"width: 226.25px; text-align: center;\">\n<h2>HORARI<\/h2>\n<\/td>\n<td style=\"width: 362.5px; text-align: center;\">\n<h2>GRUPS<\/h2>\n<\/td>\n<td style=\"width: 441.25px; text-align: center;\">\n<h2>ACTIVITAT<\/h2>\n<\/td>\n<\/tr>\n<tr>\n<td style=\"width: 226.25px; text-align: center;\">\n<h2><\/h2>\n<h2>De 9:00h a 9:45h<\/h2>\n<h2><\/h2>\n<\/td>\n<td style=\"width: 362.5px; text-align: center;\">\n<h2><\/h2>\n<h2>Cicle de Mitjans<\/h2>\n<h2>(1r., 2n. i 3r.)<\/h2>\n<\/td>\n<td style=\"width: 441.25px; text-align: left;\">\n<h2><\/h2>\n<h2>\u00b7\u00a0\u00a0\u00a0\u00a0\u00a0\u00a0\u00a0 Sarau a la cuina<\/h2>\n<h2>\u00b7\u00a0\u00a0\u00a0\u00a0\u00a0\u00a0\u00a0 La botiga de robots<\/h2>\n<h2>\u00b7\u00a0\u00a0\u00a0\u00a0\u00a0\u00a0\u00a0 M\u2019agrada<\/h2>\n<h2><\/h2>\n<\/td>\n<\/tr>\n<tr>\n<td style=\"width: 226.25px; text-align: center;\">\n<h2><\/h2>\n<h2>De 9:45h a 10:30h<\/h2>\n<\/td>\n<td style=\"width: 362.5px; text-align: center;\">\n<h2><\/h2>\n<h2>Cicle de Petits<\/h2>\n<h2>(P3, P4 i P5)<\/h2>\n<h2><\/h2>\n<\/td>\n<td style=\"width: 441.25px; text-align: left;\">\n<h2><\/h2>\n<h2>\u00b7\u00a0\u00a0\u00a0\u00a0\u00a0\u00a0\u00a0 El secret de l\u2019hort<\/h2>\n<h2><\/h2>\n<\/td>\n<\/tr>\n<tr>\n<td style=\"width: 226.25px; text-align: center;\">\n<h2><\/h2>\n<h2>De 11:15h a 12:15h<\/h2>\n<\/td>\n<td style=\"width: 362.5px; text-align: center;\">\n<h2><\/h2>\n<h2>Cicle Grans<\/h2>\n<h2>(4t., 5\u00e8. i 6\u00e8.)<\/h2>\n<h2><\/h2>\n<\/td>\n<td style=\"width: 441.25px; text-align: left;\">\n<h2><\/h2>\n<h2>\u00b7\u00a0\u00a0\u00a0\u00a0\u00a0\u00a0\u00a0 El desafiament de la fam<\/h2>\n<h2><\/h2>\n<\/td>\n<\/tr>\n<\/tbody>\n<\/table>\n<p><u>\u00a0<\/u><\/p>\n","protected":false},"excerpt":{"rendered":"<p>Benvolguts pares i mares: A continuaci\u00f3 us expliquem les activitats que hem organitzat per celebrar el DIA ESCOLAR DE LA NO VIOL\u00c8NCIA I DE LA PAU (DENIP): Dijous, dia 30 de gener. Mestres i alumnes anirem a la Pl. de l&#8217;Ajuntament a les 15:20 aproximadamente a llegir un manifest per la pau i a cantar [&hellip;]<\/p>\n","protected":false},"author":1,"featured_media":0,"comment_status":"open","ping_status":"closed","sticky":false,"template":"","format":"standard","meta":{"_bbp_topic_count":0,"_bbp_reply_count":0,"_bbp_total_topic_count":0,"_bbp_total_reply_count":0,"_bbp_voice_count":0,"_bbp_anonymous_reply_count":0,"_bbp_topic_count_hidden":0,"_bbp_reply_count_hidden":0,"_bbp_forum_subforum_count":0,"site-sidebar-layout":"default","site-content-layout":"","ast-site-content-layout":"","site-content-style":"default","site-sidebar-style":"default","ast-global-header-display":"","ast-banner-title-visibility":"","ast-main-header-display":"","ast-hfb-above-header-display":"","ast-hfb-below-header-display":"","ast-hfb-mobile-header-display":"","site-post-title":"","ast-breadcrumbs-content":"","ast-featured-img":"","footer-sml-layout":"","theme-transparent-header-meta":"","adv-header-id-meta":"","stick-header-meta":"","header-above-stick-meta":"","header-main-stick-meta":"","header-below-stick-meta":"","astra-migrate-meta-layouts":"default","ast-page-background-enabled":"default","ast-page-background-meta":{"desktop":{"background-color":"var(--ast-global-color-4)","background-image":"","background-repeat":"repeat","background-position":"center center","background-size":"auto","background-attachment":"scroll","background-type":"","background-media":"","overlay-type":"","overlay-color":"","overlay-opacity":"","overlay-gradient":""},"tablet":{"background-color":"","background-image":"","background-repeat":"repeat","background-position":"center center","background-size":"auto","background-attachment":"scroll","background-type":"","background-media":"","overlay-type":"","overlay-color":"","overlay-opacity":"","overlay-gradient":""},"mobile":{"background-color":"","background-image":"","background-repeat":"repeat","background-position":"center center","background-size":"auto","background-attachment":"scroll","background-type":"","background-media":"","overlay-type":"","overlay-color":"","overlay-opacity":"","overlay-gradient":""}},"ast-content-background-meta":{"desktop":{"background-color":"var(--ast-global-color-5)","background-image":"","background-repeat":"repeat","background-position":"center center","background-size":"auto","background-attachment":"scroll","background-type":"","background-media":"","overlay-type":"","overlay-color":"","overlay-opacity":"","overlay-gradient":""},"tablet":{"background-color":"var(--ast-global-color-5)","background-image":"","background-repeat":"repeat","background-position":"center center","background-size":"auto","background-attachment":"scroll","background-type":"","background-media":"","overlay-type":"","overlay-color":"","overlay-opacity":"","overlay-gradient":""},"mobile":{"background-color":"var(--ast-global-color-5)","background-image":"","background-repeat":"repeat","background-position":"center center","background-size":"auto","background-attachment":"scroll","background-type":"","background-media":"","overlay-type":"","overlay-color":"","overlay-opacity":"","overlay-gradient":""}},"footnotes":""},"categories":[30,1],"tags":[],"class_list":["post-7070","post","type-post","status-publish","format-standard","hentry","category-novetats","category-portada"],"post_mailing_queue_ids":[],"_links":{"self":[{"href":"https:\/\/agora.xtec.cat\/esc-banyeres\/wp-json\/wp\/v2\/posts\/7070","targetHints":{"allow":["GET"]}}],"collection":[{"href":"https:\/\/agora.xtec.cat\/esc-banyeres\/wp-json\/wp\/v2\/posts"}],"about":[{"href":"https:\/\/agora.xtec.cat\/esc-banyeres\/wp-json\/wp\/v2\/types\/post"}],"author":[{"embeddable":true,"href":"https:\/\/agora.xtec.cat\/esc-banyeres\/wp-json\/wp\/v2\/users\/1"}],"replies":[{"embeddable":true,"href":"https:\/\/agora.xtec.cat\/esc-banyeres\/wp-json\/wp\/v2\/comments?post=7070"}],"version-history":[{"count":4,"href":"https:\/\/agora.xtec.cat\/esc-banyeres\/wp-json\/wp\/v2\/posts\/7070\/revisions"}],"predecessor-version":[{"id":7086,"href":"https:\/\/agora.xtec.cat\/esc-banyeres\/wp-json\/wp\/v2\/posts\/7070\/revisions\/7086"}],"wp:attachment":[{"href":"https:\/\/agora.xtec.cat\/esc-banyeres\/wp-json\/wp\/v2\/media?parent=7070"}],"wp:term":[{"taxonomy":"category","embeddable":true,"href":"https:\/\/agora.xtec.cat\/esc-banyeres\/wp-json\/wp\/v2\/categories?post=7070"},{"taxonomy":"post_tag","embeddable":true,"href":"https:\/\/agora.xtec.cat\/esc-banyeres\/wp-json\/wp\/v2\/tags?post=7070"}],"curies":[{"name":"wp","href":"https:\/\/api.w.org\/{rel}","templated":true}]}}