{"id":3236,"date":"2025-03-21T11:54:20","date_gmt":"2025-03-21T10:54:20","guid":{"rendered":"https:\/\/agora.xtec.cat\/esc-arnaumir\/?p=3236"},"modified":"2025-03-21T11:54:20","modified_gmt":"2025-03-21T10:54:20","slug":"descobriment-damerica-i-lescala-del-temps-amb-invents","status":"publish","type":"post","link":"https:\/\/agora.xtec.cat\/esc-arnaumir\/general\/descobriment-damerica-i-lescala-del-temps-amb-invents\/","title":{"rendered":"DESCOBRIMENT D\u2019AM\u00c8RICA I L\u2019ESCALA DEL TEMPS AMB INVENTS"},"content":{"rendered":"<p><a href=\"https:\/\/agora.xtec.cat\/esc-arnaumir\/wp-content\/uploads\/usu1916\/2025\/03\/IMG-20250321-WA0009.jpg\"><img loading=\"lazy\" decoding=\"async\" class=\"aligncenter size-large wp-image-3246\" src=\"https:\/\/agora.xtec.cat\/esc-arnaumir\/wp-content\/uploads\/usu1916\/2025\/03\/IMG-20250321-WA0009-1024x768.jpg\" alt=\"\" width=\"1024\" height=\"768\" srcset=\"https:\/\/agora.xtec.cat\/esc-arnaumir\/wp-content\/uploads\/usu1916\/2025\/03\/IMG-20250321-WA0009-1024x768.jpg 1024w, https:\/\/agora.xtec.cat\/esc-arnaumir\/wp-content\/uploads\/usu1916\/2025\/03\/IMG-20250321-WA0009-300x225.jpg 300w, https:\/\/agora.xtec.cat\/esc-arnaumir\/wp-content\/uploads\/usu1916\/2025\/03\/IMG-20250321-WA0009-768x576.jpg 768w, https:\/\/agora.xtec.cat\/esc-arnaumir\/wp-content\/uploads\/usu1916\/2025\/03\/IMG-20250321-WA0009-1536x1152.jpg 1536w, https:\/\/agora.xtec.cat\/esc-arnaumir\/wp-content\/uploads\/usu1916\/2025\/03\/IMG-20250321-WA0009-200x150.jpg 200w, https:\/\/agora.xtec.cat\/esc-arnaumir\/wp-content\/uploads\/usu1916\/2025\/03\/IMG-20250321-WA0009.jpg 2048w\" sizes=\"auto, (max-width: 1024px) 100vw, 1024px\" \/><\/a><\/p>\n<p>L&#8217;alumnat de 6\u00e8-5\u00e8 i 4t de la nostra escola han estat immersos en dues grans aventures d&#8217;aprenentatge: el <b>Descobriment d&#8217;Am\u00e8rica<\/b> i <b>l&#8217;Escala del Temps amb els Invents<\/b>. Aquests projectes han perm\u00e8s als estudiants aprofundir en la hist\u00f2ria a trav\u00e9s de la recerca, la creaci\u00f3 de murals i l&#8217;exposici\u00f3 davant dels seus companys. A m\u00e9s, han de compartir els seus coneixements amb els m\u00e9s petits de l\u2019escola, per fomentar l\u2019aprenentatge col\u00b7laboratiu.<\/p>\n<p><b>El Descobriment d&#8217;Am\u00e8rica<\/b><\/p>\n<p>En aquest projecte, els alumnes han investigat sobre Crist\u00f2fol Colom, els motius que el van portar a buscar una nova ruta cap a l\u2019\u00cdndia i com finalment va arribar a Am\u00e8rica. Tamb\u00e9 han explorat la influ\u00e8ncia de la idea de la Terra rodona i els impactes d\u2019aquest descobriment en els pobles ind\u00edgenes.<\/p>\n<p>A trav\u00e9s de murals i presentacions, han explicat als seus companys quins aliments van ser intercanviats entre Europa i Am\u00e8rica. Sab\u00edeu que el tom\u00e0quet, la patata i el cacau van venir d&#8217;Am\u00e8rica? I que els espanyols van portar el blat, el cavall i les ovelles? Aquest intercanvi va canviar per sempre la gastronomia i la manera de viure als dos continents!<\/p>\n<p><b>L\u2019Escala del Temps amb els Invents<\/b><\/p>\n<p>El segon projecte ha perm\u00e8s als alumnes fer un viatge per la hist\u00f2ria, des de la prehist\u00f2ria fins a l\u2019actualitat, a trav\u00e9s dels invents m\u00e9s importants. Han treballat en equip per crear una escala cronol\u00f2gica que recull des de la invenci\u00f3 del foc fins a internet, destacant com cada descobriment ha transformat la vida de les persones.<\/p>\n<p>Els alumnes han posat especial atenci\u00f3 a fites com la invenci\u00f3 de l\u2019escriptura, la impremta o la m\u00e0quina de vapor, i han compr\u00e8s com cada \u00e8poca ha aportat aven\u00e7os tecnol\u00f2gics fonamentals per a la societat actual.<\/p>\n<p><b>Exposicions i Aprenentatge Col\u00b7laboratiu<\/b><\/p>\n<p>Un dels moments m\u00e9s emocionants d\u2019aquests projectes ha estat la seva presentaci\u00f3 a la resta de companys. Els alumnes han defensat el seu treball davant la classe i ara estan treballant per fer l\u2019exposici\u00f3 als m\u00e9s petits de l\u2019escola intentant teatralitzar-la per m\u00e9s diversi\u00f3 dels infants, aix\u00ed fomentant la curiositat i el respecte per la hist\u00f2ria.<\/p>\n<p>Aquests projectes han estat un gran \u00e8xit i han ajudat els nostres alumnes a entendre millor el passat per comprendre el present i el futur.<\/p>\n<p><b>Felicitats a tots pel vostre esfor\u00e7 i dedicaci\u00f3!<\/b><\/p>\n\r\n\t<div class=\"slideshow_container slideshow_container_style-light\" style=\"height: 300px; \" data-slideshow-id=\"3238\" data-style-name=\"style-light\" data-style-version=\"2.3.1\" >\r\n\r\n\t\t\t\t\t<div class=\"slideshow_loading_icon\"><\/div>\r\n\t\t\r\n\t\t<div class=\"slideshow_content\" style=\"display: none;\">\r\n\r\n\t\t\t<div class=\"slideshow_view\">\r\n\t\t\t\t<div class=\"slideshow_slide slideshow_slide_image\">\r\n\t\t\t\t\t\t\t\t\t\t\t<img src=\"https:\/\/agora.xtec.cat\/esc-arnaumir\/wp-content\/uploads\/usu1916\/2025\/03\/IMG-20250321-WA0011.jpg\" alt=\"IMG-20250321-WA0011\" width=\"2048\" height=\"1536\" \/>\r\n\t\t\t\t\t\t\t\t\t\t<div class=\"slideshow_description_box slideshow_transparent\">\r\n\t\t\t\t\t\t<div class=\"slideshow_title\">IMG-20250321-WA0011<\/div>\t\t\t\t\t\t\t\t\t\t\t<\/div>\r\n\t\t\t\t<\/div>\r\n\r\n\t\t\t\t\t\t<div style=\"clear: both;\"><\/div><\/div><div class=\"slideshow_view\">\r\n\t\t\t\t<div class=\"slideshow_slide slideshow_slide_image\">\r\n\t\t\t\t\t\t\t\t\t\t\t<img src=\"https:\/\/agora.xtec.cat\/esc-arnaumir\/wp-content\/uploads\/usu1916\/2025\/03\/IMG-20250321-WA0010.jpg\" alt=\"IMG-20250321-WA0010\" width=\"2048\" height=\"1536\" \/>\r\n\t\t\t\t\t\t\t\t\t\t<div class=\"slideshow_description_box slideshow_transparent\">\r\n\t\t\t\t\t\t<div class=\"slideshow_title\">IMG-20250321-WA0010<\/div>\t\t\t\t\t\t\t\t\t\t\t<\/div>\r\n\t\t\t\t<\/div>\r\n\r\n\t\t\t\t\t\t<div style=\"clear: both;\"><\/div><\/div><div class=\"slideshow_view\">\r\n\t\t\t\t<div class=\"slideshow_slide slideshow_slide_image\">\r\n\t\t\t\t\t\t\t\t\t\t\t<img src=\"https:\/\/agora.xtec.cat\/esc-arnaumir\/wp-content\/uploads\/usu1916\/2025\/03\/IMG-20250321-WA0008.jpg\" alt=\"IMG-20250321-WA0008\" width=\"2048\" height=\"1536\" \/>\r\n\t\t\t\t\t\t\t\t\t\t<div class=\"slideshow_description_box slideshow_transparent\">\r\n\t\t\t\t\t\t<div class=\"slideshow_title\">IMG-20250321-WA0008<\/div>\t\t\t\t\t\t\t\t\t\t\t<\/div>\r\n\t\t\t\t<\/div>\r\n\r\n\t\t\t\t\t\t<div style=\"clear: both;\"><\/div><\/div><div class=\"slideshow_view\">\r\n\t\t\t\t<div class=\"slideshow_slide slideshow_slide_image\">\r\n\t\t\t\t\t\t\t\t\t\t\t<img src=\"https:\/\/agora.xtec.cat\/esc-arnaumir\/wp-content\/uploads\/usu1916\/2025\/03\/IMG-20250321-WA0007.jpg\" alt=\"IMG-20250321-WA0007\" width=\"2048\" height=\"1536\" \/>\r\n\t\t\t\t\t\t\t\t\t\t<div class=\"slideshow_description_box slideshow_transparent\">\r\n\t\t\t\t\t\t<div class=\"slideshow_title\">IMG-20250321-WA0007<\/div>\t\t\t\t\t\t\t\t\t\t\t<\/div>\r\n\t\t\t\t<\/div>\r\n\r\n\t\t\t\t\t\t<div style=\"clear: both;\"><\/div><\/div><div class=\"slideshow_view\">\r\n\t\t\t\t<div class=\"slideshow_slide slideshow_slide_image\">\r\n\t\t\t\t\t\t\t\t\t\t\t<img src=\"https:\/\/agora.xtec.cat\/esc-arnaumir\/wp-content\/uploads\/usu1916\/2025\/03\/IMG-20250321-WA0006.jpg\" alt=\"IMG-20250321-WA0006\" width=\"2048\" height=\"1536\" \/>\r\n\t\t\t\t\t\t\t\t\t\t<div class=\"slideshow_description_box slideshow_transparent\">\r\n\t\t\t\t\t\t<div class=\"slideshow_title\">IMG-20250321-WA0006<\/div>\t\t\t\t\t\t\t\t\t\t\t<\/div>\r\n\t\t\t\t<\/div>\r\n\r\n\t\t\t\t\t\t<div style=\"clear: both;\"><\/div><\/div><div class=\"slideshow_view\">\r\n\t\t\t\t<div class=\"slideshow_slide slideshow_slide_image\">\r\n\t\t\t\t\t\t\t\t\t\t\t<img src=\"https:\/\/agora.xtec.cat\/esc-arnaumir\/wp-content\/uploads\/usu1916\/2025\/03\/IMG-20250321-WA0005.jpg\" alt=\"IMG-20250321-WA0005\" width=\"2048\" height=\"1536\" \/>\r\n\t\t\t\t\t\t\t\t\t\t<div class=\"slideshow_description_box slideshow_transparent\">\r\n\t\t\t\t\t\t<div class=\"slideshow_title\">IMG-20250321-WA0005<\/div>\t\t\t\t\t\t\t\t\t\t\t<\/div>\r\n\t\t\t\t<\/div>\r\n\r\n\t\t\t\t\t\t<div style=\"clear: both;\"><\/div><\/div><div class=\"slideshow_view\">\r\n\t\t\t\t<div class=\"slideshow_slide slideshow_slide_image\">\r\n\t\t\t\t\t\t\t\t\t\t\t<img src=\"https:\/\/agora.xtec.cat\/esc-arnaumir\/wp-content\/uploads\/usu1916\/2025\/03\/IMG-20250321-WA0004.jpg\" alt=\"IMG-20250321-WA0004\" width=\"2048\" height=\"1536\" \/>\r\n\t\t\t\t\t\t\t\t\t\t<div class=\"slideshow_description_box slideshow_transparent\">\r\n\t\t\t\t\t\t<div class=\"slideshow_title\">IMG-20250321-WA0004<\/div>\t\t\t\t\t\t\t\t\t\t\t<\/div>\r\n\t\t\t\t<\/div>\r\n\r\n\t\t\t\t\t\t<div style=\"clear: both;\"><\/div><\/div><div class=\"slideshow_view\">\r\n\t\t\t\t<div class=\"slideshow_slide slideshow_slide_image\">\r\n\t\t\t\t\t\t\t\t\t\t\t<img src=\"https:\/\/agora.xtec.cat\/esc-arnaumir\/wp-content\/uploads\/usu1916\/2025\/03\/IMG-20250321-WA0003.jpg\" alt=\"IMG-20250321-WA0003\" width=\"2048\" height=\"1536\" \/>\r\n\t\t\t\t\t\t\t\t\t\t<div class=\"slideshow_description_box slideshow_transparent\">\r\n\t\t\t\t\t\t<div class=\"slideshow_title\">IMG-20250321-WA0003<\/div>\t\t\t\t\t\t\t\t\t\t\t<\/div>\r\n\t\t\t\t<\/div>\r\n\r\n\t\t\t\t\t\t<div style=\"clear: both;\"><\/div><\/div><div class=\"slideshow_view\">\r\n\t\t\t\t<div class=\"slideshow_slide slideshow_slide_image\">\r\n\t\t\t\t\t\t\t\t\t\t\t<img src=\"https:\/\/agora.xtec.cat\/esc-arnaumir\/wp-content\/uploads\/usu1916\/2025\/03\/IMG-20250321-WA0002.jpg\" alt=\"IMG-20250321-WA0002\" width=\"2048\" height=\"1536\" \/>\r\n\t\t\t\t\t\t\t\t\t\t<div class=\"slideshow_description_box slideshow_transparent\">\r\n\t\t\t\t\t\t<div class=\"slideshow_title\">IMG-20250321-WA0002<\/div>\t\t\t\t\t\t\t\t\t\t\t<\/div>\r\n\t\t\t\t<\/div>\r\n\r\n\t\t\t\t\t\t<div style=\"clear: both;\"><\/div><\/div>\r\n\t\t<\/div>\r\n\r\n\t\t<div class=\"slideshow_controlPanel slideshow_transparent\" style=\"display: none;\"><ul><li class=\"slideshow_togglePlay\" data-play-text=\"Visualitza\" data-pause-text=\"Pausa\"><\/li><\/ul><\/div>\r\n\r\n\t\t<div class=\"slideshow_button slideshow_previous slideshow_transparent\" role=\"button\" data-previous-text=\"Anterior\" style=\"display: none;\"><\/div>\r\n\t\t<div class=\"slideshow_button slideshow_next slideshow_transparent\" role=\"button\" data-next-text=\"Seg\u00fcent\" style=\"display: none;\"><\/div>\r\n\r\n\t\t<div class=\"slideshow_pagination\" style=\"display: none;\" data-go-to-text=\"V\u00e9s a la diapositiva\"><div class=\"slideshow_pagination_center\"><\/div><\/div>\r\n\r\n\t\t<!-- WordPress Slideshow Version 2.3.1 -->\r\n\r\n\t\t\t<\/div>\r\n\r\n\n","protected":false},"excerpt":{"rendered":"<p>L&#8217;alumnat de 6\u00e8-5\u00e8 i 4t de la nostra escola han estat immersos en dues grans aventures d&#8217;aprenentatge: el Descobriment d&#8217;Am\u00e8rica i l&#8217;Escala del Temps amb els Invents. Aquests projectes han perm\u00e8s als&hellip;  <a href=\"https:\/\/agora.xtec.cat\/esc-arnaumir\/general\/descobriment-damerica-i-lescala-del-temps-amb-invents\/\" title=\"Read DESCOBRIMENT D\u2019AM\u00c8RICA I L\u2019ESCALA DEL TEMPS AMB INVENTS\">Llegeix m\u00e9s\u00bb<\/a><\/p>\n","protected":false},"author":1,"featured_media":3246,"comment_status":"open","ping_status":"closed","sticky":false,"template":"","format":"standard","meta":{"_bbp_topic_count":0,"_bbp_reply_count":0,"_bbp_total_topic_count":0,"_bbp_total_reply_count":0,"_bbp_voice_count":0,"_bbp_anonymous_reply_count":0,"_bbp_topic_count_hidden":0,"_bbp_reply_count_hidden":0,"_bbp_forum_subforum_count":0,"footnotes":""},"categories":[1],"tags":[],"class_list":["post-3236","post","type-post","status-publish","format-standard","has-post-thumbnail","hentry","category-general"],"post_mailing_queue_ids":[],"_links":{"self":[{"href":"https:\/\/agora.xtec.cat\/esc-arnaumir\/wp-json\/wp\/v2\/posts\/3236","targetHints":{"allow":["GET"]}}],"collection":[{"href":"https:\/\/agora.xtec.cat\/esc-arnaumir\/wp-json\/wp\/v2\/posts"}],"about":[{"href":"https:\/\/agora.xtec.cat\/esc-arnaumir\/wp-json\/wp\/v2\/types\/post"}],"author":[{"embeddable":true,"href":"https:\/\/agora.xtec.cat\/esc-arnaumir\/wp-json\/wp\/v2\/users\/1"}],"replies":[{"embeddable":true,"href":"https:\/\/agora.xtec.cat\/esc-arnaumir\/wp-json\/wp\/v2\/comments?post=3236"}],"version-history":[{"count":2,"href":"https:\/\/agora.xtec.cat\/esc-arnaumir\/wp-json\/wp\/v2\/posts\/3236\/revisions"}],"predecessor-version":[{"id":3249,"href":"https:\/\/agora.xtec.cat\/esc-arnaumir\/wp-json\/wp\/v2\/posts\/3236\/revisions\/3249"}],"wp:featuredmedia":[{"embeddable":true,"href":"https:\/\/agora.xtec.cat\/esc-arnaumir\/wp-json\/wp\/v2\/media\/3246"}],"wp:attachment":[{"href":"https:\/\/agora.xtec.cat\/esc-arnaumir\/wp-json\/wp\/v2\/media?parent=3236"}],"wp:term":[{"taxonomy":"category","embeddable":true,"href":"https:\/\/agora.xtec.cat\/esc-arnaumir\/wp-json\/wp\/v2\/categories?post=3236"},{"taxonomy":"post_tag","embeddable":true,"href":"https:\/\/agora.xtec.cat\/esc-arnaumir\/wp-json\/wp\/v2\/tags?post=3236"}],"curies":[{"name":"wp","href":"https:\/\/api.w.org\/{rel}","templated":true}]}}