{"id":9446,"date":"2021-06-09T14:16:44","date_gmt":"2021-06-09T12:16:44","guid":{"rendered":"https:\/\/agora.xtec.cat\/esc-antoniubachisoler\/?p=9446"},"modified":"2022-10-30T23:01:48","modified_gmt":"2022-10-30T22:01:48","slug":"2n-projecte-interdisciplinari-el-sistema-solar-salvem-lescola","status":"publish","type":"post","link":"https:\/\/agora.xtec.cat\/esc-antoniubachisoler\/primaria\/5\/2n-projecte-interdisciplinari-el-sistema-solar-salvem-lescola\/","title":{"rendered":"2n. PROJECTE INTERDISCIPLINARI: El Sistema Solar. Salvem l&#8217;escola!"},"content":{"rendered":"<p>Estimades fam\u00edlies,<\/p>\n<p>Aquest tercer trimestre els alumnes de 2n. van desenvolupar un projecte interdisciplinari sobre El Sistema Solar. Els alumnes van viure una aventura interplanetaria: Salvem l&#8217;escola. Una activitat interactiva que feia de fil conductor de totes les tasques portades a terme, on una alien\u00edgena la JAM 740, informava als alumnes -JARMETM\u00daS- d&#8217;un perill imminent, la col.lisi\u00f3 d&#8217;un gran meteorit amb l&#8217;escola. La\u00a0 JAM 740\u00a0 era l&#8217;encarregada de motivar-los en cada nova missi\u00f3, amb un missatge penjat a la p\u00e0gina web o al correu electr\u00f2nic.<\/p>\n<p>Si voleu veure totes les fotos d&#8217;aquest projecte cliqueu a sobre de la imatge<\/p>\n<p><a href=\"https:\/\/photos.app.goo.gl\/biME4BoUA5AxQEUS7\"><img loading=\"lazy\" decoding=\"async\" class=\"aligncenter\" src=\"https:\/\/lh3.googleusercontent.com\/pw\/ACtC-3d1pvH3wSRZ_5cVuVPyut0MBUXMlALw8Nx2NO0YokLIaphM30fnjjGA2P9bX4xVkQF51iiges0aOvS8iUv0WYBQW9vgSKFELZXZSsW2dffUhnTDGyn59ttIFPyWx4bQdsIWJhOUE9dy0CErEVhllmlV=w458-h610-no?authuser=0\" width=\"245\" height=\"327\" \/><\/a><\/p>\n","protected":false},"excerpt":{"rendered":"<p>Estimades fam\u00edlies, Aquest tercer trimestre els alumnes de 2n. van desenvolupar un projecte interdisciplinari sobre El Sistema Solar. Els alumnes van viure una aventura interplanetaria: Salvem l&#8217;escola. Una activitat interactiva que feia de fil conductor de totes les tasques portades a terme, on una alien\u00edgena la JAM 740, informava als alumnes -JARMETM\u00daS- d&#8217;un perill imminent, [&hellip;]<\/p>\n","protected":false},"author":20,"featured_media":9458,"comment_status":"closed","ping_status":"closed","sticky":false,"template":"","format":"standard","meta":{"site-sidebar-layout":"default","site-content-layout":"","ast-site-content-layout":"","site-content-style":"default","site-sidebar-style":"default","ast-global-header-display":"","ast-banner-title-visibility":"","ast-main-header-display":"","ast-hfb-above-header-display":"","ast-hfb-below-header-display":"","ast-hfb-mobile-header-display":"","site-post-title":"","ast-breadcrumbs-content":"","ast-featured-img":"","footer-sml-layout":"","theme-transparent-header-meta":"","adv-header-id-meta":"","stick-header-meta":"","header-above-stick-meta":"","header-main-stick-meta":"","header-below-stick-meta":"","astra-migrate-meta-layouts":"default","ast-page-background-enabled":"default","ast-page-background-meta":{"desktop":{"background-color":"var(--ast-global-color-4)","background-image":"","background-repeat":"repeat","background-position":"center center","background-size":"auto","background-attachment":"scroll","background-type":"","background-media":"","overlay-type":"","overlay-color":"","overlay-opacity":"","overlay-gradient":""},"tablet":{"background-color":"","background-image":"","background-repeat":"repeat","background-position":"center center","background-size":"auto","background-attachment":"scroll","background-type":"","background-media":"","overlay-type":"","overlay-color":"","overlay-opacity":"","overlay-gradient":""},"mobile":{"background-color":"","background-image":"","background-repeat":"repeat","background-position":"center center","background-size":"auto","background-attachment":"scroll","background-type":"","background-media":"","overlay-type":"","overlay-color":"","overlay-opacity":"","overlay-gradient":""}},"ast-content-background-meta":{"desktop":{"background-color":"var(--ast-global-color-5)","background-image":"","background-repeat":"repeat","background-position":"center center","background-size":"auto","background-attachment":"scroll","background-type":"","background-media":"","overlay-type":"","overlay-color":"","overlay-opacity":"","overlay-gradient":""},"tablet":{"background-color":"var(--ast-global-color-5)","background-image":"","background-repeat":"repeat","background-position":"center center","background-size":"auto","background-attachment":"scroll","background-type":"","background-media":"","overlay-type":"","overlay-color":"","overlay-opacity":"","overlay-gradient":""},"mobile":{"background-color":"var(--ast-global-color-5)","background-image":"","background-repeat":"repeat","background-position":"center center","background-size":"auto","background-attachment":"scroll","background-type":"","background-media":"","overlay-type":"","overlay-color":"","overlay-opacity":"","overlay-gradient":""}},"footnotes":""},"categories":[3,5],"tags":[],"class_list":["post-9446","post","type-post","status-publish","format-standard","has-post-thumbnail","hentry","category-3","category-primaria"],"post_mailing_queue_ids":[],"_links":{"self":[{"href":"https:\/\/agora.xtec.cat\/esc-antoniubachisoler\/wp-json\/wp\/v2\/posts\/9446","targetHints":{"allow":["GET"]}}],"collection":[{"href":"https:\/\/agora.xtec.cat\/esc-antoniubachisoler\/wp-json\/wp\/v2\/posts"}],"about":[{"href":"https:\/\/agora.xtec.cat\/esc-antoniubachisoler\/wp-json\/wp\/v2\/types\/post"}],"author":[{"embeddable":true,"href":"https:\/\/agora.xtec.cat\/esc-antoniubachisoler\/wp-json\/wp\/v2\/users\/20"}],"replies":[{"embeddable":true,"href":"https:\/\/agora.xtec.cat\/esc-antoniubachisoler\/wp-json\/wp\/v2\/comments?post=9446"}],"version-history":[{"count":4,"href":"https:\/\/agora.xtec.cat\/esc-antoniubachisoler\/wp-json\/wp\/v2\/posts\/9446\/revisions"}],"predecessor-version":[{"id":9565,"href":"https:\/\/agora.xtec.cat\/esc-antoniubachisoler\/wp-json\/wp\/v2\/posts\/9446\/revisions\/9565"}],"wp:featuredmedia":[{"embeddable":true,"href":"https:\/\/agora.xtec.cat\/esc-antoniubachisoler\/wp-json\/wp\/v2\/media\/9458"}],"wp:attachment":[{"href":"https:\/\/agora.xtec.cat\/esc-antoniubachisoler\/wp-json\/wp\/v2\/media?parent=9446"}],"wp:term":[{"taxonomy":"category","embeddable":true,"href":"https:\/\/agora.xtec.cat\/esc-antoniubachisoler\/wp-json\/wp\/v2\/categories?post=9446"},{"taxonomy":"post_tag","embeddable":true,"href":"https:\/\/agora.xtec.cat\/esc-antoniubachisoler\/wp-json\/wp\/v2\/tags?post=9446"}],"curies":[{"name":"wp","href":"https:\/\/api.w.org\/{rel}","templated":true}]}}