{"id":9227,"date":"2021-04-30T10:22:45","date_gmt":"2021-04-30T08:22:45","guid":{"rendered":"https:\/\/agora.xtec.cat\/esc-antoniubachisoler\/?p=9227"},"modified":"2021-04-30T10:22:45","modified_gmt":"2021-04-30T08:22:45","slug":"cicle-inicial-celebra-sant-jordi-2021","status":"publish","type":"post","link":"https:\/\/agora.xtec.cat\/esc-antoniubachisoler\/primaria\/cicle-inicial-celebra-sant-jordi-2021\/","title":{"rendered":"CICLE INICIAL CELEBRA SANT JORDI 2021"},"content":{"rendered":"<p>Bon dia fam\u00edlies,<br \/>\nA continuaci\u00f3 us deixem una mostra de com l&#8217;alumnat de Cicle Inicial va celebrar Sant Jordi. \ud83d\udc32\ud83c\udf39<\/p>\n<p>Els nens i nenes de primer van recitar un poema que es van preparar amb molta il\u00b7lusi\u00f3 i esfor\u00e7.<br \/>\n1rA recita el poema &#8220;<strong>La rosa vermella<\/strong>&#8221; i 1rB recita el poema &#8220;<strong>Visca Sant Jordi<\/strong>&#8221;<\/p>\n<p>Els nens i nenes de segon, van preparar-se un conte col\u00b7lectiu, van crear uns personatges, inventar-se un t\u00edtol, decidir el lloc on succe\u00efa, redactar el conte i el m\u00e9s dif\u00edcil, fer que totes les idees tinguessin cabuda. Quan tot comen\u00e7ava a tenir sentit, van dissenyar i dibuixar les vinyetes de la seva hist\u00f2ria. Per \u00faltim, es van preparar la posada en escena: explicar el conte entre tots!<\/p>\n<p>2nA ens explicar\u00e0 el conte &#8220;<strong>La dona del silenci i els cantants<\/strong><em>&#8220;<\/em>, 2nB ens descobrir\u00e0 com s\u00f3n &#8220;<strong>Els metges i les metgesses exploradors i exploradores<\/strong>&#8221; i 2nC ens ensenyar\u00e0 qu\u00e8 passa a &#8220;<strong>La Torre dels Zombis<\/strong>&#8221;<\/p>\n<p>Si voleu veure com ho fan fet us deixem els v\u00eddeos a continuaci\u00f3. Esperem que els gaudiu tant com nosaltres hem gaudit preparant-lo. \ud83d\ude0a<\/p>\n<p><iframe loading=\"lazy\" src=\"\/\/www.youtube.com\/embed\/Ai_iX3dcMrw\" width=\"560\" height=\"314\"><\/iframe><\/p>\n<p><iframe loading=\"lazy\" src=\"\/\/www.youtube.com\/embed\/aWcC5mAR_eQ\" width=\"560\" height=\"314\"><\/iframe><\/p>\n<p><iframe loading=\"lazy\" src=\"\/\/www.youtube.com\/embed\/tJ0697k3iWY\" width=\"560\" height=\"314\"><\/iframe><\/p>\n<p><iframe loading=\"lazy\" src=\"\/\/www.youtube.com\/embed\/Rq5LSd3lIH4\" width=\"560\" height=\"314\"><\/iframe><\/p>\n<p><iframe loading=\"lazy\" src=\"\/\/www.youtube.com\/embed\/17kAvn_8Vhc\" width=\"560\" height=\"314\"><\/iframe><\/p>\n<p>&nbsp;<\/p>\n","protected":false},"excerpt":{"rendered":"<p>Bon dia fam\u00edlies, A continuaci\u00f3 us deixem una mostra de com l&#8217;alumnat de Cicle Inicial va celebrar Sant Jordi. \ud83d\udc32\ud83c\udf39 Els nens i nenes de primer van recitar un poema que es van preparar amb molta il\u00b7lusi\u00f3 i esfor\u00e7. 1rA recita el poema &#8220;La rosa vermella&#8221; i 1rB recita el poema &#8220;Visca Sant Jordi&#8221; Els [&hellip;]<\/p>\n","protected":false},"author":29,"featured_media":9229,"comment_status":"closed","ping_status":"closed","sticky":false,"template":"","format":"standard","meta":{"site-sidebar-layout":"default","site-content-layout":"","ast-site-content-layout":"","site-content-style":"default","site-sidebar-style":"default","ast-global-header-display":"","ast-banner-title-visibility":"","ast-main-header-display":"","ast-hfb-above-header-display":"","ast-hfb-below-header-display":"","ast-hfb-mobile-header-display":"","site-post-title":"","ast-breadcrumbs-content":"","ast-featured-img":"","footer-sml-layout":"","theme-transparent-header-meta":"","adv-header-id-meta":"","stick-header-meta":"","header-above-stick-meta":"","header-main-stick-meta":"","header-below-stick-meta":"","astra-migrate-meta-layouts":"default","ast-page-background-enabled":"default","ast-page-background-meta":{"desktop":{"background-color":"var(--ast-global-color-4)","background-image":"","background-repeat":"repeat","background-position":"center center","background-size":"auto","background-attachment":"scroll","background-type":"","background-media":"","overlay-type":"","overlay-color":"","overlay-opacity":"","overlay-gradient":""},"tablet":{"background-color":"","background-image":"","background-repeat":"repeat","background-position":"center center","background-size":"auto","background-attachment":"scroll","background-type":"","background-media":"","overlay-type":"","overlay-color":"","overlay-opacity":"","overlay-gradient":""},"mobile":{"background-color":"","background-image":"","background-repeat":"repeat","background-position":"center center","background-size":"auto","background-attachment":"scroll","background-type":"","background-media":"","overlay-type":"","overlay-color":"","overlay-opacity":"","overlay-gradient":""}},"ast-content-background-meta":{"desktop":{"background-color":"var(--ast-global-color-5)","background-image":"","background-repeat":"repeat","background-position":"center center","background-size":"auto","background-attachment":"scroll","background-type":"","background-media":"","overlay-type":"","overlay-color":"","overlay-opacity":"","overlay-gradient":""},"tablet":{"background-color":"var(--ast-global-color-5)","background-image":"","background-repeat":"repeat","background-position":"center center","background-size":"auto","background-attachment":"scroll","background-type":"","background-media":"","overlay-type":"","overlay-color":"","overlay-opacity":"","overlay-gradient":""},"mobile":{"background-color":"var(--ast-global-color-5)","background-image":"","background-repeat":"repeat","background-position":"center center","background-size":"auto","background-attachment":"scroll","background-type":"","background-media":"","overlay-type":"","overlay-color":"","overlay-opacity":"","overlay-gradient":""}},"footnotes":""},"categories":[9,8,5],"tags":[],"class_list":["post-9227","post","type-post","status-publish","format-standard","has-post-thumbnail","hentry","category-1r-eso","category-8","category-primaria"],"post_mailing_queue_ids":[],"_links":{"self":[{"href":"https:\/\/agora.xtec.cat\/esc-antoniubachisoler\/wp-json\/wp\/v2\/posts\/9227","targetHints":{"allow":["GET"]}}],"collection":[{"href":"https:\/\/agora.xtec.cat\/esc-antoniubachisoler\/wp-json\/wp\/v2\/posts"}],"about":[{"href":"https:\/\/agora.xtec.cat\/esc-antoniubachisoler\/wp-json\/wp\/v2\/types\/post"}],"author":[{"embeddable":true,"href":"https:\/\/agora.xtec.cat\/esc-antoniubachisoler\/wp-json\/wp\/v2\/users\/29"}],"replies":[{"embeddable":true,"href":"https:\/\/agora.xtec.cat\/esc-antoniubachisoler\/wp-json\/wp\/v2\/comments?post=9227"}],"version-history":[{"count":3,"href":"https:\/\/agora.xtec.cat\/esc-antoniubachisoler\/wp-json\/wp\/v2\/posts\/9227\/revisions"}],"predecessor-version":[{"id":9232,"href":"https:\/\/agora.xtec.cat\/esc-antoniubachisoler\/wp-json\/wp\/v2\/posts\/9227\/revisions\/9232"}],"wp:featuredmedia":[{"embeddable":true,"href":"https:\/\/agora.xtec.cat\/esc-antoniubachisoler\/wp-json\/wp\/v2\/media\/9229"}],"wp:attachment":[{"href":"https:\/\/agora.xtec.cat\/esc-antoniubachisoler\/wp-json\/wp\/v2\/media?parent=9227"}],"wp:term":[{"taxonomy":"category","embeddable":true,"href":"https:\/\/agora.xtec.cat\/esc-antoniubachisoler\/wp-json\/wp\/v2\/categories?post=9227"},{"taxonomy":"post_tag","embeddable":true,"href":"https:\/\/agora.xtec.cat\/esc-antoniubachisoler\/wp-json\/wp\/v2\/tags?post=9227"}],"curies":[{"name":"wp","href":"https:\/\/api.w.org\/{rel}","templated":true}]}}