{"id":8530,"date":"2021-01-29T09:51:05","date_gmt":"2021-01-29T08:51:05","guid":{"rendered":"https:\/\/agora.xtec.cat\/esc-antoniubachisoler\/?p=8530"},"modified":"2021-01-29T09:51:05","modified_gmt":"2021-01-29T08:51:05","slug":"musica-celebrem-el-dia-de-la-pau","status":"publish","type":"post","link":"https:\/\/agora.xtec.cat\/esc-antoniubachisoler\/infantil\/musica-celebrem-el-dia-de-la-pau\/","title":{"rendered":"M\u00fasica: CELEBREM EL DIA DE LA PAU"},"content":{"rendered":"<h3 class=\"post-title entry-title\"><span style=\"font-size: 16px;font-weight: normal\">Aquest any la meva proposta \u00e9s pels d&#8217;infantil.<\/span><\/h3>\n<div id=\"post-body-3266130998108124595\" class=\"post-body entry-content\">Tots junts celebrarem el dia de la Pau ballant aquesta dansa tan divertida que es diu: LA DANSA DELS AMICS.<\/div>\n<div><\/div>\n<div><iframe loading=\"lazy\" src=\"\/\/www.youtube.com\/embed\/45Z9gLjC-Nw\" width=\"560\" height=\"314\"><\/iframe><\/div>\n<div><\/div>\n<div><\/div>\n<div><\/div>\n<div>Aquest any les propostes per a prim\u00e0ria i ESO.<\/div>\n<div><\/div>\n<div>Aquesta \u00e9s la can\u00e7\u00f3 de la D\u00e0maris Gelabert: La festa de la Pau<br \/>\n<iframe loading=\"lazy\" src=\"\/\/www.youtube.com\/embed\/hTCJC10la5I\" width=\"560\" height=\"314\"><\/iframe><\/div>\n<div><\/div>\n<div>Aquesta \u00e9s la can\u00e7\u00f3 del Langui: SE BUSCAN VALIENTES<\/div>\n<div><iframe loading=\"lazy\" src=\"\/\/www.youtube.com\/embed\/omZkxy3wU1c\" width=\"560\" height=\"314\"><\/iframe><\/div>\n<div><\/div>\n<div>Aquest \u00e9s la can\u00e7\u00f2 WHAT A WONDERFUL WORLD<\/div>\n<div><iframe loading=\"lazy\" src=\"\/\/www.youtube.com\/embed\/ddLd0QRf7Vg\" width=\"560\" height=\"314\"><\/iframe><\/div>\n<div><\/div>\n<div>La can\u00e7\u00f3 del cant dels ocells de Pau\u00a0 Casals interpretada per ICA Orchestra<\/div>\n<div><\/div>\n<div><iframe loading=\"lazy\" src=\"\/\/www.youtube.com\/embed\/1pzCjEZx59k\" width=\"560\" height=\"314\"><\/iframe><\/div>\n<div><\/div>\n","protected":false},"excerpt":{"rendered":"<p>Aquest any la meva proposta \u00e9s pels d&#8217;infantil. Tots junts celebrarem el dia de la Pau ballant aquesta dansa tan divertida que es diu: LA DANSA DELS AMICS. Aquest any les propostes per a prim\u00e0ria i ESO. Aquesta \u00e9s la can\u00e7\u00f3 de la D\u00e0maris Gelabert: La festa de la Pau Aquesta \u00e9s la can\u00e7\u00f3 del [&hellip;]<\/p>\n","protected":false},"author":45,"featured_media":0,"comment_status":"closed","ping_status":"closed","sticky":false,"template":"","format":"standard","meta":{"site-sidebar-layout":"default","site-content-layout":"","ast-site-content-layout":"","site-content-style":"default","site-sidebar-style":"default","ast-global-header-display":"","ast-banner-title-visibility":"","ast-main-header-display":"","ast-hfb-above-header-display":"","ast-hfb-below-header-display":"","ast-hfb-mobile-header-display":"","site-post-title":"","ast-breadcrumbs-content":"","ast-featured-img":"","footer-sml-layout":"","theme-transparent-header-meta":"","adv-header-id-meta":"","stick-header-meta":"","header-above-stick-meta":"","header-main-stick-meta":"","header-below-stick-meta":"","astra-migrate-meta-layouts":"default","ast-page-background-enabled":"default","ast-page-background-meta":{"desktop":{"background-color":"var(--ast-global-color-4)","background-image":"","background-repeat":"repeat","background-position":"center center","background-size":"auto","background-attachment":"scroll","background-type":"","background-media":"","overlay-type":"","overlay-color":"","overlay-opacity":"","overlay-gradient":""},"tablet":{"background-color":"","background-image":"","background-repeat":"repeat","background-position":"center center","background-size":"auto","background-attachment":"scroll","background-type":"","background-media":"","overlay-type":"","overlay-color":"","overlay-opacity":"","overlay-gradient":""},"mobile":{"background-color":"","background-image":"","background-repeat":"repeat","background-position":"center center","background-size":"auto","background-attachment":"scroll","background-type":"","background-media":"","overlay-type":"","overlay-color":"","overlay-opacity":"","overlay-gradient":""}},"ast-content-background-meta":{"desktop":{"background-color":"var(--ast-global-color-5)","background-image":"","background-repeat":"repeat","background-position":"center center","background-size":"auto","background-attachment":"scroll","background-type":"","background-media":"","overlay-type":"","overlay-color":"","overlay-opacity":"","overlay-gradient":""},"tablet":{"background-color":"var(--ast-global-color-5)","background-image":"","background-repeat":"repeat","background-position":"center center","background-size":"auto","background-attachment":"scroll","background-type":"","background-media":"","overlay-type":"","overlay-color":"","overlay-opacity":"","overlay-gradient":""},"mobile":{"background-color":"var(--ast-global-color-5)","background-image":"","background-repeat":"repeat","background-position":"center center","background-size":"auto","background-attachment":"scroll","background-type":"","background-media":"","overlay-type":"","overlay-color":"","overlay-opacity":"","overlay-gradient":""}},"footnotes":""},"categories":[445,2,4,5],"tags":[],"class_list":["post-8530","post","type-post","status-publish","format-standard","hentry","category-eso","category-infantil","category-musica","category-primaria"],"post_mailing_queue_ids":[],"_links":{"self":[{"href":"https:\/\/agora.xtec.cat\/esc-antoniubachisoler\/wp-json\/wp\/v2\/posts\/8530","targetHints":{"allow":["GET"]}}],"collection":[{"href":"https:\/\/agora.xtec.cat\/esc-antoniubachisoler\/wp-json\/wp\/v2\/posts"}],"about":[{"href":"https:\/\/agora.xtec.cat\/esc-antoniubachisoler\/wp-json\/wp\/v2\/types\/post"}],"author":[{"embeddable":true,"href":"https:\/\/agora.xtec.cat\/esc-antoniubachisoler\/wp-json\/wp\/v2\/users\/45"}],"replies":[{"embeddable":true,"href":"https:\/\/agora.xtec.cat\/esc-antoniubachisoler\/wp-json\/wp\/v2\/comments?post=8530"}],"version-history":[{"count":1,"href":"https:\/\/agora.xtec.cat\/esc-antoniubachisoler\/wp-json\/wp\/v2\/posts\/8530\/revisions"}],"predecessor-version":[{"id":8534,"href":"https:\/\/agora.xtec.cat\/esc-antoniubachisoler\/wp-json\/wp\/v2\/posts\/8530\/revisions\/8534"}],"wp:attachment":[{"href":"https:\/\/agora.xtec.cat\/esc-antoniubachisoler\/wp-json\/wp\/v2\/media?parent=8530"}],"wp:term":[{"taxonomy":"category","embeddable":true,"href":"https:\/\/agora.xtec.cat\/esc-antoniubachisoler\/wp-json\/wp\/v2\/categories?post=8530"},{"taxonomy":"post_tag","embeddable":true,"href":"https:\/\/agora.xtec.cat\/esc-antoniubachisoler\/wp-json\/wp\/v2\/tags?post=8530"}],"curies":[{"name":"wp","href":"https:\/\/api.w.org\/{rel}","templated":true}]}}