{"id":7691,"date":"2020-11-16T09:00:10","date_gmt":"2020-11-16T08:00:10","guid":{"rendered":"https:\/\/agora.xtec.cat\/esc-antoniubachisoler\/?p=7691"},"modified":"2020-11-20T22:35:10","modified_gmt":"2020-11-20T21:35:10","slug":"fem-musica-a-casa","status":"publish","type":"post","link":"https:\/\/agora.xtec.cat\/esc-antoniubachisoler\/blogs\/musica\/fem-musica-a-casa\/","title":{"rendered":"FEM M\u00daSICA A CASA!"},"content":{"rendered":"<p>Hola nens i nenes de primer!!!! Com esteu? Esperem que tots i totes estigueu b\u00e9 i que aquests dies passin molt r\u00e0pid per poder estar una altra vegada tots junts.<\/p>\n<p>Hem pensat que tamb\u00e9 us agradaria fer m\u00fasica a casa. Per tal de poder cantar i ballar algunes de les can\u00e7ons que estem treballant a classe, us deixems aquests v\u00eddeos. Cliqueu a les imatges per poder veure&#8217;ls.<\/p>\n<table style=\"height: 287px;width: 1058px\" width=\"216\">\n<tbody>\n<tr style=\"height: 252px\">\n<td style=\"width: 196px;text-align: center;height: 252px\"><strong>CLAP CLAP SONG<\/strong><\/p>\n<p><a href=\"https:\/\/www.youtube.com\/watch?v=0L3YL0pD0FE\" target=\"_blank\" rel=\"noopener noreferrer\"><img loading=\"lazy\" decoding=\"async\" class=\"alignnone size-full wp-image-7692\" src=\"https:\/\/agora.xtec.cat\/esc-antoniubachisoler\/wp-content\/uploads\/usu1903\/2020\/11\/clap-clap-song.png\" alt=\"\" width=\"575\" height=\"428\" srcset=\"https:\/\/agora.xtec.cat\/esc-antoniubachisoler\/wp-content\/uploads\/usu1903\/2020\/11\/clap-clap-song.png 575w, https:\/\/agora.xtec.cat\/esc-antoniubachisoler\/wp-content\/uploads\/usu1903\/2020\/11\/clap-clap-song-300x223.png 300w, https:\/\/agora.xtec.cat\/esc-antoniubachisoler\/wp-content\/uploads\/usu1903\/2020\/11\/clap-clap-song-200x150.png 200w\" sizes=\"auto, (max-width: 575px) 100vw, 575px\" \/><\/a><\/p>\n<p>La podeu practicar a casa amb dues culleres i una carmanyola.<\/td>\n<td style=\"width: 224px;text-align: center;height: 252px\"><strong>CAN\u00c7\u00d3 DELS BOMBERS\u00a0<\/strong><\/p>\n<p><a href=\"https:\/\/www.youtube.com\/watch?v=RUMwj5PMago\" target=\"_blank\" rel=\"noopener noreferrer\"><img loading=\"lazy\" decoding=\"async\" class=\"alignnone size-large wp-image-7693\" src=\"https:\/\/agora.xtec.cat\/esc-antoniubachisoler\/wp-content\/uploads\/usu1903\/2020\/11\/can\u00e7\u00f3-bombers-1024x724.jpg\" alt=\"\" width=\"1024\" height=\"724\" srcset=\"https:\/\/agora.xtec.cat\/esc-antoniubachisoler\/wp-content\/uploads\/usu1903\/2020\/11\/can\u00e7\u00f3-bombers-1024x724.jpg 1024w, https:\/\/agora.xtec.cat\/esc-antoniubachisoler\/wp-content\/uploads\/usu1903\/2020\/11\/can\u00e7\u00f3-bombers-300x212.jpg 300w, https:\/\/agora.xtec.cat\/esc-antoniubachisoler\/wp-content\/uploads\/usu1903\/2020\/11\/can\u00e7\u00f3-bombers-768x543.jpg 768w, https:\/\/agora.xtec.cat\/esc-antoniubachisoler\/wp-content\/uploads\/usu1903\/2020\/11\/can\u00e7\u00f3-bombers.jpg 1754w\" sizes=\"auto, (max-width: 1024px) 100vw, 1024px\" \/><\/a><\/p>\n<p>Escolteu la can\u00e7\u00f3 dels bombers. La podeu cantar i ballar a casa i tamb\u00e9 pintar la fitxa.<\/td>\n<td style=\"width: 211px;text-align: center;height: 252px\"><strong>CAN\u00c7\u00d3 DELS POLICIES\u00a0<\/strong><\/p>\n<p><a href=\"https:\/\/www.youtube.com\/watch?v=qyV3-LKDcxQ\" target=\"_blank\" rel=\"noopener noreferrer\"><img loading=\"lazy\" decoding=\"async\" class=\"alignnone wp-image-7694\" src=\"https:\/\/agora.xtec.cat\/esc-antoniubachisoler\/wp-content\/uploads\/usu1903\/2020\/11\/CAN\u00c7\u00d3-DELS-POLICIES-1024x710.jpg\" alt=\"\" width=\"202\" height=\"140\" srcset=\"https:\/\/agora.xtec.cat\/esc-antoniubachisoler\/wp-content\/uploads\/usu1903\/2020\/11\/CAN\u00c7\u00d3-DELS-POLICIES.jpg 1024w, https:\/\/agora.xtec.cat\/esc-antoniubachisoler\/wp-content\/uploads\/usu1903\/2020\/11\/CAN\u00c7\u00d3-DELS-POLICIES-300x208.jpg 300w, https:\/\/agora.xtec.cat\/esc-antoniubachisoler\/wp-content\/uploads\/usu1903\/2020\/11\/CAN\u00c7\u00d3-DELS-POLICIES-768x533.jpg 768w\" sizes=\"auto, (max-width: 202px) 100vw, 202px\" \/><\/a><\/p>\n<p>Aqu\u00ed teniu la can\u00e7\u00f3 dels policies. Qu\u00e8 divertida! La podeu ballar i cantar a casa.<\/td>\n<td style=\"width: 200px;text-align: center;height: 252px\"><strong>LA CASTANYERA 1rA<\/strong><\/p>\n<p><a href=\"https:\/\/youtu.be\/V2Ss9014dII\" target=\"_blank\" rel=\"noopener noreferrer\"><img loading=\"lazy\" decoding=\"async\" class=\"alignnone wp-image-7385\" src=\"https:\/\/agora.xtec.cat\/esc-antoniubachisoler\/wp-content\/uploads\/usu1903\/2020\/10\/la-castanyera.jpg\" alt=\"\" width=\"176\" height=\"132\" srcset=\"https:\/\/agora.xtec.cat\/esc-antoniubachisoler\/wp-content\/uploads\/usu1903\/2020\/10\/la-castanyera.jpg 640w, https:\/\/agora.xtec.cat\/esc-antoniubachisoler\/wp-content\/uploads\/usu1903\/2020\/10\/la-castanyera-300x225.jpg 300w, https:\/\/agora.xtec.cat\/esc-antoniubachisoler\/wp-content\/uploads\/usu1903\/2020\/10\/la-castanyera-200x150.jpg 200w\" sizes=\"auto, (max-width: 176px) 100vw, 176px\" \/><\/a><\/p>\n<p>Aqu\u00ed podeu veure la vostra actuaci\u00f3 de la can\u00e7\u00f3 de la castanyera.<\/td>\n<td style=\"width: 213px;text-align: center;height: 252px\"><strong>LA CASTANYERA 1rB<\/strong><\/p>\n<p><a href=\"https:\/\/youtu.be\/CjKRxlMj5lY\" target=\"_blank\" rel=\"noopener noreferrer\"><img loading=\"lazy\" decoding=\"async\" class=\"alignnone wp-image-7385\" src=\"https:\/\/agora.xtec.cat\/esc-antoniubachisoler\/wp-content\/uploads\/usu1903\/2020\/10\/la-castanyera.jpg\" alt=\"\" width=\"186\" height=\"140\" srcset=\"https:\/\/agora.xtec.cat\/esc-antoniubachisoler\/wp-content\/uploads\/usu1903\/2020\/10\/la-castanyera.jpg 640w, https:\/\/agora.xtec.cat\/esc-antoniubachisoler\/wp-content\/uploads\/usu1903\/2020\/10\/la-castanyera-300x225.jpg 300w, https:\/\/agora.xtec.cat\/esc-antoniubachisoler\/wp-content\/uploads\/usu1903\/2020\/10\/la-castanyera-200x150.jpg 200w\" sizes=\"auto, (max-width: 186px) 100vw, 186px\" \/><\/a><\/p>\n<p>Aqu\u00ed podeu veure la vostra actuaci\u00f3 de la can\u00e7\u00f3 de la castanyera.<\/td>\n<\/tr>\n<\/tbody>\n<\/table>\n<p>&nbsp;<\/p>\n","protected":false},"excerpt":{"rendered":"<p>Hola nens i nenes de primer!!!! Com esteu? Esperem que tots i totes estigueu b\u00e9 i que aquests dies passin molt r\u00e0pid per poder estar una altra vegada tots junts. Hem pensat que tamb\u00e9 us agradaria fer m\u00fasica a casa. Per tal de poder cantar i ballar algunes de les can\u00e7ons que estem treballant a [&hellip;]<\/p>\n","protected":false},"author":31,"featured_media":7706,"comment_status":"closed","ping_status":"closed","sticky":false,"template":"","format":"standard","meta":{"site-sidebar-layout":"default","site-content-layout":"","ast-site-content-layout":"","site-content-style":"default","site-sidebar-style":"default","ast-global-header-display":"","ast-banner-title-visibility":"","ast-main-header-display":"","ast-hfb-above-header-display":"","ast-hfb-below-header-display":"","ast-hfb-mobile-header-display":"","site-post-title":"","ast-breadcrumbs-content":"","ast-featured-img":"","footer-sml-layout":"","theme-transparent-header-meta":"","adv-header-id-meta":"","stick-header-meta":"","header-above-stick-meta":"","header-main-stick-meta":"","header-below-stick-meta":"","astra-migrate-meta-layouts":"default","ast-page-background-enabled":"default","ast-page-background-meta":{"desktop":{"background-color":"var(--ast-global-color-4)","background-image":"","background-repeat":"repeat","background-position":"center center","background-size":"auto","background-attachment":"scroll","background-type":"","background-media":"","overlay-type":"","overlay-color":"","overlay-opacity":"","overlay-gradient":""},"tablet":{"background-color":"","background-image":"","background-repeat":"repeat","background-position":"center center","background-size":"auto","background-attachment":"scroll","background-type":"","background-media":"","overlay-type":"","overlay-color":"","overlay-opacity":"","overlay-gradient":""},"mobile":{"background-color":"","background-image":"","background-repeat":"repeat","background-position":"center center","background-size":"auto","background-attachment":"scroll","background-type":"","background-media":"","overlay-type":"","overlay-color":"","overlay-opacity":"","overlay-gradient":""}},"ast-content-background-meta":{"desktop":{"background-color":"var(--ast-global-color-5)","background-image":"","background-repeat":"repeat","background-position":"center center","background-size":"auto","background-attachment":"scroll","background-type":"","background-media":"","overlay-type":"","overlay-color":"","overlay-opacity":"","overlay-gradient":""},"tablet":{"background-color":"var(--ast-global-color-5)","background-image":"","background-repeat":"repeat","background-position":"center center","background-size":"auto","background-attachment":"scroll","background-type":"","background-media":"","overlay-type":"","overlay-color":"","overlay-opacity":"","overlay-gradient":""},"mobile":{"background-color":"var(--ast-global-color-5)","background-image":"","background-repeat":"repeat","background-position":"center center","background-size":"auto","background-attachment":"scroll","background-type":"","background-media":"","overlay-type":"","overlay-color":"","overlay-opacity":"","overlay-gradient":""}},"footnotes":""},"categories":[8,4,5],"tags":[],"class_list":["post-7691","post","type-post","status-publish","format-standard","has-post-thumbnail","hentry","category-8","category-musica","category-primaria"],"post_mailing_queue_ids":[],"_links":{"self":[{"href":"https:\/\/agora.xtec.cat\/esc-antoniubachisoler\/wp-json\/wp\/v2\/posts\/7691","targetHints":{"allow":["GET"]}}],"collection":[{"href":"https:\/\/agora.xtec.cat\/esc-antoniubachisoler\/wp-json\/wp\/v2\/posts"}],"about":[{"href":"https:\/\/agora.xtec.cat\/esc-antoniubachisoler\/wp-json\/wp\/v2\/types\/post"}],"author":[{"embeddable":true,"href":"https:\/\/agora.xtec.cat\/esc-antoniubachisoler\/wp-json\/wp\/v2\/users\/31"}],"replies":[{"embeddable":true,"href":"https:\/\/agora.xtec.cat\/esc-antoniubachisoler\/wp-json\/wp\/v2\/comments?post=7691"}],"version-history":[{"count":3,"href":"https:\/\/agora.xtec.cat\/esc-antoniubachisoler\/wp-json\/wp\/v2\/posts\/7691\/revisions"}],"predecessor-version":[{"id":7705,"href":"https:\/\/agora.xtec.cat\/esc-antoniubachisoler\/wp-json\/wp\/v2\/posts\/7691\/revisions\/7705"}],"wp:featuredmedia":[{"embeddable":true,"href":"https:\/\/agora.xtec.cat\/esc-antoniubachisoler\/wp-json\/wp\/v2\/media\/7706"}],"wp:attachment":[{"href":"https:\/\/agora.xtec.cat\/esc-antoniubachisoler\/wp-json\/wp\/v2\/media?parent=7691"}],"wp:term":[{"taxonomy":"category","embeddable":true,"href":"https:\/\/agora.xtec.cat\/esc-antoniubachisoler\/wp-json\/wp\/v2\/categories?post=7691"},{"taxonomy":"post_tag","embeddable":true,"href":"https:\/\/agora.xtec.cat\/esc-antoniubachisoler\/wp-json\/wp\/v2\/tags?post=7691"}],"curies":[{"name":"wp","href":"https:\/\/api.w.org\/{rel}","templated":true}]}}