{"id":7668,"date":"2020-11-03T09:00:21","date_gmt":"2020-11-03T08:00:21","guid":{"rendered":"https:\/\/agora.xtec.cat\/esc-antoniubachisoler\/?p=7668"},"modified":"2020-11-12T18:43:23","modified_gmt":"2020-11-12T17:43:23","slug":"el-dia-de-la-victoria-buhos","status":"publish","type":"post","link":"https:\/\/agora.xtec.cat\/esc-antoniubachisoler\/blogs\/musica\/el-dia-de-la-victoria-buhos\/","title":{"rendered":"M\u00daSICA: EL DIA DE LA VICT\u00d2RIA &#8220;BUHOS&#8221;"},"content":{"rendered":"<p>Aquest any i m\u00e9s que mai hem de treballar en les emocions de l&#8217;alumnat. Que els alumnes puguin descobrir quines emocions senten i han sentit durant aquests mesos de confinament sense venir a escola, que s\u00e0piguen posar-li nom i a gestionar-les. Des de la meva vessant d&#8217;especialista de m\u00fasica els he preparat activitats que anirem treballant tant a l&#8217;aula com a casa, aix\u00ed que comen\u00e7arem el projecte &#8220;<strong>La m\u00fasica ens emociona<\/strong>&#8220;.<\/p>\n<p>Hem comen\u00e7at el projecte amb una can\u00e7\u00f3 alegre, marxosa, r\u00edtmica, ballable.. del grup Buhos. Es diu &#8220;<b>El dia de la vict\u00f2ria<\/b>&#8221; i ens ha servit per reflexionar molt sobre tot el que ens ha passat aquests mesos. Com diu la lletra, ara ens en sortim, ens mirem il\u00b7lusionats, compartim la felicitat, ens abracem (ep! amb compte!),&#8230; per fi ha arribat el dia de la vict\u00f2ria !!<\/p>\n<p>I per a nosaltres el dia de la vict\u00f2ria va ser quan per fi vam poder tornar a l&#8217;escola i veure&#8217;ns de nou, tot i les mesures de prevenci\u00f3 i protocol que hem de seguir&#8230;<\/p>\n<p>Us deixo aqu\u00ed la can\u00e7\u00f3 per a que hi penseu tamb\u00e9:<\/p>\n<p><iframe loading=\"lazy\" src=\"\/\/www.youtube.com\/embed\/UBJLsXMzWmw?feature=youtu\" width=\"560\" height=\"314\"><\/iframe><\/p>\n","protected":false},"excerpt":{"rendered":"<p>Aquest any i m\u00e9s que mai hem de treballar en les emocions de l&#8217;alumnat. Que els alumnes puguin descobrir quines emocions senten i han sentit durant aquests mesos de confinament sense venir a escola, que s\u00e0piguen posar-li nom i a gestionar-les. Des de la meva vessant d&#8217;especialista de m\u00fasica els he preparat activitats que anirem [&hellip;]<\/p>\n","protected":false},"author":45,"featured_media":7669,"comment_status":"closed","ping_status":"closed","sticky":false,"template":"","format":"standard","meta":{"site-sidebar-layout":"default","site-content-layout":"","ast-site-content-layout":"","site-content-style":"default","site-sidebar-style":"default","ast-global-header-display":"","ast-banner-title-visibility":"","ast-main-header-display":"","ast-hfb-above-header-display":"","ast-hfb-below-header-display":"","ast-hfb-mobile-header-display":"","site-post-title":"","ast-breadcrumbs-content":"","ast-featured-img":"","footer-sml-layout":"","theme-transparent-header-meta":"","adv-header-id-meta":"","stick-header-meta":"","header-above-stick-meta":"","header-main-stick-meta":"","header-below-stick-meta":"","astra-migrate-meta-layouts":"default","ast-page-background-enabled":"default","ast-page-background-meta":{"desktop":{"background-color":"var(--ast-global-color-4)","background-image":"","background-repeat":"repeat","background-position":"center center","background-size":"auto","background-attachment":"scroll","background-type":"","background-media":"","overlay-type":"","overlay-color":"","overlay-opacity":"","overlay-gradient":""},"tablet":{"background-color":"","background-image":"","background-repeat":"repeat","background-position":"center center","background-size":"auto","background-attachment":"scroll","background-type":"","background-media":"","overlay-type":"","overlay-color":"","overlay-opacity":"","overlay-gradient":""},"mobile":{"background-color":"","background-image":"","background-repeat":"repeat","background-position":"center center","background-size":"auto","background-attachment":"scroll","background-type":"","background-media":"","overlay-type":"","overlay-color":"","overlay-opacity":"","overlay-gradient":""}},"ast-content-background-meta":{"desktop":{"background-color":"var(--ast-global-color-5)","background-image":"","background-repeat":"repeat","background-position":"center center","background-size":"auto","background-attachment":"scroll","background-type":"","background-media":"","overlay-type":"","overlay-color":"","overlay-opacity":"","overlay-gradient":""},"tablet":{"background-color":"var(--ast-global-color-5)","background-image":"","background-repeat":"repeat","background-position":"center center","background-size":"auto","background-attachment":"scroll","background-type":"","background-media":"","overlay-type":"","overlay-color":"","overlay-opacity":"","overlay-gradient":""},"mobile":{"background-color":"var(--ast-global-color-5)","background-image":"","background-repeat":"repeat","background-position":"center center","background-size":"auto","background-attachment":"scroll","background-type":"","background-media":"","overlay-type":"","overlay-color":"","overlay-opacity":"","overlay-gradient":""}},"footnotes":""},"categories":[12,4,13],"tags":[],"class_list":["post-7668","post","type-post","status-publish","format-standard","has-post-thumbnail","hentry","category-4t-eso","category-musica","category-4r-deso"],"post_mailing_queue_ids":[],"_links":{"self":[{"href":"https:\/\/agora.xtec.cat\/esc-antoniubachisoler\/wp-json\/wp\/v2\/posts\/7668","targetHints":{"allow":["GET"]}}],"collection":[{"href":"https:\/\/agora.xtec.cat\/esc-antoniubachisoler\/wp-json\/wp\/v2\/posts"}],"about":[{"href":"https:\/\/agora.xtec.cat\/esc-antoniubachisoler\/wp-json\/wp\/v2\/types\/post"}],"author":[{"embeddable":true,"href":"https:\/\/agora.xtec.cat\/esc-antoniubachisoler\/wp-json\/wp\/v2\/users\/45"}],"replies":[{"embeddable":true,"href":"https:\/\/agora.xtec.cat\/esc-antoniubachisoler\/wp-json\/wp\/v2\/comments?post=7668"}],"version-history":[{"count":2,"href":"https:\/\/agora.xtec.cat\/esc-antoniubachisoler\/wp-json\/wp\/v2\/posts\/7668\/revisions"}],"predecessor-version":[{"id":7709,"href":"https:\/\/agora.xtec.cat\/esc-antoniubachisoler\/wp-json\/wp\/v2\/posts\/7668\/revisions\/7709"}],"wp:featuredmedia":[{"embeddable":true,"href":"https:\/\/agora.xtec.cat\/esc-antoniubachisoler\/wp-json\/wp\/v2\/media\/7669"}],"wp:attachment":[{"href":"https:\/\/agora.xtec.cat\/esc-antoniubachisoler\/wp-json\/wp\/v2\/media?parent=7668"}],"wp:term":[{"taxonomy":"category","embeddable":true,"href":"https:\/\/agora.xtec.cat\/esc-antoniubachisoler\/wp-json\/wp\/v2\/categories?post=7668"},{"taxonomy":"post_tag","embeddable":true,"href":"https:\/\/agora.xtec.cat\/esc-antoniubachisoler\/wp-json\/wp\/v2\/tags?post=7668"}],"curies":[{"name":"wp","href":"https:\/\/api.w.org\/{rel}","templated":true}]}}