{"id":13559,"date":"2024-02-14T19:51:15","date_gmt":"2024-02-14T18:51:15","guid":{"rendered":"https:\/\/agora.xtec.cat\/esc-antoniubachisoler\/?p=13559"},"modified":"2024-02-14T19:51:15","modified_gmt":"2024-02-14T18:51:15","slug":"1r-i-2n-setmana-cultural-i-carnestoltes-2024","status":"publish","type":"post","link":"https:\/\/agora.xtec.cat\/esc-antoniubachisoler\/primaria\/1r-i-2n-setmana-cultural-i-carnestoltes-2024\/","title":{"rendered":"1r i 2n-SETMANA CULTURAL I CARNESTOLTES 2024"},"content":{"rendered":"<p id=\"tw-target-text\" class=\"tw-data-text tw-text-large tw-ta\" dir=\"ltr\" data-placeholder=\"Traducci\u00f3\" data-ved=\"2ahUKEwigm7LQuaOEAxUYU6QEHZ-DC2EQ3ewLegQIBRAU\"><span class=\"Y2IQFc\" lang=\"ca\">Estimades fam\u00edlies, <\/span><\/p>\n<p class=\"tw-data-text tw-text-large tw-ta\" dir=\"ltr\" data-placeholder=\"Traducci\u00f3\" data-ved=\"2ahUKEwigm7LQuaOEAxUYU6QEHZ-DC2EQ3ewLegQIBRAU\"><span class=\"Y2IQFc\" lang=\"ca\">Hem viscut una gran setmana cultural plena de propostes al voltant del canvi clim\u00e0tic, l&#8217;escalfament global, l&#8217;efecte hivernacle, la destrucci\u00f3 dels ecosistemes terrestres, la desforestaci\u00f3, l&#8217;extinci\u00f3 d&#8217;esp\u00e8cies, els combustibles f\u00f2ssils, les energies netes i renovables&#8230;<\/span><\/p>\n<p class=\"tw-data-text tw-text-large tw-ta\" dir=\"ltr\" data-placeholder=\"Traducci\u00f3\" data-ved=\"2ahUKEwigm7LQuaOEAxUYU6QEHZ-DC2EQ3ewLegQIBRAU\"><span class=\"Y2IQFc\" lang=\"ca\">Han estat dies de compartir un tema que ens implica a tots, un repte de la societat actual que ha de formar part del dia a dia de les aules, a tots els \u00e0mbits i tots els nivells. Des de l&#8217;equip docent hem organitzat activitats i tallers, per poder compartir amb tots els cursos diferents escenaris que ens han perm\u00e8s aprendre molt sobre el tema. <\/span><\/p>\n<p class=\"tw-data-text tw-text-large tw-ta\" dir=\"ltr\" data-placeholder=\"Traducci\u00f3\" data-ved=\"2ahUKEwigm7LQuaOEAxUYU6QEHZ-DC2EQ3ewLegQIBRAU\"><span class=\"Y2IQFc\" lang=\"ca\">A les tardes va ser el moment de compartir amb les fam\u00edlies, i en concret amb les mares, la confecci\u00f3 de les nostres disfresses. Hi va haver disfresses de tota mena!. Una setmana intensa, plena de noves experi\u00e8ncies i coneixements, que segur deixar\u00e0 un bon record, com el dia de Dijous Gras amb les truites decorades.<\/span><\/p>\n<p class=\"tw-data-text tw-text-large tw-ta\" dir=\"ltr\" data-placeholder=\"Traducci\u00f3\" data-ved=\"2ahUKEwigm7LQuaOEAxUYU6QEHZ-DC2EQ3ewLegQIBRAU\"><span class=\"Y2IQFc\" lang=\"ca\">El Divendres de Carnaval, la gresca va comen\u00e7ar d&#8217;hora amb el Preg\u00f3 de Sa Majestat Rei Carnestoltes, realitzat pels alumnes grans com \u00e9s la tradici\u00f3. <\/span><\/p>\n<p class=\"tw-data-text tw-text-large tw-ta\" dir=\"ltr\" data-placeholder=\"Traducci\u00f3\" data-ved=\"2ahUKEwigm7LQuaOEAxUYU6QEHZ-DC2EQ3ewLegQIBRAU\"><span class=\"Y2IQFc\" lang=\"ca\">Les desfilades dels cursos, aquest any per la pluja als passadissos de l&#8217;escola, tots genials. Va ser un gran mat\u00ed especial i diferent. A la tarda disfressa lliure i ball. <\/span><\/p>\n<p class=\"tw-data-text tw-text-large tw-ta\" dir=\"ltr\" data-placeholder=\"Traducci\u00f3\" data-ved=\"2ahUKEwigm7LQuaOEAxUYU6QEHZ-DC2EQ3ewLegQIBRAU\"><span class=\"Y2IQFc\" lang=\"ca\">Disfressant-se, parlant i jugant s&#8217;han treballat una s\u00e8rie de continguts, alhora que hem posat els nens a la situaci\u00f3 de ser una mica m\u00e9s aut\u00f2noms i fer-los sentir grans. Aqu\u00ed podeu veure les fotos del dia, no us les perdeu!<\/span><\/p>\n<p><a href=\"https:\/\/photos.app.goo.gl\/4oGU15zwDnWQYbSA7\"><img loading=\"lazy\" decoding=\"async\" class=\"aligncenter wp-image-13530\" src=\"https:\/\/agora.xtec.cat\/esc-antoniubachisoler\/wp-content\/uploads\/usu1903\/2024\/02\/2nB-scaled.jpg\" alt=\"\" width=\"414\" height=\"245\" srcset=\"https:\/\/agora.xtec.cat\/esc-antoniubachisoler\/wp-content\/uploads\/usu1903\/2024\/02\/2nB-scaled.jpg 2560w, https:\/\/agora.xtec.cat\/esc-antoniubachisoler\/wp-content\/uploads\/usu1903\/2024\/02\/2nB-300x178.jpg 300w, https:\/\/agora.xtec.cat\/esc-antoniubachisoler\/wp-content\/uploads\/usu1903\/2024\/02\/2nB-1024x606.jpg 1024w, https:\/\/agora.xtec.cat\/esc-antoniubachisoler\/wp-content\/uploads\/usu1903\/2024\/02\/2nB-768x455.jpg 768w, https:\/\/agora.xtec.cat\/esc-antoniubachisoler\/wp-content\/uploads\/usu1903\/2024\/02\/2nB-1536x909.jpg 1536w, https:\/\/agora.xtec.cat\/esc-antoniubachisoler\/wp-content\/uploads\/usu1903\/2024\/02\/2nB-2048x1213.jpg 2048w\" sizes=\"auto, (max-width: 414px) 100vw, 414px\" \/><\/a><\/p>\n","protected":false},"excerpt":{"rendered":"<p>Estimades fam\u00edlies, Hem viscut una gran setmana cultural plena de propostes al voltant del canvi clim\u00e0tic, l&#8217;escalfament global, l&#8217;efecte hivernacle, la destrucci\u00f3 dels ecosistemes terrestres, la desforestaci\u00f3, l&#8217;extinci\u00f3 d&#8217;esp\u00e8cies, els combustibles f\u00f2ssils, les energies netes i renovables&#8230; Han estat dies de compartir un tema que ens implica a tots, un repte de la societat actual [&hellip;]<\/p>\n","protected":false},"author":20,"featured_media":13529,"comment_status":"closed","ping_status":"closed","sticky":false,"template":"","format":"standard","meta":{"site-sidebar-layout":"default","site-content-layout":"","ast-site-content-layout":"","site-content-style":"default","site-sidebar-style":"default","ast-global-header-display":"","ast-banner-title-visibility":"","ast-main-header-display":"","ast-hfb-above-header-display":"","ast-hfb-below-header-display":"","ast-hfb-mobile-header-display":"","site-post-title":"","ast-breadcrumbs-content":"","ast-featured-img":"","footer-sml-layout":"","theme-transparent-header-meta":"","adv-header-id-meta":"","stick-header-meta":"","header-above-stick-meta":"","header-main-stick-meta":"","header-below-stick-meta":"","astra-migrate-meta-layouts":"default","ast-page-background-enabled":"default","ast-page-background-meta":{"desktop":{"background-color":"var(--ast-global-color-4)","background-image":"","background-repeat":"repeat","background-position":"center center","background-size":"auto","background-attachment":"scroll","background-type":"","background-media":"","overlay-type":"","overlay-color":"","overlay-opacity":"","overlay-gradient":""},"tablet":{"background-color":"","background-image":"","background-repeat":"repeat","background-position":"center center","background-size":"auto","background-attachment":"scroll","background-type":"","background-media":"","overlay-type":"","overlay-color":"","overlay-opacity":"","overlay-gradient":""},"mobile":{"background-color":"","background-image":"","background-repeat":"repeat","background-position":"center center","background-size":"auto","background-attachment":"scroll","background-type":"","background-media":"","overlay-type":"","overlay-color":"","overlay-opacity":"","overlay-gradient":""}},"ast-content-background-meta":{"desktop":{"background-color":"var(--ast-global-color-5)","background-image":"","background-repeat":"repeat","background-position":"center center","background-size":"auto","background-attachment":"scroll","background-type":"","background-media":"","overlay-type":"","overlay-color":"","overlay-opacity":"","overlay-gradient":""},"tablet":{"background-color":"var(--ast-global-color-5)","background-image":"","background-repeat":"repeat","background-position":"center center","background-size":"auto","background-attachment":"scroll","background-type":"","background-media":"","overlay-type":"","overlay-color":"","overlay-opacity":"","overlay-gradient":""},"mobile":{"background-color":"var(--ast-global-color-5)","background-image":"","background-repeat":"repeat","background-position":"center center","background-size":"auto","background-attachment":"scroll","background-type":"","background-media":"","overlay-type":"","overlay-color":"","overlay-opacity":"","overlay-gradient":""}},"footnotes":""},"categories":[446,251,5],"tags":[],"class_list":["post-13559","post","type-post","status-publish","format-standard","has-post-thumbnail","hentry","category-446","category-251","category-primaria"],"post_mailing_queue_ids":[],"_links":{"self":[{"href":"https:\/\/agora.xtec.cat\/esc-antoniubachisoler\/wp-json\/wp\/v2\/posts\/13559","targetHints":{"allow":["GET"]}}],"collection":[{"href":"https:\/\/agora.xtec.cat\/esc-antoniubachisoler\/wp-json\/wp\/v2\/posts"}],"about":[{"href":"https:\/\/agora.xtec.cat\/esc-antoniubachisoler\/wp-json\/wp\/v2\/types\/post"}],"author":[{"embeddable":true,"href":"https:\/\/agora.xtec.cat\/esc-antoniubachisoler\/wp-json\/wp\/v2\/users\/20"}],"replies":[{"embeddable":true,"href":"https:\/\/agora.xtec.cat\/esc-antoniubachisoler\/wp-json\/wp\/v2\/comments?post=13559"}],"version-history":[{"count":4,"href":"https:\/\/agora.xtec.cat\/esc-antoniubachisoler\/wp-json\/wp\/v2\/posts\/13559\/revisions"}],"predecessor-version":[{"id":13563,"href":"https:\/\/agora.xtec.cat\/esc-antoniubachisoler\/wp-json\/wp\/v2\/posts\/13559\/revisions\/13563"}],"wp:featuredmedia":[{"embeddable":true,"href":"https:\/\/agora.xtec.cat\/esc-antoniubachisoler\/wp-json\/wp\/v2\/media\/13529"}],"wp:attachment":[{"href":"https:\/\/agora.xtec.cat\/esc-antoniubachisoler\/wp-json\/wp\/v2\/media?parent=13559"}],"wp:term":[{"taxonomy":"category","embeddable":true,"href":"https:\/\/agora.xtec.cat\/esc-antoniubachisoler\/wp-json\/wp\/v2\/categories?post=13559"},{"taxonomy":"post_tag","embeddable":true,"href":"https:\/\/agora.xtec.cat\/esc-antoniubachisoler\/wp-json\/wp\/v2\/tags?post=13559"}],"curies":[{"name":"wp","href":"https:\/\/api.w.org\/{rel}","templated":true}]}}