{"id":13025,"date":"2023-10-26T09:39:27","date_gmt":"2023-10-26T07:39:27","guid":{"rendered":"https:\/\/agora.xtec.cat\/esc-antoniubachisoler\/?p=13025"},"modified":"2023-10-26T09:39:27","modified_gmt":"2023-10-26T07:39:27","slug":"4t-sortida-a-la-factoria-cultural-de-terrassa","status":"publish","type":"post","link":"https:\/\/agora.xtec.cat\/esc-antoniubachisoler\/primaria\/4t-sortida-a-la-factoria-cultural-de-terrassa\/","title":{"rendered":"4t Sortida a la Factoria Cultural de Terrassa"},"content":{"rendered":"<p>Benvolgudes fam\u00edlies!!<\/p>\n<p>El passat dijous 19 d&#8217;octubre, l&#8217;alumnat de 4t vam anar a la Factoria Cultural de terrassa. All\u00e0 vam veure una exposici\u00f3 dels premis Lau, que s\u00f3n uns premis a estudiants de disseny gr\u00e0fic, i tamb\u00e9 vam realitzar un taller de pl\u00e0stica relacionat amb el disseny gr\u00e0fic.<\/p>\n<p>A m\u00e9s a m\u00e9s, quan vam acabar, vam poder anar al Parc Sant Jordi i all\u00e0 vam dinar i jugar plegats. Vam gaudir molt\u00edssim.<\/p>\n<p>Si voleu veure que b\u00e9 ens ho vam passar, feu clic <a href=\"https:\/\/photos.app.goo.gl\/jEfFvFXrMNnJjQCJ6\">aqu\u00ed!!<\/a><\/p>\n<p><a href=\"https:\/\/agora.xtec.cat\/esc-antoniubachisoler\/wp-content\/uploads\/usu1903\/2023\/10\/webfact.jpg\"><img loading=\"lazy\" decoding=\"async\" class=\"alignnone size-full wp-image-13027\" src=\"https:\/\/agora.xtec.cat\/esc-antoniubachisoler\/wp-content\/uploads\/usu1903\/2023\/10\/webfact.jpg\" alt=\"\" width=\"645\" height=\"350\" srcset=\"https:\/\/agora.xtec.cat\/esc-antoniubachisoler\/wp-content\/uploads\/usu1903\/2023\/10\/webfact.jpg 645w, https:\/\/agora.xtec.cat\/esc-antoniubachisoler\/wp-content\/uploads\/usu1903\/2023\/10\/webfact-300x163.jpg 300w\" sizes=\"auto, (max-width: 645px) 100vw, 645px\" \/><\/a><\/p>\n","protected":false},"excerpt":{"rendered":"<p>Benvolgudes fam\u00edlies!! El passat dijous 19 d&#8217;octubre, l&#8217;alumnat de 4t vam anar a la Factoria Cultural de terrassa. All\u00e0 vam veure una exposici\u00f3 dels premis Lau, que s\u00f3n uns premis a estudiants de disseny gr\u00e0fic, i tamb\u00e9 vam realitzar un taller de pl\u00e0stica relacionat amb el disseny gr\u00e0fic. A m\u00e9s a m\u00e9s, quan vam acabar, [&hellip;]<\/p>\n","protected":false},"author":49,"featured_media":13027,"comment_status":"closed","ping_status":"closed","sticky":false,"template":"","format":"standard","meta":{"site-sidebar-layout":"default","site-content-layout":"","ast-site-content-layout":"","site-content-style":"default","site-sidebar-style":"default","ast-global-header-display":"","ast-banner-title-visibility":"","ast-main-header-display":"","ast-hfb-above-header-display":"","ast-hfb-below-header-display":"","ast-hfb-mobile-header-display":"","site-post-title":"","ast-breadcrumbs-content":"","ast-featured-img":"","footer-sml-layout":"","theme-transparent-header-meta":"","adv-header-id-meta":"","stick-header-meta":"","header-above-stick-meta":"","header-main-stick-meta":"","header-below-stick-meta":"","astra-migrate-meta-layouts":"default","ast-page-background-enabled":"default","ast-page-background-meta":{"desktop":{"background-color":"var(--ast-global-color-4)","background-image":"","background-repeat":"repeat","background-position":"center center","background-size":"auto","background-attachment":"scroll","background-type":"","background-media":"","overlay-type":"","overlay-color":"","overlay-opacity":"","overlay-gradient":""},"tablet":{"background-color":"","background-image":"","background-repeat":"repeat","background-position":"center center","background-size":"auto","background-attachment":"scroll","background-type":"","background-media":"","overlay-type":"","overlay-color":"","overlay-opacity":"","overlay-gradient":""},"mobile":{"background-color":"","background-image":"","background-repeat":"repeat","background-position":"center center","background-size":"auto","background-attachment":"scroll","background-type":"","background-media":"","overlay-type":"","overlay-color":"","overlay-opacity":"","overlay-gradient":""}},"ast-content-background-meta":{"desktop":{"background-color":"var(--ast-global-color-5)","background-image":"","background-repeat":"repeat","background-position":"center center","background-size":"auto","background-attachment":"scroll","background-type":"","background-media":"","overlay-type":"","overlay-color":"","overlay-opacity":"","overlay-gradient":""},"tablet":{"background-color":"var(--ast-global-color-5)","background-image":"","background-repeat":"repeat","background-position":"center center","background-size":"auto","background-attachment":"scroll","background-type":"","background-media":"","overlay-type":"","overlay-color":"","overlay-opacity":"","overlay-gradient":""},"mobile":{"background-color":"var(--ast-global-color-5)","background-image":"","background-repeat":"repeat","background-position":"center center","background-size":"auto","background-attachment":"scroll","background-type":"","background-media":"","overlay-type":"","overlay-color":"","overlay-opacity":"","overlay-gradient":""}},"footnotes":""},"categories":[8,5],"tags":[],"class_list":["post-13025","post","type-post","status-publish","format-standard","has-post-thumbnail","hentry","category-8","category-primaria"],"post_mailing_queue_ids":[],"_links":{"self":[{"href":"https:\/\/agora.xtec.cat\/esc-antoniubachisoler\/wp-json\/wp\/v2\/posts\/13025","targetHints":{"allow":["GET"]}}],"collection":[{"href":"https:\/\/agora.xtec.cat\/esc-antoniubachisoler\/wp-json\/wp\/v2\/posts"}],"about":[{"href":"https:\/\/agora.xtec.cat\/esc-antoniubachisoler\/wp-json\/wp\/v2\/types\/post"}],"author":[{"embeddable":true,"href":"https:\/\/agora.xtec.cat\/esc-antoniubachisoler\/wp-json\/wp\/v2\/users\/49"}],"replies":[{"embeddable":true,"href":"https:\/\/agora.xtec.cat\/esc-antoniubachisoler\/wp-json\/wp\/v2\/comments?post=13025"}],"version-history":[{"count":2,"href":"https:\/\/agora.xtec.cat\/esc-antoniubachisoler\/wp-json\/wp\/v2\/posts\/13025\/revisions"}],"predecessor-version":[{"id":13028,"href":"https:\/\/agora.xtec.cat\/esc-antoniubachisoler\/wp-json\/wp\/v2\/posts\/13025\/revisions\/13028"}],"wp:featuredmedia":[{"embeddable":true,"href":"https:\/\/agora.xtec.cat\/esc-antoniubachisoler\/wp-json\/wp\/v2\/media\/13027"}],"wp:attachment":[{"href":"https:\/\/agora.xtec.cat\/esc-antoniubachisoler\/wp-json\/wp\/v2\/media?parent=13025"}],"wp:term":[{"taxonomy":"category","embeddable":true,"href":"https:\/\/agora.xtec.cat\/esc-antoniubachisoler\/wp-json\/wp\/v2\/categories?post=13025"},{"taxonomy":"post_tag","embeddable":true,"href":"https:\/\/agora.xtec.cat\/esc-antoniubachisoler\/wp-json\/wp\/v2\/tags?post=13025"}],"curies":[{"name":"wp","href":"https:\/\/api.w.org\/{rel}","templated":true}]}}