{"id":12277,"date":"2023-03-10T09:00:59","date_gmt":"2023-03-10T08:00:59","guid":{"rendered":"https:\/\/agora.xtec.cat\/esc-antoniubachisoler\/?p=12277"},"modified":"2023-05-04T09:54:24","modified_gmt":"2023-05-04T07:54:24","slug":"taller-la-nostra-petjada-a-lentorn","status":"publish","type":"post","link":"https:\/\/agora.xtec.cat\/esc-antoniubachisoler\/primaria\/taller-la-nostra-petjada-a-lentorn\/","title":{"rendered":"4t Taller &#8220;La nostra petjada a l&#8217;entorn&#8221;"},"content":{"rendered":"<p style=\"text-align: left\">Aprofitant que hem treballat els ecosistemes, hem fet el taller <span class=\"hiddenGrammarError\">&#8220;<\/span>La nostra petjada a l&#8217;entorn. S&#8217;han explicat els ecosistemes urbans i periurbans i la fauna que hi habita. S&#8217;ha descrit la fauna urbana en <span class=\"hiddenGrammarError\">sobre-poblaci\u00f3<\/span> (esp\u00e8cies plaga) aix\u00ed com la flora i fauna ex\u00f2tica i invasora. Tamb\u00e9 hem analitzat les caracter\u00edstiques de totes elles, el seu impacte sobre el medi i com el nostre comportament hi afecta.<br \/>\nHem acabat amb una sorpresa i hem pogut veure i tocar&#8230; un eri\u00e7\u00f3!\ud83e\udd17<\/p>\n<p>El taller ha estat molt interessant! Gr\u00e0cies al servei del medi ambient!\ud83d\udc4f<\/p>\n<p style=\"text-align: center\"><a href=\"https:\/\/photos.app.goo.gl\/meiDZdZpuyZfAdFd6\" target=\"_blank\" rel=\"noopener\"><img loading=\"lazy\" decoding=\"async\" class=\"aligncenter wp-image-12278 size-medium\" src=\"https:\/\/agora.xtec.cat\/esc-antoniubachisoler\/wp-content\/uploads\/usu1903\/2023\/03\/12-e1664180753505-300x300.jpg\" alt=\"\" width=\"300\" height=\"300\" srcset=\"https:\/\/agora.xtec.cat\/esc-antoniubachisoler\/wp-content\/uploads\/usu1903\/2023\/03\/12-e1664180753505-300x300.jpg 300w, https:\/\/agora.xtec.cat\/esc-antoniubachisoler\/wp-content\/uploads\/usu1903\/2023\/03\/12-e1664180753505-150x150.jpg 150w, https:\/\/agora.xtec.cat\/esc-antoniubachisoler\/wp-content\/uploads\/usu1903\/2023\/03\/12-e1664180753505.jpg 400w\" sizes=\"auto, (max-width: 300px) 100vw, 300px\" \/><\/a><br \/>\n(\ud83d\udd18Per poder veures les fotografies, clicar a la imatge\ud83d\udd18)<\/p>\n<p>&nbsp;<\/p>\n","protected":false},"excerpt":{"rendered":"<p>Aprofitant que hem treballat els ecosistemes, hem fet el taller &#8220;La nostra petjada a l&#8217;entorn. S&#8217;han explicat els ecosistemes urbans i periurbans i la fauna que hi habita. S&#8217;ha descrit la fauna urbana en sobre-poblaci\u00f3 (esp\u00e8cies plaga) aix\u00ed com la flora i fauna ex\u00f2tica i invasora. Tamb\u00e9 hem analitzat les caracter\u00edstiques de totes elles, el [&hellip;]<\/p>\n","protected":false},"author":4,"featured_media":12278,"comment_status":"closed","ping_status":"closed","sticky":false,"template":"","format":"standard","meta":{"site-sidebar-layout":"default","site-content-layout":"","ast-site-content-layout":"","site-content-style":"default","site-sidebar-style":"default","ast-global-header-display":"","ast-banner-title-visibility":"","ast-main-header-display":"","ast-hfb-above-header-display":"","ast-hfb-below-header-display":"","ast-hfb-mobile-header-display":"","site-post-title":"","ast-breadcrumbs-content":"","ast-featured-img":"","footer-sml-layout":"","theme-transparent-header-meta":"","adv-header-id-meta":"","stick-header-meta":"","header-above-stick-meta":"","header-main-stick-meta":"","header-below-stick-meta":"","astra-migrate-meta-layouts":"default","ast-page-background-enabled":"default","ast-page-background-meta":{"desktop":{"background-color":"var(--ast-global-color-4)","background-image":"","background-repeat":"repeat","background-position":"center center","background-size":"auto","background-attachment":"scroll","background-type":"","background-media":"","overlay-type":"","overlay-color":"","overlay-opacity":"","overlay-gradient":""},"tablet":{"background-color":"","background-image":"","background-repeat":"repeat","background-position":"center center","background-size":"auto","background-attachment":"scroll","background-type":"","background-media":"","overlay-type":"","overlay-color":"","overlay-opacity":"","overlay-gradient":""},"mobile":{"background-color":"","background-image":"","background-repeat":"repeat","background-position":"center center","background-size":"auto","background-attachment":"scroll","background-type":"","background-media":"","overlay-type":"","overlay-color":"","overlay-opacity":"","overlay-gradient":""}},"ast-content-background-meta":{"desktop":{"background-color":"var(--ast-global-color-5)","background-image":"","background-repeat":"repeat","background-position":"center center","background-size":"auto","background-attachment":"scroll","background-type":"","background-media":"","overlay-type":"","overlay-color":"","overlay-opacity":"","overlay-gradient":""},"tablet":{"background-color":"var(--ast-global-color-5)","background-image":"","background-repeat":"repeat","background-position":"center center","background-size":"auto","background-attachment":"scroll","background-type":"","background-media":"","overlay-type":"","overlay-color":"","overlay-opacity":"","overlay-gradient":""},"mobile":{"background-color":"var(--ast-global-color-5)","background-image":"","background-repeat":"repeat","background-position":"center center","background-size":"auto","background-attachment":"scroll","background-type":"","background-media":"","overlay-type":"","overlay-color":"","overlay-opacity":"","overlay-gradient":""}},"footnotes":""},"categories":[9,5],"tags":[90,495,494,496],"class_list":["post-12277","post","type-post","status-publish","format-standard","has-post-thumbnail","hentry","category-1r-eso","category-primaria","tag-4t","tag-ecosistemes","tag-medi-ambient","tag-taller"],"post_mailing_queue_ids":[],"_links":{"self":[{"href":"https:\/\/agora.xtec.cat\/esc-antoniubachisoler\/wp-json\/wp\/v2\/posts\/12277","targetHints":{"allow":["GET"]}}],"collection":[{"href":"https:\/\/agora.xtec.cat\/esc-antoniubachisoler\/wp-json\/wp\/v2\/posts"}],"about":[{"href":"https:\/\/agora.xtec.cat\/esc-antoniubachisoler\/wp-json\/wp\/v2\/types\/post"}],"author":[{"embeddable":true,"href":"https:\/\/agora.xtec.cat\/esc-antoniubachisoler\/wp-json\/wp\/v2\/users\/4"}],"replies":[{"embeddable":true,"href":"https:\/\/agora.xtec.cat\/esc-antoniubachisoler\/wp-json\/wp\/v2\/comments?post=12277"}],"version-history":[{"count":3,"href":"https:\/\/agora.xtec.cat\/esc-antoniubachisoler\/wp-json\/wp\/v2\/posts\/12277\/revisions"}],"predecessor-version":[{"id":12281,"href":"https:\/\/agora.xtec.cat\/esc-antoniubachisoler\/wp-json\/wp\/v2\/posts\/12277\/revisions\/12281"}],"wp:featuredmedia":[{"embeddable":true,"href":"https:\/\/agora.xtec.cat\/esc-antoniubachisoler\/wp-json\/wp\/v2\/media\/12278"}],"wp:attachment":[{"href":"https:\/\/agora.xtec.cat\/esc-antoniubachisoler\/wp-json\/wp\/v2\/media?parent=12277"}],"wp:term":[{"taxonomy":"category","embeddable":true,"href":"https:\/\/agora.xtec.cat\/esc-antoniubachisoler\/wp-json\/wp\/v2\/categories?post=12277"},{"taxonomy":"post_tag","embeddable":true,"href":"https:\/\/agora.xtec.cat\/esc-antoniubachisoler\/wp-json\/wp\/v2\/tags?post=12277"}],"curies":[{"name":"wp","href":"https:\/\/api.w.org\/{rel}","templated":true}]}}