{"id":12015,"date":"2023-02-13T09:00:26","date_gmt":"2023-02-13T08:00:26","guid":{"rendered":"https:\/\/agora.xtec.cat\/esc-antoniubachisoler\/?p=12015"},"modified":"2023-02-13T22:44:34","modified_gmt":"2023-02-13T21:44:34","slug":"comencem-la-setmana-cultural-al-cicle-mitja","status":"publish","type":"post","link":"https:\/\/agora.xtec.cat\/esc-antoniubachisoler\/primaria\/comencem-la-setmana-cultural-al-cicle-mitja\/","title":{"rendered":"COMENCEM LA SETMANA CULTURAL AL CICLE MITJ\u00c0"},"content":{"rendered":"<p>Hola fam\u00edlies! Us informem que la Setmana Cultural ja est\u00e0 aqu\u00ed!<\/p>\n<p>Aquest curs la tem\u00e0tica de la setmana \u00e9s <strong>Contes i C\u00f2mics<\/strong>. Com ja sabeu aquesta setmana tamb\u00e9 es relaciona amb el CARNAVAL! Durant el mat\u00ed, l&#8217;alumnat de CICLE MITJ\u00c0 realitzar\u00e0 uns tallers molt interessants i divertits de CONTES. I a la tarda, confeccionem la disfressa de cada nivell. Els\/les nens\/es de <strong>3r<\/strong> aniran del conte Peter Pan i Pirates. En canvi, els\/les de <strong>4t<\/strong> aniran de la llegenda de Mulan, que podrem distingir guerrers\/es i de Mushus (dracs t\u00edpics de la Xina).<\/p>\n<p>Us deixem algunes fotografies de com estem gaudint de la setmana \ud83d\ude00 (cliqueu a cada taller per poder veure les imatges)<\/p>\n<p><a href=\"https:\/\/photos.app.goo.gl\/oh77ZohcvuJh5Trk7\" target=\"_blank\" rel=\"noopener\">Taller 1: Personatges del contes (Memory+Qui soc?)<\/a><\/p>\n<p><a href=\"https:\/\/photos.app.goo.gl\/Vv1UzzUCbcYUxeM39\" target=\"_blank\" rel=\"noopener\">Taller 2: Canviem els finals!<\/a><\/p>\n<p><a href=\"https:\/\/photos.app.goo.gl\/QCNYduMbubdvjEQD7\" target=\"_blank\" rel=\"noopener\">Taller 3: Ho sabeu tot dels contes? KAHOOT<\/a><\/p>\n<p><a href=\"https:\/\/photos.app.goo.gl\/9W5WPCZKU7ENqWEt5\" target=\"_blank\" rel=\"noopener\">Taller 4: Fem titelles!<\/a><\/p>\n<p><a href=\"https:\/\/agora.xtec.cat\/esc-antoniubachisoler\/wp-content\/uploads\/usu1903\/2023\/02\/Setmana-Cultural.jpeg\"><img loading=\"lazy\" decoding=\"async\" class=\"aligncenter size-medium wp-image-12016\" src=\"https:\/\/agora.xtec.cat\/esc-antoniubachisoler\/wp-content\/uploads\/usu1903\/2023\/02\/Setmana-Cultural-300x233.jpeg\" alt=\"\" width=\"300\" height=\"233\" srcset=\"https:\/\/agora.xtec.cat\/esc-antoniubachisoler\/wp-content\/uploads\/usu1903\/2023\/02\/Setmana-Cultural-300x233.jpeg 300w, https:\/\/agora.xtec.cat\/esc-antoniubachisoler\/wp-content\/uploads\/usu1903\/2023\/02\/Setmana-Cultural-1024x794.jpeg 1024w, https:\/\/agora.xtec.cat\/esc-antoniubachisoler\/wp-content\/uploads\/usu1903\/2023\/02\/Setmana-Cultural-768x595.jpeg 768w, https:\/\/agora.xtec.cat\/esc-antoniubachisoler\/wp-content\/uploads\/usu1903\/2023\/02\/Setmana-Cultural-1536x1190.jpeg 1536w, https:\/\/agora.xtec.cat\/esc-antoniubachisoler\/wp-content\/uploads\/usu1903\/2023\/02\/Setmana-Cultural.jpeg 1600w\" sizes=\"auto, (max-width: 300px) 100vw, 300px\" \/><\/a><\/p>\n","protected":false},"excerpt":{"rendered":"<p>Hola fam\u00edlies! Us informem que la Setmana Cultural ja est\u00e0 aqu\u00ed! Aquest curs la tem\u00e0tica de la setmana \u00e9s Contes i C\u00f2mics. Com ja sabeu aquesta setmana tamb\u00e9 es relaciona amb el CARNAVAL! Durant el mat\u00ed, l&#8217;alumnat de CICLE MITJ\u00c0 realitzar\u00e0 uns tallers molt interessants i divertits de CONTES. I a la tarda, confeccionem la [&hellip;]<\/p>\n","protected":false},"author":4,"featured_media":12016,"comment_status":"closed","ping_status":"closed","sticky":false,"template":"","format":"standard","meta":{"site-sidebar-layout":"default","site-content-layout":"","ast-site-content-layout":"","site-content-style":"default","site-sidebar-style":"default","ast-global-header-display":"","ast-banner-title-visibility":"","ast-main-header-display":"","ast-hfb-above-header-display":"","ast-hfb-below-header-display":"","ast-hfb-mobile-header-display":"","site-post-title":"","ast-breadcrumbs-content":"","ast-featured-img":"","footer-sml-layout":"","theme-transparent-header-meta":"","adv-header-id-meta":"","stick-header-meta":"","header-above-stick-meta":"","header-main-stick-meta":"","header-below-stick-meta":"","astra-migrate-meta-layouts":"default","ast-page-background-enabled":"default","ast-page-background-meta":{"desktop":{"background-color":"var(--ast-global-color-4)","background-image":"","background-repeat":"repeat","background-position":"center center","background-size":"auto","background-attachment":"scroll","background-type":"","background-media":"","overlay-type":"","overlay-color":"","overlay-opacity":"","overlay-gradient":""},"tablet":{"background-color":"","background-image":"","background-repeat":"repeat","background-position":"center center","background-size":"auto","background-attachment":"scroll","background-type":"","background-media":"","overlay-type":"","overlay-color":"","overlay-opacity":"","overlay-gradient":""},"mobile":{"background-color":"","background-image":"","background-repeat":"repeat","background-position":"center center","background-size":"auto","background-attachment":"scroll","background-type":"","background-media":"","overlay-type":"","overlay-color":"","overlay-opacity":"","overlay-gradient":""}},"ast-content-background-meta":{"desktop":{"background-color":"var(--ast-global-color-5)","background-image":"","background-repeat":"repeat","background-position":"center center","background-size":"auto","background-attachment":"scroll","background-type":"","background-media":"","overlay-type":"","overlay-color":"","overlay-opacity":"","overlay-gradient":""},"tablet":{"background-color":"var(--ast-global-color-5)","background-image":"","background-repeat":"repeat","background-position":"center center","background-size":"auto","background-attachment":"scroll","background-type":"","background-media":"","overlay-type":"","overlay-color":"","overlay-opacity":"","overlay-gradient":""},"mobile":{"background-color":"var(--ast-global-color-5)","background-image":"","background-repeat":"repeat","background-position":"center center","background-size":"auto","background-attachment":"scroll","background-type":"","background-media":"","overlay-type":"","overlay-color":"","overlay-opacity":"","overlay-gradient":""}},"footnotes":""},"categories":[9,8,5],"tags":[490,157],"class_list":["post-12015","post","type-post","status-publish","format-standard","has-post-thumbnail","hentry","category-1r-eso","category-8","category-primaria","tag-carnaval","tag-setmana-cultural"],"post_mailing_queue_ids":[],"_links":{"self":[{"href":"https:\/\/agora.xtec.cat\/esc-antoniubachisoler\/wp-json\/wp\/v2\/posts\/12015","targetHints":{"allow":["GET"]}}],"collection":[{"href":"https:\/\/agora.xtec.cat\/esc-antoniubachisoler\/wp-json\/wp\/v2\/posts"}],"about":[{"href":"https:\/\/agora.xtec.cat\/esc-antoniubachisoler\/wp-json\/wp\/v2\/types\/post"}],"author":[{"embeddable":true,"href":"https:\/\/agora.xtec.cat\/esc-antoniubachisoler\/wp-json\/wp\/v2\/users\/4"}],"replies":[{"embeddable":true,"href":"https:\/\/agora.xtec.cat\/esc-antoniubachisoler\/wp-json\/wp\/v2\/comments?post=12015"}],"version-history":[{"count":3,"href":"https:\/\/agora.xtec.cat\/esc-antoniubachisoler\/wp-json\/wp\/v2\/posts\/12015\/revisions"}],"predecessor-version":[{"id":12019,"href":"https:\/\/agora.xtec.cat\/esc-antoniubachisoler\/wp-json\/wp\/v2\/posts\/12015\/revisions\/12019"}],"wp:featuredmedia":[{"embeddable":true,"href":"https:\/\/agora.xtec.cat\/esc-antoniubachisoler\/wp-json\/wp\/v2\/media\/12016"}],"wp:attachment":[{"href":"https:\/\/agora.xtec.cat\/esc-antoniubachisoler\/wp-json\/wp\/v2\/media?parent=12015"}],"wp:term":[{"taxonomy":"category","embeddable":true,"href":"https:\/\/agora.xtec.cat\/esc-antoniubachisoler\/wp-json\/wp\/v2\/categories?post=12015"},{"taxonomy":"post_tag","embeddable":true,"href":"https:\/\/agora.xtec.cat\/esc-antoniubachisoler\/wp-json\/wp\/v2\/tags?post=12015"}],"curies":[{"name":"wp","href":"https:\/\/api.w.org\/{rel}","templated":true}]}}