{"id":11409,"date":"2022-11-25T15:47:54","date_gmt":"2022-11-25T14:47:54","guid":{"rendered":"https:\/\/agora.xtec.cat\/esc-antoniubachisoler\/?p=11409"},"modified":"2022-12-04T10:29:28","modified_gmt":"2022-12-04T09:29:28","slug":"dia-internacional-per-lerradicacio-de-la-violencia-vers-les-dones","status":"publish","type":"post","link":"https:\/\/agora.xtec.cat\/esc-antoniubachisoler\/general\/dia-internacional-per-lerradicacio-de-la-violencia-vers-les-dones\/","title":{"rendered":"Dia Internacional per l\u2019Erradicaci\u00f3 de la Viol\u00e8ncia vers les Dones"},"content":{"rendered":"<p>Hola fam\u00edlies,<\/p>\n<p>Avui s&#8217;ha treballat el Dia Internacional per l&#8217;Erradicaci\u00f3 de la Viol\u00e8ncia vers les Dones. Despr\u00e9s de parlar, intercanviar idees i debatre una mica sobre aquest tema, tot l&#8217;alumnat ha pintat i escrit una paraula que representi aquest dia a una papallona. Us mostrem com han quedat despr\u00e9s de penjar-les al passad\u00eds perqu\u00e8 tothom les pugui veure:<\/p>\n<p><a href=\"https:\/\/agora.xtec.cat\/esc-antoniubachisoler\/wp-content\/uploads\/usu1903\/2022\/12\/PAPALLONES.jpeg\"><img loading=\"lazy\" decoding=\"async\" class=\"alignnone wp-image-11410\" src=\"https:\/\/agora.xtec.cat\/esc-antoniubachisoler\/wp-content\/uploads\/usu1903\/2022\/12\/PAPALLONES.jpeg\" alt=\"\" width=\"1405\" height=\"651\" srcset=\"https:\/\/agora.xtec.cat\/esc-antoniubachisoler\/wp-content\/uploads\/usu1903\/2022\/12\/PAPALLONES.jpeg 1522w, https:\/\/agora.xtec.cat\/esc-antoniubachisoler\/wp-content\/uploads\/usu1903\/2022\/12\/PAPALLONES-300x139.jpeg 300w, https:\/\/agora.xtec.cat\/esc-antoniubachisoler\/wp-content\/uploads\/usu1903\/2022\/12\/PAPALLONES-1024x474.jpeg 1024w, https:\/\/agora.xtec.cat\/esc-antoniubachisoler\/wp-content\/uploads\/usu1903\/2022\/12\/PAPALLONES-768x356.jpeg 768w\" sizes=\"auto, (max-width: 1405px) 100vw, 1405px\" \/><\/a><\/p>\n","protected":false},"excerpt":{"rendered":"<p>Hola fam\u00edlies, Avui s&#8217;ha treballat el Dia Internacional per l&#8217;Erradicaci\u00f3 de la Viol\u00e8ncia vers les Dones. Despr\u00e9s de parlar, intercanviar idees i debatre una mica sobre aquest tema, tot l&#8217;alumnat ha pintat i escrit una paraula que representi aquest dia a una papallona. Us mostrem com han quedat despr\u00e9s de penjar-les al passad\u00eds perqu\u00e8 tothom [&hellip;]<\/p>\n","protected":false},"author":5,"featured_media":0,"comment_status":"closed","ping_status":"closed","sticky":false,"template":"","format":"standard","meta":{"site-sidebar-layout":"default","site-content-layout":"","ast-site-content-layout":"","site-content-style":"default","site-sidebar-style":"default","ast-global-header-display":"","ast-banner-title-visibility":"","ast-main-header-display":"","ast-hfb-above-header-display":"","ast-hfb-below-header-display":"","ast-hfb-mobile-header-display":"","site-post-title":"","ast-breadcrumbs-content":"","ast-featured-img":"","footer-sml-layout":"","theme-transparent-header-meta":"","adv-header-id-meta":"","stick-header-meta":"","header-above-stick-meta":"","header-main-stick-meta":"","header-below-stick-meta":"","astra-migrate-meta-layouts":"default","ast-page-background-enabled":"default","ast-page-background-meta":{"desktop":{"background-color":"var(--ast-global-color-4)","background-image":"","background-repeat":"repeat","background-position":"center center","background-size":"auto","background-attachment":"scroll","background-type":"","background-media":"","overlay-type":"","overlay-color":"","overlay-opacity":"","overlay-gradient":""},"tablet":{"background-color":"","background-image":"","background-repeat":"repeat","background-position":"center center","background-size":"auto","background-attachment":"scroll","background-type":"","background-media":"","overlay-type":"","overlay-color":"","overlay-opacity":"","overlay-gradient":""},"mobile":{"background-color":"","background-image":"","background-repeat":"repeat","background-position":"center center","background-size":"auto","background-attachment":"scroll","background-type":"","background-media":"","overlay-type":"","overlay-color":"","overlay-opacity":"","overlay-gradient":""}},"ast-content-background-meta":{"desktop":{"background-color":"var(--ast-global-color-5)","background-image":"","background-repeat":"repeat","background-position":"center center","background-size":"auto","background-attachment":"scroll","background-type":"","background-media":"","overlay-type":"","overlay-color":"","overlay-opacity":"","overlay-gradient":""},"tablet":{"background-color":"var(--ast-global-color-5)","background-image":"","background-repeat":"repeat","background-position":"center center","background-size":"auto","background-attachment":"scroll","background-type":"","background-media":"","overlay-type":"","overlay-color":"","overlay-opacity":"","overlay-gradient":""},"mobile":{"background-color":"var(--ast-global-color-5)","background-image":"","background-repeat":"repeat","background-position":"center center","background-size":"auto","background-attachment":"scroll","background-type":"","background-media":"","overlay-type":"","overlay-color":"","overlay-opacity":"","overlay-gradient":""}},"footnotes":""},"categories":[1,63],"tags":[],"class_list":["post-11409","post","type-post","status-publish","format-standard","hentry","category-general","category-portada"],"post_mailing_queue_ids":[],"_links":{"self":[{"href":"https:\/\/agora.xtec.cat\/esc-antoniubachisoler\/wp-json\/wp\/v2\/posts\/11409","targetHints":{"allow":["GET"]}}],"collection":[{"href":"https:\/\/agora.xtec.cat\/esc-antoniubachisoler\/wp-json\/wp\/v2\/posts"}],"about":[{"href":"https:\/\/agora.xtec.cat\/esc-antoniubachisoler\/wp-json\/wp\/v2\/types\/post"}],"author":[{"embeddable":true,"href":"https:\/\/agora.xtec.cat\/esc-antoniubachisoler\/wp-json\/wp\/v2\/users\/5"}],"replies":[{"embeddable":true,"href":"https:\/\/agora.xtec.cat\/esc-antoniubachisoler\/wp-json\/wp\/v2\/comments?post=11409"}],"version-history":[{"count":3,"href":"https:\/\/agora.xtec.cat\/esc-antoniubachisoler\/wp-json\/wp\/v2\/posts\/11409\/revisions"}],"predecessor-version":[{"id":11428,"href":"https:\/\/agora.xtec.cat\/esc-antoniubachisoler\/wp-json\/wp\/v2\/posts\/11409\/revisions\/11428"}],"wp:attachment":[{"href":"https:\/\/agora.xtec.cat\/esc-antoniubachisoler\/wp-json\/wp\/v2\/media?parent=11409"}],"wp:term":[{"taxonomy":"category","embeddable":true,"href":"https:\/\/agora.xtec.cat\/esc-antoniubachisoler\/wp-json\/wp\/v2\/categories?post=11409"},{"taxonomy":"post_tag","embeddable":true,"href":"https:\/\/agora.xtec.cat\/esc-antoniubachisoler\/wp-json\/wp\/v2\/tags?post=11409"}],"curies":[{"name":"wp","href":"https:\/\/api.w.org\/{rel}","templated":true}]}}