{"id":10949,"date":"2022-06-13T17:37:46","date_gmt":"2022-06-13T15:37:46","guid":{"rendered":"https:\/\/agora.xtec.cat\/esc-antoniubachisoler\/?p=10949"},"modified":"2022-06-13T17:43:37","modified_gmt":"2022-06-13T15:43:37","slug":"1r-racons-daprenentatge-3","status":"publish","type":"post","link":"https:\/\/agora.xtec.cat\/esc-antoniubachisoler\/primaria\/5\/1r-racons-daprenentatge-3\/","title":{"rendered":"1r &#8211; RACONS D&#8217;APRENENTATGE"},"content":{"rendered":"<p>Hola fam\u00edlies,<\/p>\n<p>Aquest curs com ja sabeu, estem treballant la llengua catalana de manera m\u00e9s motivadora, vivencial i manipulativa a trav\u00e9s dels racons d\u2019aprenentatge. Ara al juny, hem acabat amb la \u00faltima ronda de racons i la volem compartir amb tots vosaltres com hem anat fent fins ara.<\/p>\n<p>En aquesta \u00faltima ronda hem treballat els seg\u00fcents racons:<\/p>\n<ol>\n<li><strong>Rac\u00f3 de les tauletes: <\/strong>Amb aquest rac\u00f3 el que pretenem \u00e9s que l&#8217;alumnat desenvolupi la compet\u00e8ncia digital. Per aix\u00f2, hem treballat conceptes de catal\u00e0 amb les tauletes a trav\u00e9s de diferents jocs i lectures interactives.<\/li>\n<li><strong>Les frases boges: <\/strong>Aquest rac\u00f3 ha estat molt divertit! L&#8217;alumnat amb ajuda d\u2019uns daus formen frases una mica boges. Una vegada tenen la frase feta, realitzen el dibuix i contesten unes preguntes de comprensi\u00f3. Aix\u00ed treballem la construcci\u00f3 de frases, tenint en compte el seg\u00fcent ordre: article, substantiu, adjectiu, verb i complement.<\/li>\n<li><strong>Constru\u00efm paraules: <\/strong>L\u2019objectiu d\u2019aquest rac\u00f3 ha estat treballar la consci\u00e8ncia fonol\u00f2gica i l\u2019expressi\u00f3 escrita. L&#8217;alumnat t\u00e9 un grapat de lletres (consonants i vocals) i unes l\u00e0mines amb imatges. Han de formar les paraules de la imatge correctament. Despr\u00e9s practiquen l\u2019escriptura de les paraules en un full.<\/li>\n<li><strong>Camps sem\u00e0ntics<\/strong>: Amb aquest rac\u00f3 hem volgut ampliar el vocabulari del nostre alumnat. Han de completar els camps sem\u00e0ntics treballats a classe: insectes, instruments, estiu i animals amb les seves imatges corresponents. Aix\u00ed, practiquen el vocabulari del camp treballat i la seva escriptura.<\/li>\n<li><strong>Dictats muts<\/strong>: Cada alumne tria un cartr\u00f3 per a treballar una lletra. Una vegada tenen el cartr\u00f3, observen els dibuixos i pensen el nom de les paraules amb aquella lletra, despr\u00e9s les escriuen en la fitxa corresponent i quan acabaven realitzen l&#8217;autocorrecci\u00f3. Aix\u00ed treballem nou vocabulari i millorem l&#8217;expressi\u00f3 escrita.<\/li>\n<li><strong>Fam\u00edlia de paraules<\/strong>: Aquest rac\u00f3 tracta que l&#8217;alumnat, en petit grup, aparelli una paraula primitiva amb les seves paraules derivades (paraules de la mateixa fam\u00edlia). Despr\u00e9s han escriure les fam\u00edlies formades al full recull del rac\u00f3 i fer-ne una frase o escriure altres paraules de la mateixa fam\u00edlia.<\/li>\n<\/ol>\n<p>Voleu veure que b\u00e9 que hem treballat i quantes coses hem apr\u00e9s? Mireu, mireu! Feu clic a la foto<\/p>\n<p><a href=\"https:\/\/photos.app.goo.gl\/exCwzG2eomgbTRdy7\"><img loading=\"lazy\" decoding=\"async\" class=\"aligncenter wp-image-10950\" src=\"https:\/\/agora.xtec.cat\/esc-antoniubachisoler\/wp-content\/uploads\/usu1903\/2022\/06\/IMG_20220516_154030-1024x602.jpg\" alt=\"\" width=\"506\" height=\"298\" srcset=\"https:\/\/agora.xtec.cat\/esc-antoniubachisoler\/wp-content\/uploads\/usu1903\/2022\/06\/IMG_20220516_154030-1024x602.jpg 1024w, https:\/\/agora.xtec.cat\/esc-antoniubachisoler\/wp-content\/uploads\/usu1903\/2022\/06\/IMG_20220516_154030-300x176.jpg 300w, https:\/\/agora.xtec.cat\/esc-antoniubachisoler\/wp-content\/uploads\/usu1903\/2022\/06\/IMG_20220516_154030-768x452.jpg 768w, https:\/\/agora.xtec.cat\/esc-antoniubachisoler\/wp-content\/uploads\/usu1903\/2022\/06\/IMG_20220516_154030-1536x903.jpg 1536w, https:\/\/agora.xtec.cat\/esc-antoniubachisoler\/wp-content\/uploads\/usu1903\/2022\/06\/IMG_20220516_154030-2048x1204.jpg 2048w\" sizes=\"auto, (max-width: 506px) 100vw, 506px\" \/><\/a><\/p>\n","protected":false},"excerpt":{"rendered":"<p>Hola fam\u00edlies, Aquest curs com ja sabeu, estem treballant la llengua catalana de manera m\u00e9s motivadora, vivencial i manipulativa a trav\u00e9s dels racons d\u2019aprenentatge. Ara al juny, hem acabat amb la \u00faltima ronda de racons i la volem compartir amb tots vosaltres com hem anat fent fins ara. En aquesta \u00faltima ronda hem treballat els [&hellip;]<\/p>\n","protected":false},"author":30,"featured_media":10951,"comment_status":"closed","ping_status":"closed","sticky":false,"template":"","format":"standard","meta":{"site-sidebar-layout":"default","site-content-layout":"","ast-site-content-layout":"","site-content-style":"default","site-sidebar-style":"default","ast-global-header-display":"","ast-banner-title-visibility":"","ast-main-header-display":"","ast-hfb-above-header-display":"","ast-hfb-below-header-display":"","ast-hfb-mobile-header-display":"","site-post-title":"","ast-breadcrumbs-content":"","ast-featured-img":"","footer-sml-layout":"","theme-transparent-header-meta":"","adv-header-id-meta":"","stick-header-meta":"","header-above-stick-meta":"","header-main-stick-meta":"","header-below-stick-meta":"","astra-migrate-meta-layouts":"default","ast-page-background-enabled":"default","ast-page-background-meta":{"desktop":{"background-color":"var(--ast-global-color-4)","background-image":"","background-repeat":"repeat","background-position":"center center","background-size":"auto","background-attachment":"scroll","background-type":"","background-media":"","overlay-type":"","overlay-color":"","overlay-opacity":"","overlay-gradient":""},"tablet":{"background-color":"","background-image":"","background-repeat":"repeat","background-position":"center center","background-size":"auto","background-attachment":"scroll","background-type":"","background-media":"","overlay-type":"","overlay-color":"","overlay-opacity":"","overlay-gradient":""},"mobile":{"background-color":"","background-image":"","background-repeat":"repeat","background-position":"center center","background-size":"auto","background-attachment":"scroll","background-type":"","background-media":"","overlay-type":"","overlay-color":"","overlay-opacity":"","overlay-gradient":""}},"ast-content-background-meta":{"desktop":{"background-color":"var(--ast-global-color-5)","background-image":"","background-repeat":"repeat","background-position":"center center","background-size":"auto","background-attachment":"scroll","background-type":"","background-media":"","overlay-type":"","overlay-color":"","overlay-opacity":"","overlay-gradient":""},"tablet":{"background-color":"var(--ast-global-color-5)","background-image":"","background-repeat":"repeat","background-position":"center center","background-size":"auto","background-attachment":"scroll","background-type":"","background-media":"","overlay-type":"","overlay-color":"","overlay-opacity":"","overlay-gradient":""},"mobile":{"background-color":"var(--ast-global-color-5)","background-image":"","background-repeat":"repeat","background-position":"center center","background-size":"auto","background-attachment":"scroll","background-type":"","background-media":"","overlay-type":"","overlay-color":"","overlay-opacity":"","overlay-gradient":""}},"footnotes":""},"categories":[3,5],"tags":[],"class_list":["post-10949","post","type-post","status-publish","format-standard","has-post-thumbnail","hentry","category-3","category-primaria"],"post_mailing_queue_ids":[],"_links":{"self":[{"href":"https:\/\/agora.xtec.cat\/esc-antoniubachisoler\/wp-json\/wp\/v2\/posts\/10949","targetHints":{"allow":["GET"]}}],"collection":[{"href":"https:\/\/agora.xtec.cat\/esc-antoniubachisoler\/wp-json\/wp\/v2\/posts"}],"about":[{"href":"https:\/\/agora.xtec.cat\/esc-antoniubachisoler\/wp-json\/wp\/v2\/types\/post"}],"author":[{"embeddable":true,"href":"https:\/\/agora.xtec.cat\/esc-antoniubachisoler\/wp-json\/wp\/v2\/users\/30"}],"replies":[{"embeddable":true,"href":"https:\/\/agora.xtec.cat\/esc-antoniubachisoler\/wp-json\/wp\/v2\/comments?post=10949"}],"version-history":[{"count":3,"href":"https:\/\/agora.xtec.cat\/esc-antoniubachisoler\/wp-json\/wp\/v2\/posts\/10949\/revisions"}],"predecessor-version":[{"id":10955,"href":"https:\/\/agora.xtec.cat\/esc-antoniubachisoler\/wp-json\/wp\/v2\/posts\/10949\/revisions\/10955"}],"wp:featuredmedia":[{"embeddable":true,"href":"https:\/\/agora.xtec.cat\/esc-antoniubachisoler\/wp-json\/wp\/v2\/media\/10951"}],"wp:attachment":[{"href":"https:\/\/agora.xtec.cat\/esc-antoniubachisoler\/wp-json\/wp\/v2\/media?parent=10949"}],"wp:term":[{"taxonomy":"category","embeddable":true,"href":"https:\/\/agora.xtec.cat\/esc-antoniubachisoler\/wp-json\/wp\/v2\/categories?post=10949"},{"taxonomy":"post_tag","embeddable":true,"href":"https:\/\/agora.xtec.cat\/esc-antoniubachisoler\/wp-json\/wp\/v2\/tags?post=10949"}],"curies":[{"name":"wp","href":"https:\/\/api.w.org\/{rel}","templated":true}]}}