{"id":10591,"date":"2022-04-08T21:15:22","date_gmt":"2022-04-08T19:15:22","guid":{"rendered":"https:\/\/agora.xtec.cat\/esc-antoniubachisoler\/?p=10591"},"modified":"2022-04-08T21:15:22","modified_gmt":"2022-04-08T19:15:22","slug":"1r-genis-lhipopotam-de-vallparadis","status":"publish","type":"post","link":"https:\/\/agora.xtec.cat\/esc-antoniubachisoler\/primaria\/5\/1r-genis-lhipopotam-de-vallparadis\/","title":{"rendered":"1r &#8211; Gen\u00eds, l&#8217;hipop\u00f2tam de Vallparad\u00eds"},"content":{"rendered":"<p>Hola fam\u00edlies,<\/p>\n<p>Per tancar aquest segon trimestre els nens i les nenes de 1r hem anat de sortida al museu Castell Cartoixa de Vallparad\u00eds a fer l&#8217;activitat: &#8220;<em>Gen\u00eds, l&#8217;hipop\u00f2tam de Vallparad\u00eds<\/em>&#8220;. A dins del castell ens han explicat una hist\u00f2ria per con\u00e8ixer com era Terrassa fa un mili\u00f3 d\u2019anys i saber per qu\u00e8 hi ha l&#8217;est\u00e0tua de dos hipop\u00f2tams al mig del parc. Vosaltres sabeu per qu\u00e8?<\/p>\n<p>Despr\u00e9s hem hagut de fer d&#8217;arque\u00f2legs i arque\u00f2logues i hem descobert qui era en Gen\u00eds i quins animals vivien a Terrassa en el temps de la prehist\u00f2ria!<\/p>\n<p>Tamb\u00e9 hem tingut temps de jugar i divertir-nos junts pel parc, ens ho hem passat d\u2019all\u00f2 m\u00e9s b\u00e9!!<\/p>\n<p>Voleu veure tot el que hem fet? Cliqueu a les imatges i mireu, mireu! \ud83d\ude01<\/p>\n<p><a href=\"https:\/\/photos.app.goo.gl\/pfzWkFU9vhmMBvsH6\"><img loading=\"lazy\" decoding=\"async\" class=\"alignnone wp-image-10593\" src=\"https:\/\/agora.xtec.cat\/esc-antoniubachisoler\/wp-content\/uploads\/usu1903\/2022\/04\/IMG_9935-min-1024x578.jpg\" alt=\"\" width=\"329\" height=\"186\" srcset=\"https:\/\/agora.xtec.cat\/esc-antoniubachisoler\/wp-content\/uploads\/usu1903\/2022\/04\/IMG_9935-min-1024x578.jpg 1024w, https:\/\/agora.xtec.cat\/esc-antoniubachisoler\/wp-content\/uploads\/usu1903\/2022\/04\/IMG_9935-min-300x169.jpg 300w, https:\/\/agora.xtec.cat\/esc-antoniubachisoler\/wp-content\/uploads\/usu1903\/2022\/04\/IMG_9935-min-768x433.jpg 768w, https:\/\/agora.xtec.cat\/esc-antoniubachisoler\/wp-content\/uploads\/usu1903\/2022\/04\/IMG_9935-min-1536x867.jpg 1536w, https:\/\/agora.xtec.cat\/esc-antoniubachisoler\/wp-content\/uploads\/usu1903\/2022\/04\/IMG_9935-min-2048x1156.jpg 2048w\" sizes=\"auto, (max-width: 329px) 100vw, 329px\" \/><\/a><a href=\"https:\/\/agora.xtec.cat\/esc-antoniubachisoler\/wp-content\/uploads\/usu1903\/2022\/04\/IMG_20220408_120204-min-scaled.jpg\">\u00a0 \u00a0 \u00a0<\/a><a href=\"https:\/\/photos.app.goo.gl\/eEtrLGjRzYDJLpzN6\"><img loading=\"lazy\" decoding=\"async\" class=\"alignnone wp-image-10592\" src=\"https:\/\/agora.xtec.cat\/esc-antoniubachisoler\/wp-content\/uploads\/usu1903\/2022\/04\/IMG_20220408_120204-min-1024x561.jpg\" alt=\"\" width=\"338\" height=\"185\" srcset=\"https:\/\/agora.xtec.cat\/esc-antoniubachisoler\/wp-content\/uploads\/usu1903\/2022\/04\/IMG_20220408_120204-min-1024x561.jpg 1024w, https:\/\/agora.xtec.cat\/esc-antoniubachisoler\/wp-content\/uploads\/usu1903\/2022\/04\/IMG_20220408_120204-min-300x164.jpg 300w, https:\/\/agora.xtec.cat\/esc-antoniubachisoler\/wp-content\/uploads\/usu1903\/2022\/04\/IMG_20220408_120204-min-768x421.jpg 768w, https:\/\/agora.xtec.cat\/esc-antoniubachisoler\/wp-content\/uploads\/usu1903\/2022\/04\/IMG_20220408_120204-min-1536x842.jpg 1536w, https:\/\/agora.xtec.cat\/esc-antoniubachisoler\/wp-content\/uploads\/usu1903\/2022\/04\/IMG_20220408_120204-min-2048x1123.jpg 2048w\" sizes=\"auto, (max-width: 338px) 100vw, 338px\" \/><\/a><\/p>\n<p><strong>1r A &#8211; Astronautes\u00a0 \u00a0 \u00a0 \u00a0 \u00a0 \u00a0 \u00a0 \u00a0 \u00a0 \u00a0 \u00a0 \u00a0 \u00a0 \u00a0 \u00a0 \u00a0 \u00a0 \u00a0 \u00a0 \u00a0 \u00a0 \u00a0 \u00a0 \u00a0 \u00a0 \u00a0 \u00a01r B &#8211; Pintors\/es<\/strong><\/p>\n","protected":false},"excerpt":{"rendered":"<p>Hola fam\u00edlies, Per tancar aquest segon trimestre els nens i les nenes de 1r hem anat de sortida al museu Castell Cartoixa de Vallparad\u00eds a fer l&#8217;activitat: &#8220;Gen\u00eds, l&#8217;hipop\u00f2tam de Vallparad\u00eds&#8220;. A dins del castell ens han explicat una hist\u00f2ria per con\u00e8ixer com era Terrassa fa un mili\u00f3 d\u2019anys i saber per qu\u00e8 hi ha [&hellip;]<\/p>\n","protected":false},"author":30,"featured_media":10595,"comment_status":"closed","ping_status":"closed","sticky":false,"template":"","format":"standard","meta":{"site-sidebar-layout":"default","site-content-layout":"","ast-site-content-layout":"","site-content-style":"default","site-sidebar-style":"default","ast-global-header-display":"","ast-banner-title-visibility":"","ast-main-header-display":"","ast-hfb-above-header-display":"","ast-hfb-below-header-display":"","ast-hfb-mobile-header-display":"","site-post-title":"","ast-breadcrumbs-content":"","ast-featured-img":"","footer-sml-layout":"","theme-transparent-header-meta":"","adv-header-id-meta":"","stick-header-meta":"","header-above-stick-meta":"","header-main-stick-meta":"","header-below-stick-meta":"","astra-migrate-meta-layouts":"default","ast-page-background-enabled":"default","ast-page-background-meta":{"desktop":{"background-color":"var(--ast-global-color-4)","background-image":"","background-repeat":"repeat","background-position":"center center","background-size":"auto","background-attachment":"scroll","background-type":"","background-media":"","overlay-type":"","overlay-color":"","overlay-opacity":"","overlay-gradient":""},"tablet":{"background-color":"","background-image":"","background-repeat":"repeat","background-position":"center center","background-size":"auto","background-attachment":"scroll","background-type":"","background-media":"","overlay-type":"","overlay-color":"","overlay-opacity":"","overlay-gradient":""},"mobile":{"background-color":"","background-image":"","background-repeat":"repeat","background-position":"center center","background-size":"auto","background-attachment":"scroll","background-type":"","background-media":"","overlay-type":"","overlay-color":"","overlay-opacity":"","overlay-gradient":""}},"ast-content-background-meta":{"desktop":{"background-color":"var(--ast-global-color-5)","background-image":"","background-repeat":"repeat","background-position":"center center","background-size":"auto","background-attachment":"scroll","background-type":"","background-media":"","overlay-type":"","overlay-color":"","overlay-opacity":"","overlay-gradient":""},"tablet":{"background-color":"var(--ast-global-color-5)","background-image":"","background-repeat":"repeat","background-position":"center center","background-size":"auto","background-attachment":"scroll","background-type":"","background-media":"","overlay-type":"","overlay-color":"","overlay-opacity":"","overlay-gradient":""},"mobile":{"background-color":"var(--ast-global-color-5)","background-image":"","background-repeat":"repeat","background-position":"center center","background-size":"auto","background-attachment":"scroll","background-type":"","background-media":"","overlay-type":"","overlay-color":"","overlay-opacity":"","overlay-gradient":""}},"footnotes":""},"categories":[3,5],"tags":[],"class_list":["post-10591","post","type-post","status-publish","format-standard","has-post-thumbnail","hentry","category-3","category-primaria"],"post_mailing_queue_ids":[],"_links":{"self":[{"href":"https:\/\/agora.xtec.cat\/esc-antoniubachisoler\/wp-json\/wp\/v2\/posts\/10591","targetHints":{"allow":["GET"]}}],"collection":[{"href":"https:\/\/agora.xtec.cat\/esc-antoniubachisoler\/wp-json\/wp\/v2\/posts"}],"about":[{"href":"https:\/\/agora.xtec.cat\/esc-antoniubachisoler\/wp-json\/wp\/v2\/types\/post"}],"author":[{"embeddable":true,"href":"https:\/\/agora.xtec.cat\/esc-antoniubachisoler\/wp-json\/wp\/v2\/users\/30"}],"replies":[{"embeddable":true,"href":"https:\/\/agora.xtec.cat\/esc-antoniubachisoler\/wp-json\/wp\/v2\/comments?post=10591"}],"version-history":[{"count":2,"href":"https:\/\/agora.xtec.cat\/esc-antoniubachisoler\/wp-json\/wp\/v2\/posts\/10591\/revisions"}],"predecessor-version":[{"id":10597,"href":"https:\/\/agora.xtec.cat\/esc-antoniubachisoler\/wp-json\/wp\/v2\/posts\/10591\/revisions\/10597"}],"wp:featuredmedia":[{"embeddable":true,"href":"https:\/\/agora.xtec.cat\/esc-antoniubachisoler\/wp-json\/wp\/v2\/media\/10595"}],"wp:attachment":[{"href":"https:\/\/agora.xtec.cat\/esc-antoniubachisoler\/wp-json\/wp\/v2\/media?parent=10591"}],"wp:term":[{"taxonomy":"category","embeddable":true,"href":"https:\/\/agora.xtec.cat\/esc-antoniubachisoler\/wp-json\/wp\/v2\/categories?post=10591"},{"taxonomy":"post_tag","embeddable":true,"href":"https:\/\/agora.xtec.cat\/esc-antoniubachisoler\/wp-json\/wp\/v2\/tags?post=10591"}],"curies":[{"name":"wp","href":"https:\/\/api.w.org\/{rel}","templated":true}]}}