{"id":10222,"date":"2022-01-30T08:00:12","date_gmt":"2022-01-30T07:00:12","guid":{"rendered":"https:\/\/agora.xtec.cat\/esc-antoniubachisoler\/?p=10222"},"modified":"2022-02-06T13:52:31","modified_gmt":"2022-02-06T12:52:31","slug":"dia-de-la-pau-3","status":"publish","type":"post","link":"https:\/\/agora.xtec.cat\/esc-antoniubachisoler\/infantil\/dia-de-la-pau-3\/","title":{"rendered":"Dia de la PAU"},"content":{"rendered":"<p>Cada 30 de gener, des de 1964, se celebra el dia Escolar de la\u00a0<span class=\"hiddenGrammarError\" style=\"padding-bottom: 2px;background-image: url('..\/..\/..\/..\/..\/images\/squiggle.png');background-position: left bottom;cursor: default;color: #000000;font-family: 'Open Sans', Helvetica, Arial, sans-serif;font-size: 16px;font-style: normal;font-weight: 300;letter-spacing: normal;text-align: start;text-indent: 0px;text-transform: none\">No viol\u00e8ncia<\/span>\u00a0i la Pau (<span class=\"hiddenSpellError\">DENIP<\/span>) per recordar el llegat de Mahatma Gandhi el dia que es commemora l&#8217;aniversari de la seva mort.<\/p>\n<p>Les escoles de tot el m\u00f3n celebren el\u00a0<span class=\"hiddenSpellError\">DENIP<\/span> amb diferents actes. Els objectius del Dia Escolar de la No-viol\u00e8ncia i la Pau s\u00f3n:<\/p>\n<ul>\n<li>Sensibilitzar que la pau \u00e9s molt m\u00e9s que l&#8217;abs\u00e8ncia de guerres i baralles.<\/li>\n<li>Con\u00e8ixer i familiaritzar-se amb els conceptes d&#8217;amor universal, de no-viol\u00e8ncia i de pau positiva, aix\u00ed com amb els procediments de reivindicaci\u00f3 no-violenta dels drets humans.<\/li>\n<li>Con\u00e8ixer persones\u00a0<span class=\"hiddenGreenError\" style=\"padding-bottom: 2px;background-image: url('..\/..\/..\/..\/..\/images\/squiggle_green.png');background-position: left bottom;cursor: default;color: #000000;font-family: 'Open Sans', Helvetica, Arial, sans-serif;font-size: 16px;font-style: normal;font-weight: 300;letter-spacing: normal;text-align: start;text-indent: 0px;text-transform: none\">i\/o<\/span> grups que lluiten per la pau i la just\u00edcia al m\u00f3n.<\/li>\n<li>Saber resoldre els conflictes de manera pac\u00edfica i dialogant, \u00e9s a dir, expressant les opinions de forma tranquil\u00b7la, clara i ordenada.<\/li>\n<li>Compartir una estona amb tots els alumnes i mestres amb la finalitat de celebrar la diada de la no-viol\u00e8ncia i la pau.<\/li>\n<\/ul>\n<p>Aquest any a l&#8217;escola escoltarem i reflexionarem\u00a0 tots plegats sobre la can\u00e7\u00f3: &#8220;Heal the World&#8221; \u2013 Michael Jackson<br \/>\nAqu\u00ed teniu el v\u00eddeo i la traducci\u00f3 de la lletra.<\/p>\n<p><iframe loading=\"lazy\" src=\"\/\/www.youtube.com\/embed\/-4Z3NlWPhqI\" width=\"560\" height=\"314\"><\/iframe><\/p>\n","protected":false},"excerpt":{"rendered":"<p>Cada 30 de gener, des de 1964, se celebra el dia Escolar de la\u00a0No viol\u00e8ncia\u00a0i la Pau (DENIP) per recordar el llegat de Mahatma Gandhi el dia que es commemora l&#8217;aniversari de la seva mort. Les escoles de tot el m\u00f3n celebren el\u00a0DENIP amb diferents actes. Els objectius del Dia Escolar de la No-viol\u00e8ncia i [&hellip;]<\/p>\n","protected":false},"author":45,"featured_media":10223,"comment_status":"closed","ping_status":"closed","sticky":false,"template":"","format":"standard","meta":{"site-sidebar-layout":"default","site-content-layout":"","ast-site-content-layout":"","site-content-style":"default","site-sidebar-style":"default","ast-global-header-display":"","ast-banner-title-visibility":"","ast-main-header-display":"","ast-hfb-above-header-display":"","ast-hfb-below-header-display":"","ast-hfb-mobile-header-display":"","site-post-title":"","ast-breadcrumbs-content":"","ast-featured-img":"","footer-sml-layout":"","theme-transparent-header-meta":"","adv-header-id-meta":"","stick-header-meta":"","header-above-stick-meta":"","header-main-stick-meta":"","header-below-stick-meta":"","astra-migrate-meta-layouts":"default","ast-page-background-enabled":"default","ast-page-background-meta":{"desktop":{"background-color":"var(--ast-global-color-4)","background-image":"","background-repeat":"repeat","background-position":"center center","background-size":"auto","background-attachment":"scroll","background-type":"","background-media":"","overlay-type":"","overlay-color":"","overlay-opacity":"","overlay-gradient":""},"tablet":{"background-color":"","background-image":"","background-repeat":"repeat","background-position":"center center","background-size":"auto","background-attachment":"scroll","background-type":"","background-media":"","overlay-type":"","overlay-color":"","overlay-opacity":"","overlay-gradient":""},"mobile":{"background-color":"","background-image":"","background-repeat":"repeat","background-position":"center center","background-size":"auto","background-attachment":"scroll","background-type":"","background-media":"","overlay-type":"","overlay-color":"","overlay-opacity":"","overlay-gradient":""}},"ast-content-background-meta":{"desktop":{"background-color":"var(--ast-global-color-5)","background-image":"","background-repeat":"repeat","background-position":"center center","background-size":"auto","background-attachment":"scroll","background-type":"","background-media":"","overlay-type":"","overlay-color":"","overlay-opacity":"","overlay-gradient":""},"tablet":{"background-color":"var(--ast-global-color-5)","background-image":"","background-repeat":"repeat","background-position":"center center","background-size":"auto","background-attachment":"scroll","background-type":"","background-media":"","overlay-type":"","overlay-color":"","overlay-opacity":"","overlay-gradient":""},"mobile":{"background-color":"var(--ast-global-color-5)","background-image":"","background-repeat":"repeat","background-position":"center center","background-size":"auto","background-attachment":"scroll","background-type":"","background-media":"","overlay-type":"","overlay-color":"","overlay-opacity":"","overlay-gradient":""}},"footnotes":""},"categories":[9,460,10,446,11,251,12,14,3,8,445,73,2,4,5,13],"tags":[],"class_list":["post-10222","post","type-post","status-publish","format-standard","has-post-thumbnail","hentry","category-1r-eso","category-460","category-2n-eso","category-446","category-3r-eso","category-251","category-4t-eso","category-4t-deso","category-3","category-8","category-eso","category-festes","category-infantil","category-musica","category-primaria","category-4r-deso"],"post_mailing_queue_ids":[],"_links":{"self":[{"href":"https:\/\/agora.xtec.cat\/esc-antoniubachisoler\/wp-json\/wp\/v2\/posts\/10222","targetHints":{"allow":["GET"]}}],"collection":[{"href":"https:\/\/agora.xtec.cat\/esc-antoniubachisoler\/wp-json\/wp\/v2\/posts"}],"about":[{"href":"https:\/\/agora.xtec.cat\/esc-antoniubachisoler\/wp-json\/wp\/v2\/types\/post"}],"author":[{"embeddable":true,"href":"https:\/\/agora.xtec.cat\/esc-antoniubachisoler\/wp-json\/wp\/v2\/users\/45"}],"replies":[{"embeddable":true,"href":"https:\/\/agora.xtec.cat\/esc-antoniubachisoler\/wp-json\/wp\/v2\/comments?post=10222"}],"version-history":[{"count":1,"href":"https:\/\/agora.xtec.cat\/esc-antoniubachisoler\/wp-json\/wp\/v2\/posts\/10222\/revisions"}],"predecessor-version":[{"id":10224,"href":"https:\/\/agora.xtec.cat\/esc-antoniubachisoler\/wp-json\/wp\/v2\/posts\/10222\/revisions\/10224"}],"wp:featuredmedia":[{"embeddable":true,"href":"https:\/\/agora.xtec.cat\/esc-antoniubachisoler\/wp-json\/wp\/v2\/media\/10223"}],"wp:attachment":[{"href":"https:\/\/agora.xtec.cat\/esc-antoniubachisoler\/wp-json\/wp\/v2\/media?parent=10222"}],"wp:term":[{"taxonomy":"category","embeddable":true,"href":"https:\/\/agora.xtec.cat\/esc-antoniubachisoler\/wp-json\/wp\/v2\/categories?post=10222"},{"taxonomy":"post_tag","embeddable":true,"href":"https:\/\/agora.xtec.cat\/esc-antoniubachisoler\/wp-json\/wp\/v2\/tags?post=10222"}],"curies":[{"name":"wp","href":"https:\/\/api.w.org\/{rel}","templated":true}]}}