{"id":9939,"date":"2019-03-16T21:43:20","date_gmt":"2019-03-16T20:43:20","guid":{"rendered":"http:\/\/agora.xtec.cat\/esc-antoniomachado\/?p=9939"},"modified":"2019-03-16T21:43:20","modified_gmt":"2019-03-16T20:43:20","slug":"jornada-de-portes-obertes-2019","status":"publish","type":"post","link":"https:\/\/agora.xtec.cat\/esc-antoniomachado\/families\/jornada-de-portes-obertes-2019\/","title":{"rendered":"Jornada de portes obertes 2019"},"content":{"rendered":"<p><img loading=\"lazy\" decoding=\"async\" class=\"wp-image-9940 alignleft\" src=\"https:\/\/agora.xtec.cat\/esc-antoniomachado\/wp-content\/uploads\/usu1670\/2019\/03\/IMG_20190316_110737-01-1-300x225.jpeg\" alt=\"\" width=\"400\" height=\"300\" srcset=\"https:\/\/agora.xtec.cat\/esc-antoniomachado\/wp-content\/uploads\/usu1670\/2019\/03\/IMG_20190316_110737-01-1-300x225.jpeg 300w, https:\/\/agora.xtec.cat\/esc-antoniomachado\/wp-content\/uploads\/usu1670\/2019\/03\/IMG_20190316_110737-01-1-768x576.jpeg 768w, https:\/\/agora.xtec.cat\/esc-antoniomachado\/wp-content\/uploads\/usu1670\/2019\/03\/IMG_20190316_110737-01-1-1024x768.jpeg 1024w, https:\/\/agora.xtec.cat\/esc-antoniomachado\/wp-content\/uploads\/usu1670\/2019\/03\/IMG_20190316_110737-01-1-200x150.jpeg 200w, https:\/\/agora.xtec.cat\/esc-antoniomachado\/wp-content\/uploads\/usu1670\/2019\/03\/IMG_20190316_110737-01-1.jpeg 1600w\" sizes=\"auto, (max-width: 400px) 100vw, 400px\" \/><span style=\"font-weight: 400;\">El dissabte 16 de mar\u00e7 ha estat un dia molt mogut a l\u2019escola. La jornada de portes obertes ha aplegat a nombroses fam\u00edlies amb ganes de con\u00e8ixer el projecte educatiu de l\u2019escola Antonio Machado. La gran participaci\u00f3 ens fa sentir especialment contents i volem donar les gr\u00e0cies a tots els assistents!<\/span><\/p>\n<h3><strong>50 noves fam\u00edlies, 50 noves il\u00b7lusions<\/strong><\/h3>\n<p>Encara no eren les 11h i ja es notava que l&#8217;assist\u00e8ncia seria un \u00e8xit amb moltes fam\u00edlies jugant a la pla\u00e7a i d&#8217;altres que comen\u00e7aven a apropar-se als plafons informatius instal\u00b7lats a l&#8217;entrada.<\/p>\n<p>Com \u00e9s habitual, unes quantes fam\u00edlies de l&#8217;AFA hem participat de l&#8217;esdeveniment donant suport al centre i donant la benvinguda a les noves fam\u00edlies. La biblioteca era el nostre punt informatiu per resoldre dubtes despr\u00e9s de dedicar uns minuts a presentar l&#8217;AFA en un gimn\u00e0s ple de gom a gom per atendre la xerrada de l&#8217;equip directiu.<\/p>\n<p><span style=\"font-weight: 400;\">A continuaci\u00f3 podeu veure el video de presentaci\u00f3 que hem projectat on repassem les activitats realitzades fins ara durant aquest curs i, atenci\u00f3, un avan\u00e7ament de les activitats previstes pel tercer trimestre!\u00a0<\/span><\/p>\n<p style=\"text-align: center;\">\n<div class=\"ast-oembed-container \" style=\"height: 100%;\"><iframe loading=\"lazy\" title=\"Presentaci\u00f3 AFA\" width=\"500\" height=\"281\" src=\"https:\/\/www.youtube.com\/embed\/370sOaBiRZQ?feature=oembed\" frameborder=\"0\" allow=\"accelerometer; autoplay; clipboard-write; encrypted-media; gyroscope; picture-in-picture; web-share\" referrerpolicy=\"strict-origin-when-cross-origin\" allowfullscreen><\/iframe><\/div>\n<\/p>\n<p><span style=\"font-weight: 400;\">Ens agradaria pensar que hem resolt tots els dubtes de les noves fam\u00edlies, per\u00f2 com deia en Rub\u00e9n Lancharro, president de l\u2019AFA, durant la seva presentaci\u00f3: \u201cles fam\u00edlies de l\u2019AFA ja hem passat per aqu\u00ed, sabem dels nervis, dubtes i incertesa que genera tot el proc\u00e9s de preinscripci\u00f3 escolar\u201d. Per aix\u00f2, conscients que segurament encara teniu moltes preguntes a fer, us convidem a participar en un grup de whatsapp pensat especialment per a les noves fam\u00edlies.\u00a0<\/span><\/p>\n<h3><b>Grup de whatsapp!<\/b><\/h3>\n<p><span style=\"font-weight: 400;\">L\u2019AFA disposa d\u2019un <a href=\"http:\/\/xurl.es\/afamachado\" target=\"_blank\" rel=\"noopener\">grup de whatsapp<\/a> transversal, format per fam\u00edlies volunt\u00e0ries de diferents cursos, amb l\u2019objectiu d\u2019ajudar a les noves fam\u00edlies a resoldre dubtes i compartir experi\u00e8ncies. \u00a0\u00c9s un grup obert a tothom i que posteriorment es mant\u00e9 obert per acompanyar a les noves fam\u00edlies a integrar-se en la comunitat resolent dubtes sobre l\u2019escola o l\u2019AFA. Per formar part del grup nom\u00e9s cal accedir al seg\u00fcent enlla\u00e7 des d\u2019un dispositiu m\u00f2bil amb WhatsApp. <\/span><\/p>\n<p><a href=\"http:\/\/xurl.es\/afamachado\"><span style=\"font-weight: 400;\">http:\/\/xurl.es\/afamachado<\/span><\/a><\/p>\n<p><span style=\"font-weight: 400;\">L\u2019AFA est\u00e0 formada per fam\u00edlies com la vostra, us esperem el curs vinent \ud83d\ude09<\/span><\/p>\n","protected":false},"excerpt":{"rendered":"<p>El dissabte 16 de mar\u00e7 ha estat un dia molt mogut a l\u2019escola. La jornada de portes obertes ha aplegat a nombroses fam\u00edlies amb ganes de con\u00e8ixer el projecte educatiu de l\u2019escola Antonio Machado. La gran participaci\u00f3 ens fa sentir especialment contents i volem donar les gr\u00e0cies a tots els assistents! 50 noves fam\u00edlies, 50 [&hellip;]<\/p>\n","protected":false},"author":3,"featured_media":9965,"comment_status":"open","ping_status":"closed","sticky":false,"template":"","format":"standard","meta":{"_bbp_topic_count":0,"_bbp_reply_count":0,"_bbp_total_topic_count":0,"_bbp_total_reply_count":0,"_bbp_voice_count":0,"_bbp_anonymous_reply_count":0,"_bbp_topic_count_hidden":0,"_bbp_reply_count_hidden":0,"_bbp_forum_subforum_count":0,"site-sidebar-layout":"default","site-content-layout":"","ast-site-content-layout":"","site-content-style":"default","site-sidebar-style":"default","ast-global-header-display":"","ast-banner-title-visibility":"","ast-main-header-display":"","ast-hfb-above-header-display":"","ast-hfb-below-header-display":"","ast-hfb-mobile-header-display":"","site-post-title":"","ast-breadcrumbs-content":"","ast-featured-img":"","footer-sml-layout":"","theme-transparent-header-meta":"","adv-header-id-meta":"","stick-header-meta":"","header-above-stick-meta":"","header-main-stick-meta":"","header-below-stick-meta":"","astra-migrate-meta-layouts":"default","ast-page-background-enabled":"default","ast-page-background-meta":{"desktop":{"background-color":"var(--ast-global-color-4)","background-image":"","background-repeat":"repeat","background-position":"center center","background-size":"auto","background-attachment":"scroll","background-type":"","background-media":"","overlay-type":"","overlay-color":"","overlay-opacity":"","overlay-gradient":""},"tablet":{"background-color":"","background-image":"","background-repeat":"repeat","background-position":"center center","background-size":"auto","background-attachment":"scroll","background-type":"","background-media":"","overlay-type":"","overlay-color":"","overlay-opacity":"","overlay-gradient":""},"mobile":{"background-color":"","background-image":"","background-repeat":"repeat","background-position":"center center","background-size":"auto","background-attachment":"scroll","background-type":"","background-media":"","overlay-type":"","overlay-color":"","overlay-opacity":"","overlay-gradient":""}},"ast-content-background-meta":{"desktop":{"background-color":"var(--ast-global-color-5)","background-image":"","background-repeat":"repeat","background-position":"center center","background-size":"auto","background-attachment":"scroll","background-type":"","background-media":"","overlay-type":"","overlay-color":"","overlay-opacity":"","overlay-gradient":""},"tablet":{"background-color":"var(--ast-global-color-5)","background-image":"","background-repeat":"repeat","background-position":"center center","background-size":"auto","background-attachment":"scroll","background-type":"","background-media":"","overlay-type":"","overlay-color":"","overlay-opacity":"","overlay-gradient":""},"mobile":{"background-color":"var(--ast-global-color-5)","background-image":"","background-repeat":"repeat","background-position":"center center","background-size":"auto","background-attachment":"scroll","background-type":"","background-media":"","overlay-type":"","overlay-color":"","overlay-opacity":"","overlay-gradient":""}},"footnotes":""},"categories":[7],"tags":[],"class_list":["post-9939","post","type-post","status-publish","format-standard","has-post-thumbnail","hentry","category-families"],"post_mailing_queue_ids":[],"_links":{"self":[{"href":"https:\/\/agora.xtec.cat\/esc-antoniomachado\/wp-json\/wp\/v2\/posts\/9939","targetHints":{"allow":["GET"]}}],"collection":[{"href":"https:\/\/agora.xtec.cat\/esc-antoniomachado\/wp-json\/wp\/v2\/posts"}],"about":[{"href":"https:\/\/agora.xtec.cat\/esc-antoniomachado\/wp-json\/wp\/v2\/types\/post"}],"author":[{"embeddable":true,"href":"https:\/\/agora.xtec.cat\/esc-antoniomachado\/wp-json\/wp\/v2\/users\/3"}],"replies":[{"embeddable":true,"href":"https:\/\/agora.xtec.cat\/esc-antoniomachado\/wp-json\/wp\/v2\/comments?post=9939"}],"version-history":[{"count":3,"href":"https:\/\/agora.xtec.cat\/esc-antoniomachado\/wp-json\/wp\/v2\/posts\/9939\/revisions"}],"predecessor-version":[{"id":9964,"href":"https:\/\/agora.xtec.cat\/esc-antoniomachado\/wp-json\/wp\/v2\/posts\/9939\/revisions\/9964"}],"wp:featuredmedia":[{"embeddable":true,"href":"https:\/\/agora.xtec.cat\/esc-antoniomachado\/wp-json\/wp\/v2\/media\/9965"}],"wp:attachment":[{"href":"https:\/\/agora.xtec.cat\/esc-antoniomachado\/wp-json\/wp\/v2\/media?parent=9939"}],"wp:term":[{"taxonomy":"category","embeddable":true,"href":"https:\/\/agora.xtec.cat\/esc-antoniomachado\/wp-json\/wp\/v2\/categories?post=9939"},{"taxonomy":"post_tag","embeddable":true,"href":"https:\/\/agora.xtec.cat\/esc-antoniomachado\/wp-json\/wp\/v2\/tags?post=9939"}],"curies":[{"name":"wp","href":"https:\/\/api.w.org\/{rel}","templated":true}]}}