{"id":8068,"date":"2018-11-16T13:20:36","date_gmt":"2018-11-16T12:20:36","guid":{"rendered":"http:\/\/agora.xtec.cat\/esc-antoniomachado\/?p=8068"},"modified":"2018-11-16T13:20:36","modified_gmt":"2018-11-16T12:20:36","slug":"les-terrasses-dels-petits","status":"publish","type":"post","link":"https:\/\/agora.xtec.cat\/esc-antoniomachado\/noticies\/les-terrasses-dels-petits\/","title":{"rendered":"LES TERRASSES DELS PETITS!"},"content":{"rendered":"<p style=\"text-align: justify;\">Ja fa temps que l&#8217;equip del cicle petit est\u00e0 dissenyant, preparant i posant a punt les terrasses d&#8217;infantil<\/p>\n<p style=\"text-align: justify;\">La nostra intenci\u00f3 a l\u2019hora de crear les terrasses ha estat, una vegada m\u00e9s, la de <strong>promoure que els infants siguin protagonistes del seu propi proc\u00e9s d\u2019aprenentatge, ambients que siguin estimuladors, creatius i participatius on els nens i nenes actu\u00efn<\/strong>, per\u00f2 tamb\u00e9 que reflexionin sobre la seva pr\u00f2pia acci\u00f3 des d\u2019una posici\u00f3 activa i competent i que possibiliti la comunicaci\u00f3 i la trobada amb les persones que hi participen.<\/p>\n<p style=\"text-align: justify;\">Les nostres terrasses s\u00f3n <strong>6 espais fixes que ens ha perm\u00e8s crear 6 ambients d\u2019aprenentatge<\/strong> amb una disposici\u00f3 planificada de diferents materials i propostes, per a tots els infants des de P3 fins a P5, per tal de provocar l\u2019inter\u00e8s dels nens i nenes i desenvolupar diferents continguts curriculars.<\/p>\n<p style=\"text-align: justify;\">Estan ubicades a la zona d\u2019educaci\u00f3 infantil. <strong>Cada una d\u2019elles llinda amb cada una de les aules d\u2019educaci\u00f3 infantil i, tot i que estan agrupades de dos en dos, totes elles connecten entre s\u00ed.<\/strong><\/p>\n<p style=\"text-align: justify;\"><strong>S\u00f3n les seg\u00fcents:<\/strong><\/p>\n<ul style=\"text-align: justify;\">\n<li>El cos<\/li>\n<li>Experimentaci\u00f3<\/li>\n<li>Construccions<\/li>\n<li>Expressi\u00f3 art\u00edstica<\/li>\n<li>Hort<\/li>\n<li>Biblioteca<\/li>\n<\/ul>\n<p style=\"text-align: justify;\">Ben aviat us mostrarem fotografies dels vostres fills i filles en acci\u00f3!<\/p>\n","protected":false},"excerpt":{"rendered":"<p>Ja fa temps que l&#8217;equip del cicle petit est\u00e0 dissenyant, preparant i posant a punt les terrasses d&#8217;infantil La nostra intenci\u00f3 a l\u2019hora de crear les terrasses ha estat, una vegada m\u00e9s, la de promoure que els infants siguin protagonistes del seu propi proc\u00e9s d\u2019aprenentatge, ambients que siguin estimuladors, creatius i participatius on els nens [&hellip;]<\/p>\n","protected":false},"author":1,"featured_media":0,"comment_status":"open","ping_status":"closed","sticky":false,"template":"","format":"standard","meta":{"_bbp_topic_count":0,"_bbp_reply_count":0,"_bbp_total_topic_count":0,"_bbp_total_reply_count":0,"_bbp_voice_count":0,"_bbp_anonymous_reply_count":0,"_bbp_topic_count_hidden":0,"_bbp_reply_count_hidden":0,"_bbp_forum_subforum_count":0,"site-sidebar-layout":"default","site-content-layout":"","ast-site-content-layout":"","site-content-style":"default","site-sidebar-style":"default","ast-global-header-display":"","ast-banner-title-visibility":"","ast-main-header-display":"","ast-hfb-above-header-display":"","ast-hfb-below-header-display":"","ast-hfb-mobile-header-display":"","site-post-title":"","ast-breadcrumbs-content":"","ast-featured-img":"","footer-sml-layout":"","theme-transparent-header-meta":"","adv-header-id-meta":"","stick-header-meta":"","header-above-stick-meta":"","header-main-stick-meta":"","header-below-stick-meta":"","astra-migrate-meta-layouts":"default","ast-page-background-enabled":"default","ast-page-background-meta":{"desktop":{"background-color":"var(--ast-global-color-4)","background-image":"","background-repeat":"repeat","background-position":"center center","background-size":"auto","background-attachment":"scroll","background-type":"","background-media":"","overlay-type":"","overlay-color":"","overlay-opacity":"","overlay-gradient":""},"tablet":{"background-color":"","background-image":"","background-repeat":"repeat","background-position":"center center","background-size":"auto","background-attachment":"scroll","background-type":"","background-media":"","overlay-type":"","overlay-color":"","overlay-opacity":"","overlay-gradient":""},"mobile":{"background-color":"","background-image":"","background-repeat":"repeat","background-position":"center center","background-size":"auto","background-attachment":"scroll","background-type":"","background-media":"","overlay-type":"","overlay-color":"","overlay-opacity":"","overlay-gradient":""}},"ast-content-background-meta":{"desktop":{"background-color":"var(--ast-global-color-5)","background-image":"","background-repeat":"repeat","background-position":"center center","background-size":"auto","background-attachment":"scroll","background-type":"","background-media":"","overlay-type":"","overlay-color":"","overlay-opacity":"","overlay-gradient":""},"tablet":{"background-color":"var(--ast-global-color-5)","background-image":"","background-repeat":"repeat","background-position":"center center","background-size":"auto","background-attachment":"scroll","background-type":"","background-media":"","overlay-type":"","overlay-color":"","overlay-opacity":"","overlay-gradient":""},"mobile":{"background-color":"var(--ast-global-color-5)","background-image":"","background-repeat":"repeat","background-position":"center center","background-size":"auto","background-attachment":"scroll","background-type":"","background-media":"","overlay-type":"","overlay-color":"","overlay-opacity":"","overlay-gradient":""}},"footnotes":""},"categories":[1],"tags":[],"class_list":["post-8068","post","type-post","status-publish","format-standard","hentry","category-noticies"],"post_mailing_queue_ids":[],"_links":{"self":[{"href":"https:\/\/agora.xtec.cat\/esc-antoniomachado\/wp-json\/wp\/v2\/posts\/8068","targetHints":{"allow":["GET"]}}],"collection":[{"href":"https:\/\/agora.xtec.cat\/esc-antoniomachado\/wp-json\/wp\/v2\/posts"}],"about":[{"href":"https:\/\/agora.xtec.cat\/esc-antoniomachado\/wp-json\/wp\/v2\/types\/post"}],"author":[{"embeddable":true,"href":"https:\/\/agora.xtec.cat\/esc-antoniomachado\/wp-json\/wp\/v2\/users\/1"}],"replies":[{"embeddable":true,"href":"https:\/\/agora.xtec.cat\/esc-antoniomachado\/wp-json\/wp\/v2\/comments?post=8068"}],"version-history":[{"count":2,"href":"https:\/\/agora.xtec.cat\/esc-antoniomachado\/wp-json\/wp\/v2\/posts\/8068\/revisions"}],"predecessor-version":[{"id":8070,"href":"https:\/\/agora.xtec.cat\/esc-antoniomachado\/wp-json\/wp\/v2\/posts\/8068\/revisions\/8070"}],"wp:attachment":[{"href":"https:\/\/agora.xtec.cat\/esc-antoniomachado\/wp-json\/wp\/v2\/media?parent=8068"}],"wp:term":[{"taxonomy":"category","embeddable":true,"href":"https:\/\/agora.xtec.cat\/esc-antoniomachado\/wp-json\/wp\/v2\/categories?post=8068"},{"taxonomy":"post_tag","embeddable":true,"href":"https:\/\/agora.xtec.cat\/esc-antoniomachado\/wp-json\/wp\/v2\/tags?post=8068"}],"curies":[{"name":"wp","href":"https:\/\/api.w.org\/{rel}","templated":true}]}}