{"id":7468,"date":"2018-10-08T01:22:59","date_gmt":"2018-10-07T23:22:59","guid":{"rendered":"http:\/\/agora.xtec.cat\/esc-antoniomachado\/?p=7468"},"modified":"2018-10-14T23:54:48","modified_gmt":"2018-10-14T21:54:48","slug":"voluntariat-per-la-llengua","status":"publish","type":"post","link":"https:\/\/agora.xtec.cat\/esc-antoniomachado\/noticies\/voluntariat-per-la-llengua\/","title":{"rendered":"VOLUNTARIAT PER LA LLENGUA"},"content":{"rendered":"<p style=\"text-align: justify;\">Ja s\u00f3n un bon grapat d&#8217;anys que treballem paral\u00b7lelament amb el Consorci de Normalitzaci\u00f3 Ling\u00fc\u00edstica (CNL) per continuar oferint un espai d&#8217;aprenentatge de la llengua catalana per adults dins de l&#8217;escola (fins ara, les tardes de 15h a 16:30h dels dilluns)<strong>. Actualment, el grup est\u00e0 format per 12 mares que han participat d&#8217;aquest aprenentatge amb l&#8217;ajuda de la Montse (volunt\u00e0ria per la llengua del CNL) i que han obtingut, entre d&#8217;altres coses, des de fa 2 cursos, un certificat oficial.\u00a0<\/strong><\/p>\n<p style=\"text-align: justify;\"><span style=\"color: #ff0000;\"><strong>Tot i aix\u00ed, recentment, des del CNL ens han fet saber que ja tenim volunt\u00e0ria i que enguany es realitzar\u00e0 els divendres a la tarda. No obstant, continuem cercant voluntaris i volunt\u00e0ries per aix\u00ed ampliar el nombre de tardes en catal\u00e0!<\/strong><\/span><\/p>\n<p style=\"text-align: justify;\">Animeu-vos!!<\/p>\n<p style=\"text-align: justify;\"><strong>Si alguna persona hi est\u00e0 interessat\/da, que es posi en contacte amb la direcci\u00f3 del centre.<\/strong><img loading=\"lazy\" decoding=\"async\" class=\"aligncenter wp-image-7667 size-medium\" src=\"https:\/\/agora.xtec.cat\/esc-antoniomachado\/wp-content\/uploads\/usu1670\/2018\/09\/cpnl-266x300.jpg\" alt=\"\" width=\"266\" height=\"300\" srcset=\"https:\/\/agora.xtec.cat\/esc-antoniomachado\/wp-content\/uploads\/usu1670\/2018\/09\/cpnl-266x300.jpg 266w, https:\/\/agora.xtec.cat\/esc-antoniomachado\/wp-content\/uploads\/usu1670\/2018\/09\/cpnl.jpg 399w\" sizes=\"auto, (max-width: 266px) 100vw, 266px\" \/><\/p>\n","protected":false},"excerpt":{"rendered":"<p>Ja s\u00f3n un bon grapat d&#8217;anys que treballem paral\u00b7lelament amb el Consorci de Normalitzaci\u00f3 Ling\u00fc\u00edstica (CNL) per continuar oferint un espai d&#8217;aprenentatge de la llengua catalana per adults dins de l&#8217;escola (fins ara, les tardes de 15h a 16:30h dels dilluns). Actualment, el grup est\u00e0 format per 12 mares que han participat d&#8217;aquest aprenentatge amb [&hellip;]<\/p>\n","protected":false},"author":1,"featured_media":0,"comment_status":"open","ping_status":"closed","sticky":false,"template":"","format":"standard","meta":{"_bbp_topic_count":0,"_bbp_reply_count":0,"_bbp_total_topic_count":0,"_bbp_total_reply_count":0,"_bbp_voice_count":0,"_bbp_anonymous_reply_count":0,"_bbp_topic_count_hidden":0,"_bbp_reply_count_hidden":0,"_bbp_forum_subforum_count":0,"site-sidebar-layout":"default","site-content-layout":"","ast-site-content-layout":"","site-content-style":"default","site-sidebar-style":"default","ast-global-header-display":"","ast-banner-title-visibility":"","ast-main-header-display":"","ast-hfb-above-header-display":"","ast-hfb-below-header-display":"","ast-hfb-mobile-header-display":"","site-post-title":"","ast-breadcrumbs-content":"","ast-featured-img":"","footer-sml-layout":"","theme-transparent-header-meta":"","adv-header-id-meta":"","stick-header-meta":"","header-above-stick-meta":"","header-main-stick-meta":"","header-below-stick-meta":"","astra-migrate-meta-layouts":"default","ast-page-background-enabled":"default","ast-page-background-meta":{"desktop":{"background-color":"var(--ast-global-color-4)","background-image":"","background-repeat":"repeat","background-position":"center center","background-size":"auto","background-attachment":"scroll","background-type":"","background-media":"","overlay-type":"","overlay-color":"","overlay-opacity":"","overlay-gradient":""},"tablet":{"background-color":"","background-image":"","background-repeat":"repeat","background-position":"center center","background-size":"auto","background-attachment":"scroll","background-type":"","background-media":"","overlay-type":"","overlay-color":"","overlay-opacity":"","overlay-gradient":""},"mobile":{"background-color":"","background-image":"","background-repeat":"repeat","background-position":"center center","background-size":"auto","background-attachment":"scroll","background-type":"","background-media":"","overlay-type":"","overlay-color":"","overlay-opacity":"","overlay-gradient":""}},"ast-content-background-meta":{"desktop":{"background-color":"var(--ast-global-color-5)","background-image":"","background-repeat":"repeat","background-position":"center center","background-size":"auto","background-attachment":"scroll","background-type":"","background-media":"","overlay-type":"","overlay-color":"","overlay-opacity":"","overlay-gradient":""},"tablet":{"background-color":"var(--ast-global-color-5)","background-image":"","background-repeat":"repeat","background-position":"center center","background-size":"auto","background-attachment":"scroll","background-type":"","background-media":"","overlay-type":"","overlay-color":"","overlay-opacity":"","overlay-gradient":""},"mobile":{"background-color":"var(--ast-global-color-5)","background-image":"","background-repeat":"repeat","background-position":"center center","background-size":"auto","background-attachment":"scroll","background-type":"","background-media":"","overlay-type":"","overlay-color":"","overlay-opacity":"","overlay-gradient":""}},"footnotes":""},"categories":[1],"tags":[],"class_list":["post-7468","post","type-post","status-publish","format-standard","hentry","category-noticies"],"post_mailing_queue_ids":[],"_links":{"self":[{"href":"https:\/\/agora.xtec.cat\/esc-antoniomachado\/wp-json\/wp\/v2\/posts\/7468","targetHints":{"allow":["GET"]}}],"collection":[{"href":"https:\/\/agora.xtec.cat\/esc-antoniomachado\/wp-json\/wp\/v2\/posts"}],"about":[{"href":"https:\/\/agora.xtec.cat\/esc-antoniomachado\/wp-json\/wp\/v2\/types\/post"}],"author":[{"embeddable":true,"href":"https:\/\/agora.xtec.cat\/esc-antoniomachado\/wp-json\/wp\/v2\/users\/1"}],"replies":[{"embeddable":true,"href":"https:\/\/agora.xtec.cat\/esc-antoniomachado\/wp-json\/wp\/v2\/comments?post=7468"}],"version-history":[{"count":4,"href":"https:\/\/agora.xtec.cat\/esc-antoniomachado\/wp-json\/wp\/v2\/posts\/7468\/revisions"}],"predecessor-version":[{"id":7712,"href":"https:\/\/agora.xtec.cat\/esc-antoniomachado\/wp-json\/wp\/v2\/posts\/7468\/revisions\/7712"}],"wp:attachment":[{"href":"https:\/\/agora.xtec.cat\/esc-antoniomachado\/wp-json\/wp\/v2\/media?parent=7468"}],"wp:term":[{"taxonomy":"category","embeddable":true,"href":"https:\/\/agora.xtec.cat\/esc-antoniomachado\/wp-json\/wp\/v2\/categories?post=7468"},{"taxonomy":"post_tag","embeddable":true,"href":"https:\/\/agora.xtec.cat\/esc-antoniomachado\/wp-json\/wp\/v2\/tags?post=7468"}],"curies":[{"name":"wp","href":"https:\/\/api.w.org\/{rel}","templated":true}]}}