{"id":5906,"date":"2018-01-31T18:19:25","date_gmt":"2018-01-31T17:19:25","guid":{"rendered":"http:\/\/agora.xtec.cat\/esc-antoniomachado\/?p=5906"},"modified":"2018-02-12T22:54:00","modified_gmt":"2018-02-12T21:54:00","slug":"marato-energetica","status":"publish","type":"post","link":"https:\/\/agora.xtec.cat\/esc-antoniomachado\/noticies\/marato-energetica\/","title":{"rendered":"MARAT\u00d3 ENERG\u00c8TICA"},"content":{"rendered":"<div data-blogger-escaped-style=\"text-align: center;\">\n<p><span class=\"textGran resaltat\"><span style=\"font-family: verdana, sans-serif;\" data-blogger-escaped-style=\"font-family: Verdana, sans-serif;\"><b>Cinc escoles de Matar\u00f3 estalviaran energia durant el febrer per destinar m\u00e9s recursos econ\u00f2mics a pobresa energ\u00e8tica<\/b><\/span><\/span><\/p>\n<\/div>\n<div style=\"text-align: justify;\" data-blogger-escaped-style=\"text-align: center;\"><\/div>\n<div style=\"text-align: justify;\" data-blogger-escaped-style=\"text-align: justify;\">\n<p><span style=\"font-family: verdana, sans-serif;\" data-blogger-escaped-style=\"font-family: Verdana, sans-serif;\">Durant aquest mes de febrer participem en la Marat\u00f3 Energ\u00e8tica que des de l&#8217;Ajuntament de Matar\u00f3 organitzen per aconseguir 2 objectius:\u00a0sensibilitzar sobre les repercussions de l\u2019exc\u00e9s de consum energ\u00e8tic aplicant bones pr\u00e0ctiques per reduir-lo i a la vegada aconseguir uns estalvis que tindran finalitat social.<\/span><\/p>\n<\/div>\n<div style=\"text-align: justify;\" data-blogger-escaped-style=\"text-align: justify;\">Tamb\u00e9 podeu veure \u00edntegrament la not\u00edcia a la<a href=\"http:\/\/m1tv.xiptv.cat\/mataro-al-dia\/capitol\/entrevista-estalvi-energetic-a-5-escoles-de-mataro\"> televisi\u00f3 de Matar\u00f3<\/a><\/div>\n<div style=\"text-align: justify;\" data-blogger-escaped-style=\"text-align: justify;\"><\/div>\n<div data-blogger-escaped-style=\"text-align: justify;\">\n<p><span style=\"font-family: verdana, sans-serif;\" data-blogger-escaped-style=\"font-family: Verdana, sans-serif;\">Trobareu tota la informaci\u00f3\u00a0<a href=\"http:\/\/www.mataro.cat\/web\/portal\/contingut\/noticia\/2018\/01\/13898_Marato_energia.html\" data-blogger-escaped-target=\"_blank\">aqu\u00ed<\/a><\/span><\/p>\n<\/div>\n<p>&nbsp;<\/p>\n","protected":false},"excerpt":{"rendered":"<p>Cinc escoles de Matar\u00f3 estalviaran energia durant el febrer per destinar m\u00e9s recursos econ\u00f2mics a pobresa energ\u00e8tica<\/p>\n","protected":false},"author":1,"featured_media":0,"comment_status":"open","ping_status":"closed","sticky":false,"template":"","format":"standard","meta":{"_bbp_topic_count":0,"_bbp_reply_count":0,"_bbp_total_topic_count":0,"_bbp_total_reply_count":0,"_bbp_voice_count":0,"_bbp_anonymous_reply_count":0,"_bbp_topic_count_hidden":0,"_bbp_reply_count_hidden":0,"_bbp_forum_subforum_count":0,"site-sidebar-layout":"default","site-content-layout":"","ast-site-content-layout":"","site-content-style":"default","site-sidebar-style":"default","ast-global-header-display":"","ast-banner-title-visibility":"","ast-main-header-display":"","ast-hfb-above-header-display":"","ast-hfb-below-header-display":"","ast-hfb-mobile-header-display":"","site-post-title":"","ast-breadcrumbs-content":"","ast-featured-img":"","footer-sml-layout":"","theme-transparent-header-meta":"","adv-header-id-meta":"","stick-header-meta":"","header-above-stick-meta":"","header-main-stick-meta":"","header-below-stick-meta":"","astra-migrate-meta-layouts":"default","ast-page-background-enabled":"default","ast-page-background-meta":{"desktop":{"background-color":"var(--ast-global-color-4)","background-image":"","background-repeat":"repeat","background-position":"center center","background-size":"auto","background-attachment":"scroll","background-type":"","background-media":"","overlay-type":"","overlay-color":"","overlay-opacity":"","overlay-gradient":""},"tablet":{"background-color":"","background-image":"","background-repeat":"repeat","background-position":"center center","background-size":"auto","background-attachment":"scroll","background-type":"","background-media":"","overlay-type":"","overlay-color":"","overlay-opacity":"","overlay-gradient":""},"mobile":{"background-color":"","background-image":"","background-repeat":"repeat","background-position":"center center","background-size":"auto","background-attachment":"scroll","background-type":"","background-media":"","overlay-type":"","overlay-color":"","overlay-opacity":"","overlay-gradient":""}},"ast-content-background-meta":{"desktop":{"background-color":"var(--ast-global-color-5)","background-image":"","background-repeat":"repeat","background-position":"center center","background-size":"auto","background-attachment":"scroll","background-type":"","background-media":"","overlay-type":"","overlay-color":"","overlay-opacity":"","overlay-gradient":""},"tablet":{"background-color":"var(--ast-global-color-5)","background-image":"","background-repeat":"repeat","background-position":"center center","background-size":"auto","background-attachment":"scroll","background-type":"","background-media":"","overlay-type":"","overlay-color":"","overlay-opacity":"","overlay-gradient":""},"mobile":{"background-color":"var(--ast-global-color-5)","background-image":"","background-repeat":"repeat","background-position":"center center","background-size":"auto","background-attachment":"scroll","background-type":"","background-media":"","overlay-type":"","overlay-color":"","overlay-opacity":"","overlay-gradient":""}},"footnotes":""},"categories":[1],"tags":[],"class_list":["post-5906","post","type-post","status-publish","format-standard","hentry","category-noticies"],"post_mailing_queue_ids":[],"_links":{"self":[{"href":"https:\/\/agora.xtec.cat\/esc-antoniomachado\/wp-json\/wp\/v2\/posts\/5906","targetHints":{"allow":["GET"]}}],"collection":[{"href":"https:\/\/agora.xtec.cat\/esc-antoniomachado\/wp-json\/wp\/v2\/posts"}],"about":[{"href":"https:\/\/agora.xtec.cat\/esc-antoniomachado\/wp-json\/wp\/v2\/types\/post"}],"author":[{"embeddable":true,"href":"https:\/\/agora.xtec.cat\/esc-antoniomachado\/wp-json\/wp\/v2\/users\/1"}],"replies":[{"embeddable":true,"href":"https:\/\/agora.xtec.cat\/esc-antoniomachado\/wp-json\/wp\/v2\/comments?post=5906"}],"version-history":[{"count":3,"href":"https:\/\/agora.xtec.cat\/esc-antoniomachado\/wp-json\/wp\/v2\/posts\/5906\/revisions"}],"predecessor-version":[{"id":5936,"href":"https:\/\/agora.xtec.cat\/esc-antoniomachado\/wp-json\/wp\/v2\/posts\/5906\/revisions\/5936"}],"wp:attachment":[{"href":"https:\/\/agora.xtec.cat\/esc-antoniomachado\/wp-json\/wp\/v2\/media?parent=5906"}],"wp:term":[{"taxonomy":"category","embeddable":true,"href":"https:\/\/agora.xtec.cat\/esc-antoniomachado\/wp-json\/wp\/v2\/categories?post=5906"},{"taxonomy":"post_tag","embeddable":true,"href":"https:\/\/agora.xtec.cat\/esc-antoniomachado\/wp-json\/wp\/v2\/tags?post=5906"}],"curies":[{"name":"wp","href":"https:\/\/api.w.org\/{rel}","templated":true}]}}