{"id":5328,"date":"2017-02-02T16:11:00","date_gmt":"2017-02-02T15:11:00","guid":{"rendered":"http:\/\/agora.xtec.cat\/esc-antoniomachado\/general\/portes-obertes\/"},"modified":"2017-02-02T16:11:00","modified_gmt":"2017-02-02T15:11:00","slug":"portes-obertes","status":"publish","type":"post","link":"https:\/\/agora.xtec.cat\/esc-antoniomachado\/noticies\/portes-obertes\/","title":{"rendered":"PORTES OBERTES"},"content":{"rendered":"<p><span style=\"font-family: &quot;verdana&quot; , sans-serif;\">Ja s\u00f3n aqu\u00ed, ja han arribat les jornades de portes obertes perqu\u00e8 aquelles fam\u00edlies que vulgueu con\u00e9ixer, ho pugueu fer i resoldre tots els dubtes que pugueu tenir.<\/span><br \/><span style=\"font-family: &quot;verdana&quot; , sans-serif;\"><br \/><\/span><span style=\"font-family: &quot;verdana&quot; , sans-serif;\">Les dates s\u00f3n les seg\u00fcents:<\/span><\/p>\n<div style=\"clear: both; text-align: center;\"><a href=\"https:\/\/4.bp.blogspot.com\/--lLRi8rGboA\/WJNLTZK5YDI\/AAAAAAAAAnI\/cUxxJEMBkB8X7QS1LkjqLkDiNYVPRXObgCLcB\/s1600\/portes%2Bobertes1.png\" style=\"margin-left: 1em; margin-right: 1em;\"><img loading=\"lazy\" decoding=\"async\" border=\"0\" height=\"46\" src=\"https:\/\/4.bp.blogspot.com\/--lLRi8rGboA\/WJNLTZK5YDI\/AAAAAAAAAnI\/cUxxJEMBkB8X7QS1LkjqLkDiNYVPRXObgCLcB\/s400\/portes%2Bobertes1.png\" width=\"400\" \/><\/a><\/div>\n<p><span style=\"font-family: &quot;verdana&quot; , sans-serif;\">Aix\u00ed mateix, per les fam\u00edlies que teniu alumnes a 6\u00e8, tamb\u00e9 teniu les diferents dates per poder anar a visitar els diferents instituts p\u00fablics que tenim a Matar\u00f3.<\/span><br \/><span style=\"font-family: &quot;verdana&quot; , sans-serif;\"><br \/><\/span><\/p>\n<div style=\"clear: both; text-align: center;\"><a href=\"https:\/\/4.bp.blogspot.com\/-0M3HobBRpbw\/WJNLnBl3rxI\/AAAAAAAAAnM\/KxnctB__fSQu-mvVN_9IXM6QWcApJ7W4gCLcB\/s1600\/portes%2Bobertes%2Binsti%2Bpublic.png\" style=\"margin-left: 1em; margin-right: 1em;\"><img loading=\"lazy\" decoding=\"async\" border=\"0\" height=\"177\" src=\"https:\/\/4.bp.blogspot.com\/-0M3HobBRpbw\/WJNLnBl3rxI\/AAAAAAAAAnM\/KxnctB__fSQu-mvVN_9IXM6QWcApJ7W4gCLcB\/s400\/portes%2Bobertes%2Binsti%2Bpublic.png\" width=\"400\" \/><\/a><\/div>\n<p><span style=\"font-family: &quot;verdana&quot; , sans-serif;\">En tot cas, <a href=\"https:\/\/drive.google.com\/file\/d\/0B70E48900jYuOWNuWk1faTk3REk\/view?usp=sharing\" target=\"_blank\">aqu\u00ed<\/a> teniu tot el document amb tots els centres i horaris de Matar\u00f3.<\/span><\/p>\n","protected":false},"excerpt":{"rendered":"<p>Ja s\u00f3n aqu\u00ed, ja han arribat les jornades de portes obertes perqu\u00e8 aquelles fam\u00edlies que vulgueu con\u00e9ixer, ho pugueu fer i resoldre tots els dubtes que pugueu tenir.Les dates s\u00f3n les seg\u00fcents: Aix\u00ed mateix, per les fam\u00edlies que teniu alumnes a 6\u00e8, tamb\u00e9 teniu les diferents dates per poder anar a visitar els diferents instituts [&hellip;]<\/p>\n","protected":false},"author":4,"featured_media":0,"comment_status":"open","ping_status":"closed","sticky":false,"template":"","format":"standard","meta":{"_bbp_topic_count":0,"_bbp_reply_count":0,"_bbp_total_topic_count":0,"_bbp_total_reply_count":0,"_bbp_voice_count":0,"_bbp_anonymous_reply_count":0,"_bbp_topic_count_hidden":0,"_bbp_reply_count_hidden":0,"_bbp_forum_subforum_count":0,"site-sidebar-layout":"default","site-content-layout":"","ast-site-content-layout":"","site-content-style":"default","site-sidebar-style":"default","ast-global-header-display":"","ast-banner-title-visibility":"","ast-main-header-display":"","ast-hfb-above-header-display":"","ast-hfb-below-header-display":"","ast-hfb-mobile-header-display":"","site-post-title":"","ast-breadcrumbs-content":"","ast-featured-img":"","footer-sml-layout":"","theme-transparent-header-meta":"","adv-header-id-meta":"","stick-header-meta":"","header-above-stick-meta":"","header-main-stick-meta":"","header-below-stick-meta":"","astra-migrate-meta-layouts":"default","ast-page-background-enabled":"default","ast-page-background-meta":{"desktop":{"background-color":"var(--ast-global-color-4)","background-image":"","background-repeat":"repeat","background-position":"center center","background-size":"auto","background-attachment":"scroll","background-type":"","background-media":"","overlay-type":"","overlay-color":"","overlay-opacity":"","overlay-gradient":""},"tablet":{"background-color":"","background-image":"","background-repeat":"repeat","background-position":"center center","background-size":"auto","background-attachment":"scroll","background-type":"","background-media":"","overlay-type":"","overlay-color":"","overlay-opacity":"","overlay-gradient":""},"mobile":{"background-color":"","background-image":"","background-repeat":"repeat","background-position":"center center","background-size":"auto","background-attachment":"scroll","background-type":"","background-media":"","overlay-type":"","overlay-color":"","overlay-opacity":"","overlay-gradient":""}},"ast-content-background-meta":{"desktop":{"background-color":"var(--ast-global-color-5)","background-image":"","background-repeat":"repeat","background-position":"center center","background-size":"auto","background-attachment":"scroll","background-type":"","background-media":"","overlay-type":"","overlay-color":"","overlay-opacity":"","overlay-gradient":""},"tablet":{"background-color":"var(--ast-global-color-5)","background-image":"","background-repeat":"repeat","background-position":"center center","background-size":"auto","background-attachment":"scroll","background-type":"","background-media":"","overlay-type":"","overlay-color":"","overlay-opacity":"","overlay-gradient":""},"mobile":{"background-color":"var(--ast-global-color-5)","background-image":"","background-repeat":"repeat","background-position":"center center","background-size":"auto","background-attachment":"scroll","background-type":"","background-media":"","overlay-type":"","overlay-color":"","overlay-opacity":"","overlay-gradient":""}},"footnotes":""},"categories":[1],"tags":[],"class_list":["post-5328","post","type-post","status-publish","format-standard","hentry","category-noticies"],"post_mailing_queue_ids":[],"_links":{"self":[{"href":"https:\/\/agora.xtec.cat\/esc-antoniomachado\/wp-json\/wp\/v2\/posts\/5328","targetHints":{"allow":["GET"]}}],"collection":[{"href":"https:\/\/agora.xtec.cat\/esc-antoniomachado\/wp-json\/wp\/v2\/posts"}],"about":[{"href":"https:\/\/agora.xtec.cat\/esc-antoniomachado\/wp-json\/wp\/v2\/types\/post"}],"author":[{"embeddable":true,"href":"https:\/\/agora.xtec.cat\/esc-antoniomachado\/wp-json\/wp\/v2\/users\/4"}],"replies":[{"embeddable":true,"href":"https:\/\/agora.xtec.cat\/esc-antoniomachado\/wp-json\/wp\/v2\/comments?post=5328"}],"version-history":[{"count":0,"href":"https:\/\/agora.xtec.cat\/esc-antoniomachado\/wp-json\/wp\/v2\/posts\/5328\/revisions"}],"wp:attachment":[{"href":"https:\/\/agora.xtec.cat\/esc-antoniomachado\/wp-json\/wp\/v2\/media?parent=5328"}],"wp:term":[{"taxonomy":"category","embeddable":true,"href":"https:\/\/agora.xtec.cat\/esc-antoniomachado\/wp-json\/wp\/v2\/categories?post=5328"},{"taxonomy":"post_tag","embeddable":true,"href":"https:\/\/agora.xtec.cat\/esc-antoniomachado\/wp-json\/wp\/v2\/tags?post=5328"}],"curies":[{"name":"wp","href":"https:\/\/api.w.org\/{rel}","templated":true}]}}