{"id":5326,"date":"2017-02-21T22:05:00","date_gmt":"2017-02-21T21:05:00","guid":{"rendered":"http:\/\/agora.xtec.cat\/esc-antoniomachado\/general\/informacio-per-les-portes-obertes\/"},"modified":"2017-02-21T22:05:00","modified_gmt":"2017-02-21T21:05:00","slug":"informacio-per-les-portes-obertes","status":"publish","type":"post","link":"https:\/\/agora.xtec.cat\/esc-antoniomachado\/noticies\/informacio-per-les-portes-obertes\/","title":{"rendered":"INFORMACI\u00d3 PER LES PORTES OBERTES"},"content":{"rendered":"<div dir=\"ltr\" style=\"line-height: 1.2; margin: 0pt 5.65pt; text-align: justify;\"><span style=\"color: black; font-family: &quot;calibri&quot;; font-size: 11pt; font-weight: 700; vertical-align: baseline; white-space: pre-wrap;\">OFERTA DE VACANTS<\/span><span style=\"color: black; font-family: &quot;calibri&quot;; font-size: 11pt; vertical-align: baseline; white-space: pre-wrap;\">  &#8211;<\/span><span style=\"color: blue; font-family: &quot;calibri&quot;; font-size: 11pt; vertical-align: baseline; white-space: pre-wrap;\"> <a href=\"https:\/\/drive.google.com\/file\/d\/0B70E48900jYudm1wa1hoTUdGUGYxZHlRdlN1OVVtMkRIaFZB\/view?usp=sharing\" target=\"_blank\">Document<\/a><\/span><\/div>\n<p><span style=\"font-weight: normal;\"><br \/><\/span><\/p>\n<div dir=\"ltr\" style=\"line-height: 1.2; margin: 0pt 5.65pt; text-align: justify;\"><span style=\"color: black; font-family: &quot;calibri&quot;; font-size: 11pt; font-weight: 700; vertical-align: baseline; white-space: pre-wrap;\">\u00c0REA DE PROXIMITAT I ADSCRIPCI\u00d3 DE CENTRE <\/span><\/div>\n<ul style=\"margin-bottom: 0pt; margin-top: 0pt;\">\n<li dir=\"ltr\" style=\"font-family: arial; font-size: 11pt; list-style-type: disc; margin-left: -12.35pt; vertical-align: baseline;\">\n<div dir=\"ltr\" style=\"line-height: 1.2; margin-bottom: 0pt; margin-right: 5.65pt; margin-top: 0pt; text-align: justify;\"><span style=\"color: black; font-family: &quot;calibri&quot;; font-size: 11pt; vertical-align: baseline; white-space: pre-wrap;\">L\u2019escola no t\u00e9 cap adscripci\u00f3 de centre amb cap IES espec\u00edfic.<\/span><\/div>\n<\/li>\n<li dir=\"ltr\" style=\"font-family: arial; font-size: 11pt; list-style-type: disc; margin-left: -12.35pt; vertical-align: baseline;\">\n<div dir=\"ltr\" style=\"line-height: 1.2; margin-bottom: 0pt; margin-right: 5.65pt; margin-top: 0pt; text-align: justify;\"><span style=\"color: black; font-family: &quot;calibri&quot;; font-size: 11pt; vertical-align: baseline; white-space: pre-wrap;\">Matar\u00f3 \u00e9s zona \u00fanica.<\/span><\/div>\n<\/li>\n<\/ul>\n<p><span style=\"font-weight: normal;\"><br \/><\/span><\/p>\n<div dir=\"ltr\" style=\"line-height: 1.2; margin: 0pt 5.65pt; text-align: justify;\"><span style=\"color: black; font-family: &quot;calibri&quot;; font-size: 11pt; font-weight: 700; vertical-align: baseline; white-space: pre-wrap;\">PROJECTE EDUCATIU<\/span><span style=\"color: black; font-family: &quot;calibri&quot;; font-size: 11pt; vertical-align: baseline; white-space: pre-wrap;\"> &#8211; <a href=\"https:\/\/drive.google.com\/file\/d\/0B70E48900jYueEVldkIxbDRiMEU\/view?usp=sharing\" target=\"_blank\">Document<\/a><\/span><\/div>\n<p><span style=\"font-weight: normal;\"><br \/><\/span><\/p>\n<div dir=\"ltr\" style=\"line-height: 1.2; margin: 0pt 5.65pt; text-align: justify;\"><span style=\"color: black; font-family: &quot;calibri&quot;; font-size: 11pt; font-weight: 700; vertical-align: baseline; white-space: pre-wrap;\">CRITERIS DE PRIORITAT<\/span><span style=\"color: black; font-family: &quot;calibri&quot;; font-size: 11pt; vertical-align: baseline; white-space: pre-wrap;\"> <\/span><\/div>\n<p><span style=\"font-weight: normal;\"><br \/><\/span><\/p>\n<div dir=\"ltr\" style=\"line-height: 1.2; margin: 0pt 5.65pt; text-align: justify;\"><span style=\"color: black; font-family: &quot;calibri&quot;; font-size: 11pt; font-weight: 700; vertical-align: baseline; white-space: pre-wrap;\">ACTIVITATS COMPLEMENT\u00c0RIES, QUOTES I VOLUNTARIETAT<\/span><\/div>\n<ul style=\"margin-bottom: 0pt; margin-top: 0pt;\">\n<li dir=\"ltr\" style=\"font-family: arial; font-size: 11pt; list-style-type: disc; margin-left: -12.35pt; vertical-align: baseline;\">\n<div dir=\"ltr\" style=\"line-height: 1.2; margin-bottom: 0pt; margin-right: 5.65pt; margin-top: 0pt; text-align: justify;\"><span style=\"color: black; font-family: &quot;calibri&quot;; font-size: 11pt; vertical-align: baseline; white-space: pre-wrap;\">A l\u2019escola s\u2019ofereix el servei d\u2019acollida:<\/span><\/div>\n<\/li>\n<ul style=\"margin-bottom: 0pt; margin-top: 0pt;\">\n<li dir=\"ltr\" style=\"font-family: arial; font-size: 11pt; list-style-type: disc; margin-left: -12.35pt; vertical-align: baseline;\">\n<div dir=\"ltr\" style=\"line-height: 1.2; margin-bottom: 0pt; margin-right: 5.65pt; margin-top: 0pt; text-align: justify;\"><span style=\"color: black; font-family: &quot;calibri&quot;; font-size: 11pt; vertical-align: baseline; white-space: pre-wrap;\">Matinal de 8 a 9h \u2013 32\u20ac\/mes<\/span><\/div>\n<\/li>\n<li dir=\"ltr\" style=\"font-family: arial; font-size: 11pt; list-style-type: disc; margin-left: -12.35pt; vertical-align: baseline;\">\n<div dir=\"ltr\" style=\"line-height: 1.2; margin-bottom: 0pt; margin-right: 5.65pt; margin-top: 0pt; text-align: justify;\"><span style=\"color: black; font-family: &quot;calibri&quot;; font-size: 11pt; vertical-align: baseline; white-space: pre-wrap;\">Migdia de 12:30h a 13h \u2013 25\u20ac\/mes<\/span><\/div>\n<\/li>\n<li dir=\"ltr\" style=\"font-family: arial; font-size: 11pt; list-style-type: disc; margin-left: -12.35pt; vertical-align: baseline;\">\n<div dir=\"ltr\" style=\"line-height: 1.2; margin-bottom: 0pt; margin-right: 5.65pt; margin-top: 0pt; text-align: justify;\"><span style=\"color: black; font-family: &quot;calibri&quot;; font-size: 11pt; vertical-align: baseline; white-space: pre-wrap;\">Tarda de 16:30h a 17h \u2013 18\u20ac\/mes<\/span><\/div>\n<\/li>\n<\/ul>\n<\/ul>\n<p><span style=\"font-weight: normal;\"><br \/><\/span><\/p>\n<div dir=\"ltr\" style=\"line-height: 1.2; margin: 0pt 5.65pt; text-align: justify;\"><span style=\"color: black; font-family: &quot;calibri&quot;; font-size: 11pt; font-style: italic; vertical-align: baseline; white-space: pre-wrap;\">Aquests preus s\u00f3n del curs actual<\/span><\/div>\n<p><span style=\"font-weight: normal;\"><br \/><\/span><\/p>\n<div dir=\"ltr\" style=\"line-height: 1.2; margin: 0pt 5.65pt; text-align: justify;\"><span style=\"color: black; font-family: &quot;calibri&quot;; font-size: 11pt; font-weight: 700; vertical-align: baseline; white-space: pre-wrap;\">ACTIVITATS EXTRAESCOLARS I SERVEIS, QUOTES I VOLUNTARIETAT<\/span><\/div>\n<p><span style=\"font-weight: normal;\"><br \/><\/span><\/p>\n<div dir=\"ltr\" style=\"line-height: 1.2; margin: 0pt 5.65pt; text-align: justify;\"><span style=\"color: black; font-family: &quot;calibri&quot;; font-size: 11pt; vertical-align: baseline; white-space: pre-wrap;\">L\u2019Associaci\u00f3 de l\u2019Esport i de Lleure del barri de Cerdanyola s\u00f3n els encarregats de gestionar les extraescolars. Al Blogger podeu trobar m\u00e9s informaci\u00f3.<\/span><\/div>\n<p><span style=\"font-weight: normal;\"><br \/><\/span><\/p>\n<div dir=\"ltr\" style=\"line-height: 1.2; margin: 0pt 5.65pt; text-align: justify;\"><span style=\"color: black; font-family: &quot;calibri&quot;; font-size: 11pt; vertical-align: baseline; white-space: pre-wrap;\">L\u2019empresa d\u2019M-Penta, gestiona el servei de menjador de l\u2019escola que est\u00e0 dotat de cuina pr\u00f2pia. Podeu trobar m\u00e9s informaci\u00f3 al seu Blogger.<\/span><\/div>\n<p><span style=\"font-weight: normal;\"><br \/><\/span><\/p>\n<div dir=\"ltr\" style=\"line-height: 1.2; margin: 0pt 5.65pt; text-align: justify;\"><span style=\"color: black; font-family: &quot;calibri&quot;; font-size: 11pt; font-style: italic; vertical-align: baseline; white-space: pre-wrap;\">Aquests preus s\u00f3n del curs actual<\/span><\/div>\n<p><span style=\"font-weight: normal;\"><br \/><\/span><\/p>\n<div dir=\"ltr\" style=\"line-height: 1.2; margin: 0pt 5.65pt; text-align: justify;\"><span style=\"color: black; font-family: &quot;calibri&quot;; font-size: 11pt; font-weight: 700; vertical-align: baseline; white-space: pre-wrap;\">R\u00c8GIM DE FINAN\u00c7AMENT AMB FONS P\u00daBLICS<\/span><\/div>\n<p><span style=\"font-weight: normal;\"><br \/><\/span><\/p>\n<div dir=\"ltr\" style=\"line-height: 1.2; margin: 0pt 5.65pt; text-align: justify;\"><span style=\"color: black; font-family: &quot;calibri&quot;; font-size: 11pt; vertical-align: baseline; white-space: pre-wrap;\">L\u2019escola rep anualment finan\u00e7ament per part del Departament d\u2019Ensenyament de la Generalitat de Catalunya com escola p\u00fablica.<\/span><\/div>\n<p><span style=\"font-weight: normal;\"><br \/><\/span><\/p>\n<div dir=\"ltr\" style=\"line-height: 1.2; margin: 0pt 5.65pt; text-align: justify;\"><span style=\"color: black; font-family: &quot;calibri&quot;; font-size: 11pt; font-weight: 700; vertical-align: baseline; white-space: pre-wrap;\">MITJANS PER ADAPTAR-SE A DETERMINADES DISCAPACITATS<\/span><\/div>\n<p><span style=\"font-weight: normal;\"><br \/><\/span><\/p>\n<ul style=\"margin-bottom: 0pt; margin-top: 0pt;\">\n<li dir=\"ltr\" style=\"font-family: arial; font-size: 11pt; list-style-type: disc; margin-left: -12.35pt; vertical-align: baseline;\">\n<div dir=\"ltr\" style=\"line-height: 1.2; margin-bottom: 0pt; margin-right: 5.65pt; margin-top: 0pt; text-align: justify;\"><span style=\"color: black; font-family: &quot;calibri&quot;; font-size: 11pt; vertical-align: baseline; white-space: pre-wrap;\">T\u00e9 un ascensor que comunica totes les plantes de l\u2019edifici.<\/span><\/div>\n<\/li>\n<li dir=\"ltr\" style=\"font-family: arial; font-size: 11pt; list-style-type: disc; margin-left: -12.35pt; vertical-align: baseline;\">\n<div dir=\"ltr\" style=\"line-height: 1.2; margin-bottom: 0pt; margin-right: 5.65pt; margin-top: 0pt; text-align: justify;\"><span style=\"color: black; font-family: &quot;calibri&quot;; font-size: 11pt; vertical-align: baseline; white-space: pre-wrap;\">Disposa de tres rampes:<\/span><\/div>\n<\/li>\n<ul style=\"margin-bottom: 0pt; margin-top: 0pt;\">\n<li dir=\"ltr\" style=\"font-family: arial; font-size: 11pt; list-style-type: disc; margin-left: -12.35pt; vertical-align: baseline;\">\n<div dir=\"ltr\" style=\"line-height: 1.2; margin-bottom: 0pt; margin-right: 5.65pt; margin-top: 0pt; text-align: justify;\"><span style=\"color: black; font-family: &quot;calibri&quot;; font-size: 11pt; vertical-align: baseline; white-space: pre-wrap;\">1 que comunica el Carrer Maria Ribas amb el pati de Prim\u00e0ria.<\/span><\/div>\n<\/li>\n<li dir=\"ltr\" style=\"font-family: arial; font-size: 11pt; list-style-type: disc; margin-left: -12.35pt; vertical-align: baseline;\">\n<div dir=\"ltr\" style=\"line-height: 1.2; margin-bottom: 0pt; margin-right: 5.65pt; margin-top: 0pt; text-align: justify;\"><span style=\"color: black; font-family: &quot;calibri&quot;; font-size: 11pt; vertical-align: baseline; white-space: pre-wrap;\">1 que comunica els patis d\u2019Ed. Infantil i Prim\u00e0ria.<\/span><\/div>\n<\/li>\n<li dir=\"ltr\" style=\"font-family: arial; font-size: 11pt; list-style-type: disc; margin-left: -12.35pt; vertical-align: baseline;\">\n<div dir=\"ltr\" style=\"line-height: 1.2; margin-bottom: 0pt; margin-right: 5.65pt; margin-top: 0pt; text-align: justify;\"><span style=\"color: black; font-family: &quot;calibri&quot;; font-size: 11pt; vertical-align: baseline; white-space: pre-wrap;\">1 que d\u00f3na acc\u00e9s des del pati d\u2019Infantil a les aules d\u2019Infantil.<\/span><\/div>\n<\/li>\n<\/ul>\n<\/ul>\n<p><\/p>\n<div dir=\"ltr\" style=\"line-height: 1.2; margin: 0pt 5.65pt; text-align: justify;\"><\/div>\n","protected":false},"excerpt":{"rendered":"<p>OFERTA DE VACANTS &#8211; Document \u00c0REA DE PROXIMITAT I ADSCRIPCI\u00d3 DE CENTRE L\u2019escola no t\u00e9 cap adscripci\u00f3 de centre amb cap IES espec\u00edfic. Matar\u00f3 \u00e9s zona \u00fanica. PROJECTE EDUCATIU &#8211; Document CRITERIS DE PRIORITAT ACTIVITATS COMPLEMENT\u00c0RIES, QUOTES I VOLUNTARIETAT A l\u2019escola s\u2019ofereix el servei d\u2019acollida: Matinal de 8 a 9h \u2013 32\u20ac\/mes Migdia de 12:30h [&hellip;]<\/p>\n","protected":false},"author":4,"featured_media":0,"comment_status":"open","ping_status":"closed","sticky":false,"template":"","format":"standard","meta":{"_bbp_topic_count":0,"_bbp_reply_count":0,"_bbp_total_topic_count":0,"_bbp_total_reply_count":0,"_bbp_voice_count":0,"_bbp_anonymous_reply_count":0,"_bbp_topic_count_hidden":0,"_bbp_reply_count_hidden":0,"_bbp_forum_subforum_count":0,"site-sidebar-layout":"default","site-content-layout":"","ast-site-content-layout":"","site-content-style":"default","site-sidebar-style":"default","ast-global-header-display":"","ast-banner-title-visibility":"","ast-main-header-display":"","ast-hfb-above-header-display":"","ast-hfb-below-header-display":"","ast-hfb-mobile-header-display":"","site-post-title":"","ast-breadcrumbs-content":"","ast-featured-img":"","footer-sml-layout":"","theme-transparent-header-meta":"","adv-header-id-meta":"","stick-header-meta":"","header-above-stick-meta":"","header-main-stick-meta":"","header-below-stick-meta":"","astra-migrate-meta-layouts":"default","ast-page-background-enabled":"default","ast-page-background-meta":{"desktop":{"background-color":"var(--ast-global-color-4)","background-image":"","background-repeat":"repeat","background-position":"center center","background-size":"auto","background-attachment":"scroll","background-type":"","background-media":"","overlay-type":"","overlay-color":"","overlay-opacity":"","overlay-gradient":""},"tablet":{"background-color":"","background-image":"","background-repeat":"repeat","background-position":"center center","background-size":"auto","background-attachment":"scroll","background-type":"","background-media":"","overlay-type":"","overlay-color":"","overlay-opacity":"","overlay-gradient":""},"mobile":{"background-color":"","background-image":"","background-repeat":"repeat","background-position":"center center","background-size":"auto","background-attachment":"scroll","background-type":"","background-media":"","overlay-type":"","overlay-color":"","overlay-opacity":"","overlay-gradient":""}},"ast-content-background-meta":{"desktop":{"background-color":"var(--ast-global-color-5)","background-image":"","background-repeat":"repeat","background-position":"center center","background-size":"auto","background-attachment":"scroll","background-type":"","background-media":"","overlay-type":"","overlay-color":"","overlay-opacity":"","overlay-gradient":""},"tablet":{"background-color":"var(--ast-global-color-5)","background-image":"","background-repeat":"repeat","background-position":"center center","background-size":"auto","background-attachment":"scroll","background-type":"","background-media":"","overlay-type":"","overlay-color":"","overlay-opacity":"","overlay-gradient":""},"mobile":{"background-color":"var(--ast-global-color-5)","background-image":"","background-repeat":"repeat","background-position":"center center","background-size":"auto","background-attachment":"scroll","background-type":"","background-media":"","overlay-type":"","overlay-color":"","overlay-opacity":"","overlay-gradient":""}},"footnotes":""},"categories":[1],"tags":[],"class_list":["post-5326","post","type-post","status-publish","format-standard","hentry","category-noticies"],"post_mailing_queue_ids":[],"_links":{"self":[{"href":"https:\/\/agora.xtec.cat\/esc-antoniomachado\/wp-json\/wp\/v2\/posts\/5326","targetHints":{"allow":["GET"]}}],"collection":[{"href":"https:\/\/agora.xtec.cat\/esc-antoniomachado\/wp-json\/wp\/v2\/posts"}],"about":[{"href":"https:\/\/agora.xtec.cat\/esc-antoniomachado\/wp-json\/wp\/v2\/types\/post"}],"author":[{"embeddable":true,"href":"https:\/\/agora.xtec.cat\/esc-antoniomachado\/wp-json\/wp\/v2\/users\/4"}],"replies":[{"embeddable":true,"href":"https:\/\/agora.xtec.cat\/esc-antoniomachado\/wp-json\/wp\/v2\/comments?post=5326"}],"version-history":[{"count":0,"href":"https:\/\/agora.xtec.cat\/esc-antoniomachado\/wp-json\/wp\/v2\/posts\/5326\/revisions"}],"wp:attachment":[{"href":"https:\/\/agora.xtec.cat\/esc-antoniomachado\/wp-json\/wp\/v2\/media?parent=5326"}],"wp:term":[{"taxonomy":"category","embeddable":true,"href":"https:\/\/agora.xtec.cat\/esc-antoniomachado\/wp-json\/wp\/v2\/categories?post=5326"},{"taxonomy":"post_tag","embeddable":true,"href":"https:\/\/agora.xtec.cat\/esc-antoniomachado\/wp-json\/wp\/v2\/tags?post=5326"}],"curies":[{"name":"wp","href":"https:\/\/api.w.org\/{rel}","templated":true}]}}