{"id":5315,"date":"2017-05-01T23:01:00","date_gmt":"2017-05-01T21:01:00","guid":{"rendered":"http:\/\/agora.xtec.cat\/esc-antoniomachado\/general\/michael-jackson-tribute-concert\/"},"modified":"2017-05-01T23:01:00","modified_gmt":"2017-05-01T21:01:00","slug":"michael-jackson-tribute-concert","status":"publish","type":"post","link":"https:\/\/agora.xtec.cat\/esc-antoniomachado\/noticies\/michael-jackson-tribute-concert\/","title":{"rendered":"Michael Jackson tribute concert"},"content":{"rendered":"<div style=\"text-align: center;\"><span style=\"font-family: &quot;verdana&quot; , sans-serif;\">Com ja \u00e9s tradici\u00f3 a l&#8217;escola, el proper dissabte 27 de maig a les 17h els alumnes de 4t, 5\u00e8 i 6\u00e8 retran homenatge al Rei del Pop a la sala de concerts del <a href=\"https:\/\/www.google.es\/maps\/search\/C%2FSerra+i+Moret,+6+(+Pol%C3%ADgon+Pla+d'en+Boet)+08302+Matar%C3%B3.\/@41.5331522,2.4322661,18z\/data=!3m1!4b1\" target=\"_blank\"><b>Clap<\/b><\/a> a Matar\u00f3.<\/span><\/div>\n<p><span style=\"font-family: &quot;verdana&quot; , sans-serif;\">A partir del dilluns 15 de maig a les 9h i a les 16:30h es posar\u00e0 una parada de venda d&#8217;entrades.<\/span><\/p>\n<p><span style=\"font-family: &quot;verdana&quot; , sans-serif;\">Tota la informaci\u00f3 la podeu trobar al cartell!<\/span><\/p>\n<div style=\"clear: both; text-align: center;\"><a href=\"https:\/\/1.bp.blogspot.com\/-y4y7dF5E_oE\/WQetDrydGbI\/AAAAAAAAAvw\/iKOh8NMr36wAi4DxNmc_SCt1jv5Z1V5AgCEw\/s1600\/Michael%2BJackson%2Btribute%2Bconcert.jpg\" style=\"margin-left: 1em; margin-right: 1em;\"><img loading=\"lazy\" decoding=\"async\" border=\"0\" height=\"400\" src=\"https:\/\/1.bp.blogspot.com\/-y4y7dF5E_oE\/WQetDrydGbI\/AAAAAAAAAvw\/iKOh8NMr36wAi4DxNmc_SCt1jv5Z1V5AgCEw\/s400\/Michael%2BJackson%2Btribute%2Bconcert.jpg\" width=\"281\" \/><\/a><\/div>\n<div style=\"text-align: center;\">\n<\/div>\n<div style=\"text-align: center;\"><span style=\"font-family: &quot;verdana&quot; , sans-serif;\">&nbsp;<\/span><\/div>\n<p><iframe loading=\"lazy\" frameborder=\"0\" height=\"142\" src=\"https:\/\/w2.countingdownto.com\/1803264\" width=\"276\"><\/iframe><\/p>\n","protected":false},"excerpt":{"rendered":"<p>Com ja \u00e9s tradici\u00f3 a l&#8217;escola, el proper dissabte 27 de maig a les 17h els alumnes de 4t, 5\u00e8 i 6\u00e8 retran homenatge al Rei del Pop a la sala de concerts del Clap a Matar\u00f3. A partir del dilluns 15 de maig a les 9h i a les 16:30h es posar\u00e0 una parada [&hellip;]<\/p>\n","protected":false},"author":4,"featured_media":0,"comment_status":"open","ping_status":"closed","sticky":false,"template":"","format":"standard","meta":{"_bbp_topic_count":0,"_bbp_reply_count":0,"_bbp_total_topic_count":0,"_bbp_total_reply_count":0,"_bbp_voice_count":0,"_bbp_anonymous_reply_count":0,"_bbp_topic_count_hidden":0,"_bbp_reply_count_hidden":0,"_bbp_forum_subforum_count":0,"site-sidebar-layout":"default","site-content-layout":"","ast-site-content-layout":"","site-content-style":"default","site-sidebar-style":"default","ast-global-header-display":"","ast-banner-title-visibility":"","ast-main-header-display":"","ast-hfb-above-header-display":"","ast-hfb-below-header-display":"","ast-hfb-mobile-header-display":"","site-post-title":"","ast-breadcrumbs-content":"","ast-featured-img":"","footer-sml-layout":"","theme-transparent-header-meta":"","adv-header-id-meta":"","stick-header-meta":"","header-above-stick-meta":"","header-main-stick-meta":"","header-below-stick-meta":"","astra-migrate-meta-layouts":"default","ast-page-background-enabled":"default","ast-page-background-meta":{"desktop":{"background-color":"var(--ast-global-color-4)","background-image":"","background-repeat":"repeat","background-position":"center center","background-size":"auto","background-attachment":"scroll","background-type":"","background-media":"","overlay-type":"","overlay-color":"","overlay-opacity":"","overlay-gradient":""},"tablet":{"background-color":"","background-image":"","background-repeat":"repeat","background-position":"center center","background-size":"auto","background-attachment":"scroll","background-type":"","background-media":"","overlay-type":"","overlay-color":"","overlay-opacity":"","overlay-gradient":""},"mobile":{"background-color":"","background-image":"","background-repeat":"repeat","background-position":"center center","background-size":"auto","background-attachment":"scroll","background-type":"","background-media":"","overlay-type":"","overlay-color":"","overlay-opacity":"","overlay-gradient":""}},"ast-content-background-meta":{"desktop":{"background-color":"var(--ast-global-color-5)","background-image":"","background-repeat":"repeat","background-position":"center center","background-size":"auto","background-attachment":"scroll","background-type":"","background-media":"","overlay-type":"","overlay-color":"","overlay-opacity":"","overlay-gradient":""},"tablet":{"background-color":"var(--ast-global-color-5)","background-image":"","background-repeat":"repeat","background-position":"center center","background-size":"auto","background-attachment":"scroll","background-type":"","background-media":"","overlay-type":"","overlay-color":"","overlay-opacity":"","overlay-gradient":""},"mobile":{"background-color":"var(--ast-global-color-5)","background-image":"","background-repeat":"repeat","background-position":"center center","background-size":"auto","background-attachment":"scroll","background-type":"","background-media":"","overlay-type":"","overlay-color":"","overlay-opacity":"","overlay-gradient":""}},"footnotes":""},"categories":[1],"tags":[],"class_list":["post-5315","post","type-post","status-publish","format-standard","hentry","category-noticies"],"post_mailing_queue_ids":[],"_links":{"self":[{"href":"https:\/\/agora.xtec.cat\/esc-antoniomachado\/wp-json\/wp\/v2\/posts\/5315","targetHints":{"allow":["GET"]}}],"collection":[{"href":"https:\/\/agora.xtec.cat\/esc-antoniomachado\/wp-json\/wp\/v2\/posts"}],"about":[{"href":"https:\/\/agora.xtec.cat\/esc-antoniomachado\/wp-json\/wp\/v2\/types\/post"}],"author":[{"embeddable":true,"href":"https:\/\/agora.xtec.cat\/esc-antoniomachado\/wp-json\/wp\/v2\/users\/4"}],"replies":[{"embeddable":true,"href":"https:\/\/agora.xtec.cat\/esc-antoniomachado\/wp-json\/wp\/v2\/comments?post=5315"}],"version-history":[{"count":0,"href":"https:\/\/agora.xtec.cat\/esc-antoniomachado\/wp-json\/wp\/v2\/posts\/5315\/revisions"}],"wp:attachment":[{"href":"https:\/\/agora.xtec.cat\/esc-antoniomachado\/wp-json\/wp\/v2\/media?parent=5315"}],"wp:term":[{"taxonomy":"category","embeddable":true,"href":"https:\/\/agora.xtec.cat\/esc-antoniomachado\/wp-json\/wp\/v2\/categories?post=5315"},{"taxonomy":"post_tag","embeddable":true,"href":"https:\/\/agora.xtec.cat\/esc-antoniomachado\/wp-json\/wp\/v2\/tags?post=5315"}],"curies":[{"name":"wp","href":"https:\/\/api.w.org\/{rel}","templated":true}]}}