{"id":5313,"date":"2017-05-08T16:01:00","date_gmt":"2017-05-08T14:01:00","guid":{"rendered":"http:\/\/agora.xtec.cat\/esc-antoniomachado\/general\/els-alumnes-de-5e-preparats-per-la-cantania\/"},"modified":"2017-05-08T16:01:00","modified_gmt":"2017-05-08T14:01:00","slug":"els-alumnes-de-5e-preparats-per-la-cantania","status":"publish","type":"post","link":"https:\/\/agora.xtec.cat\/esc-antoniomachado\/noticies\/els-alumnes-de-5e-preparats-per-la-cantania\/","title":{"rendered":"Els alumnes de 5\u00e8 preparats per la Cant\u00e0nia!!!"},"content":{"rendered":"<div style=\"text-align: justify;\"><span style=\"font-family: Verdana,sans-serif;\">Tretzena&nbsp;edici\u00f3 a Matar\u00f3 d\u2019aquest projecte de formaci\u00f3 musical  iniciat per l\u2019Auditori de Barcelona ara fa m\u00e9s de 25&nbsp;anys. M\u00e9s de 1.100  estudiants de cinqu\u00e8&nbsp;de prim\u00e0ria de les escoles de Matar\u00f3 i Argentona  han treballat una cantata al llarg del curs, i finalment la canten en  p\u00fablic.<\/span><\/div>\n<div style=\"text-align: justify;\"><\/div>\n<div style=\"text-align: justify;\"><span style=\"font-family: Verdana,sans-serif;\"><\/span><\/div>\n<div style=\"text-align: justify;\"><span style=\"font-family: Verdana,sans-serif;\">La cantata d\u2019enguany ha estat composta per <strong>\u00c0lex Mart\u00ednez<\/strong> i escrita per <strong>Marta Buchaca<\/strong>.<\/span><\/div>\n<div style=\"text-align: justify;\"><\/div>\n<div style=\"text-align: justify;\"><span style=\"font-family: Verdana,sans-serif;\">Enguany tamb\u00e9 s\u00f3n els nostres alumnes de 5\u00e8 el que ens emocionaran amb un concert \u00fanic!<\/span><\/div>\n<div style=\"text-align: justify;\"><\/div>\n<div style=\"text-align: justify;\"><span style=\"font-family: Verdana,sans-serif;\"><strong>Dissabte 13 de maig a les 12 h<\/strong>Escoles participants: <span style=\"color: red;\"><b>Antonio Machado<\/b><\/span>, Escola d&#8217;Argentona, Josep Manuel Peram\u00e0s i Marta Mata. <\/span><\/div>\n<div style=\"text-align: justify;\"><\/div>\n<div style=\"text-align: justify;\"><span style=\"font-family: Verdana,sans-serif;\">Aqu\u00ed us mostrem el cartell d&#8217;enguany amb tota la informaci\u00f3.<\/span><\/div>\n<div style=\"text-align: justify;\"><\/div>\n<div style=\"clear: both; text-align: center;\"><a href=\"https:\/\/entradesculturamataro.cat\/acte\/cantania-la-nit-dels-malsons-7669\"><img loading=\"lazy\" decoding=\"async\" alt=\"https:\/\/entradesculturamataro.cat\/acte\/cantania-la-nit-dels-malsons-7669\" border=\"0\" height=\"213\" src=\"https:\/\/4.bp.blogspot.com\/-OK10p3tQIZk\/WRCHMBYvNKI\/AAAAAAAAAwc\/OAXyihEaTDs7q1EK5Cx5GkNPOobO8g6HQCLcB\/s320\/cantania.jpg\" width=\"320\" \/><\/a><\/div>\n<div style=\"text-align: center;\"><span style=\"font-family: Verdana,sans-serif;\">&nbsp;Cant\u00e0nia 2017 &#8211; La nit dels malsons<\/span><\/div>\n<div style=\"text-align: center;\"><span style=\"font-family: Verdana,sans-serif;\"><br \/><\/span><\/div>\n<div style=\"text-align: left;\"><span style=\"font-family: Verdana,sans-serif;\">I si el curs passat no vau estar atents&#8230; aqu\u00ed teniu el v\u00eddeo del concert 2015-2016 on tamb\u00e9 van participar els nostres alumnes!<\/span><\/div>\n<div style=\"text-align: left;\"><\/div>\n<div style=\"text-align: left;\"><\/div>\n<div style=\"clear: both; text-align: center;\"><iframe loading=\"lazy\" width=\"320\" height=\"266\" data-thumbnail-src=\"https:\/\/i.ytimg.com\/vi\/01NBW1mg994\/0.jpg\" src=\"https:\/\/www.youtube.com\/embed\/01NBW1mg994?feature=player_embedded\" frameborder=\"0\" allowfullscreen><\/iframe><\/div>\n<div style=\"text-align: left;\"><\/div>\n<div style=\"text-align: left;\"><span style=\"font-family: Verdana,sans-serif;\"><br \/><\/span><\/div>\n<div style=\"text-align: left;\"><span style=\"font-family: Verdana,sans-serif;\"><span><\/span><span><\/span><br \/><\/span><\/div>\n","protected":false},"excerpt":{"rendered":"<p>Tretzena&nbsp;edici\u00f3 a Matar\u00f3 d\u2019aquest projecte de formaci\u00f3 musical iniciat per l\u2019Auditori de Barcelona ara fa m\u00e9s de 25&nbsp;anys. M\u00e9s de 1.100 estudiants de cinqu\u00e8&nbsp;de prim\u00e0ria de les escoles de Matar\u00f3 i Argentona han treballat una cantata al llarg del curs, i finalment la canten en p\u00fablic. La cantata d\u2019enguany ha estat composta per \u00c0lex Mart\u00ednez [&hellip;]<\/p>\n","protected":false},"author":4,"featured_media":0,"comment_status":"open","ping_status":"closed","sticky":false,"template":"","format":"standard","meta":{"_bbp_topic_count":0,"_bbp_reply_count":0,"_bbp_total_topic_count":0,"_bbp_total_reply_count":0,"_bbp_voice_count":0,"_bbp_anonymous_reply_count":0,"_bbp_topic_count_hidden":0,"_bbp_reply_count_hidden":0,"_bbp_forum_subforum_count":0,"site-sidebar-layout":"default","site-content-layout":"","ast-site-content-layout":"","site-content-style":"default","site-sidebar-style":"default","ast-global-header-display":"","ast-banner-title-visibility":"","ast-main-header-display":"","ast-hfb-above-header-display":"","ast-hfb-below-header-display":"","ast-hfb-mobile-header-display":"","site-post-title":"","ast-breadcrumbs-content":"","ast-featured-img":"","footer-sml-layout":"","theme-transparent-header-meta":"","adv-header-id-meta":"","stick-header-meta":"","header-above-stick-meta":"","header-main-stick-meta":"","header-below-stick-meta":"","astra-migrate-meta-layouts":"default","ast-page-background-enabled":"default","ast-page-background-meta":{"desktop":{"background-color":"var(--ast-global-color-4)","background-image":"","background-repeat":"repeat","background-position":"center center","background-size":"auto","background-attachment":"scroll","background-type":"","background-media":"","overlay-type":"","overlay-color":"","overlay-opacity":"","overlay-gradient":""},"tablet":{"background-color":"","background-image":"","background-repeat":"repeat","background-position":"center center","background-size":"auto","background-attachment":"scroll","background-type":"","background-media":"","overlay-type":"","overlay-color":"","overlay-opacity":"","overlay-gradient":""},"mobile":{"background-color":"","background-image":"","background-repeat":"repeat","background-position":"center center","background-size":"auto","background-attachment":"scroll","background-type":"","background-media":"","overlay-type":"","overlay-color":"","overlay-opacity":"","overlay-gradient":""}},"ast-content-background-meta":{"desktop":{"background-color":"var(--ast-global-color-5)","background-image":"","background-repeat":"repeat","background-position":"center center","background-size":"auto","background-attachment":"scroll","background-type":"","background-media":"","overlay-type":"","overlay-color":"","overlay-opacity":"","overlay-gradient":""},"tablet":{"background-color":"var(--ast-global-color-5)","background-image":"","background-repeat":"repeat","background-position":"center center","background-size":"auto","background-attachment":"scroll","background-type":"","background-media":"","overlay-type":"","overlay-color":"","overlay-opacity":"","overlay-gradient":""},"mobile":{"background-color":"var(--ast-global-color-5)","background-image":"","background-repeat":"repeat","background-position":"center center","background-size":"auto","background-attachment":"scroll","background-type":"","background-media":"","overlay-type":"","overlay-color":"","overlay-opacity":"","overlay-gradient":""}},"footnotes":""},"categories":[1],"tags":[],"class_list":["post-5313","post","type-post","status-publish","format-standard","hentry","category-noticies"],"post_mailing_queue_ids":[],"_links":{"self":[{"href":"https:\/\/agora.xtec.cat\/esc-antoniomachado\/wp-json\/wp\/v2\/posts\/5313","targetHints":{"allow":["GET"]}}],"collection":[{"href":"https:\/\/agora.xtec.cat\/esc-antoniomachado\/wp-json\/wp\/v2\/posts"}],"about":[{"href":"https:\/\/agora.xtec.cat\/esc-antoniomachado\/wp-json\/wp\/v2\/types\/post"}],"author":[{"embeddable":true,"href":"https:\/\/agora.xtec.cat\/esc-antoniomachado\/wp-json\/wp\/v2\/users\/4"}],"replies":[{"embeddable":true,"href":"https:\/\/agora.xtec.cat\/esc-antoniomachado\/wp-json\/wp\/v2\/comments?post=5313"}],"version-history":[{"count":0,"href":"https:\/\/agora.xtec.cat\/esc-antoniomachado\/wp-json\/wp\/v2\/posts\/5313\/revisions"}],"wp:attachment":[{"href":"https:\/\/agora.xtec.cat\/esc-antoniomachado\/wp-json\/wp\/v2\/media?parent=5313"}],"wp:term":[{"taxonomy":"category","embeddable":true,"href":"https:\/\/agora.xtec.cat\/esc-antoniomachado\/wp-json\/wp\/v2\/categories?post=5313"},{"taxonomy":"post_tag","embeddable":true,"href":"https:\/\/agora.xtec.cat\/esc-antoniomachado\/wp-json\/wp\/v2\/tags?post=5313"}],"curies":[{"name":"wp","href":"https:\/\/api.w.org\/{rel}","templated":true}]}}