{"id":5310,"date":"2017-05-16T10:32:00","date_gmt":"2017-05-16T08:32:00","guid":{"rendered":"http:\/\/agora.xtec.cat\/esc-antoniomachado\/general\/fem-dansa-2017\/"},"modified":"2017-05-16T10:32:00","modified_gmt":"2017-05-16T08:32:00","slug":"fem-dansa-2017","status":"publish","type":"post","link":"https:\/\/agora.xtec.cat\/esc-antoniomachado\/noticies\/fem-dansa-2017\/","title":{"rendered":"FEM DANSA 2017"},"content":{"rendered":"<div style=\"text-align: justify;\"><span style=\"font-family: Verdana,sans-serif;\">Divendres 28 d\u2019abril vam celebrar  la 5a. edici\u00f3 del Fem dansa Matar\u00f3. Prop de 1200 alumnes de 24 escoles  de Matar\u00f3 i LLavaneres es van aplegar al parc nou de Matar\u00f3 per  realitzar 5 danses que havien assajat al llarg del curs.&nbsp;<\/span><\/div>\n<div style=\"text-align: justify;\"><span style=\"font-family: Verdana,sans-serif;\">Va assistir el  regidor d\u2019educaci\u00f3, un grup de dansa va fer una representaci\u00f3 sobre el  tema dels refugiats, i els mestres de m\u00fasica tamb\u00e9 van ballar!<\/span><\/div>\n<div style=\"text-align: justify;\"><\/div>\n<p><span style=\"font-family: Verdana,sans-serif;\"><\/span><\/p>\n<div style=\"text-align: justify;\"><span style=\"font-family: Verdana,sans-serif;\">Us deixem el recull de fotografies!!<\/span><\/div>\n<div style=\"text-align: justify;\"><\/div>\n<div style=\"text-align: justify;\"><\/div>\n<div style=\"clear: both; text-align: center;\"><a href=\"https:\/\/goo.gl\/photos\/U55sYoQUW5ZQ2seU8\"><img loading=\"lazy\" decoding=\"async\" alt=\"https:\/\/goo.gl\/photos\/U55sYoQUW5ZQ2seU8\" border=\"0\" height=\"300\" src=\"https:\/\/2.bp.blogspot.com\/-zkCPTJUHfzQ\/WRrHGx_NmaI\/AAAAAAAAA1I\/E8jutMCo1ZUpgOrNvHMWPoRprr6PnBKjwCLcB\/s400\/DSCN5124.JPG\" width=\"400\" \/><span><\/span><\/a><span><\/span><\/div>\n","protected":false},"excerpt":{"rendered":"<p>Divendres 28 d\u2019abril vam celebrar la 5a. edici\u00f3 del Fem dansa Matar\u00f3. Prop de 1200 alumnes de 24 escoles de Matar\u00f3 i LLavaneres es van aplegar al parc nou de Matar\u00f3 per realitzar 5 danses que havien assajat al llarg del curs.&nbsp; Va assistir el regidor d\u2019educaci\u00f3, un grup de dansa va fer una representaci\u00f3 [&hellip;]<\/p>\n","protected":false},"author":4,"featured_media":0,"comment_status":"open","ping_status":"closed","sticky":false,"template":"","format":"standard","meta":{"_bbp_topic_count":0,"_bbp_reply_count":0,"_bbp_total_topic_count":0,"_bbp_total_reply_count":0,"_bbp_voice_count":0,"_bbp_anonymous_reply_count":0,"_bbp_topic_count_hidden":0,"_bbp_reply_count_hidden":0,"_bbp_forum_subforum_count":0,"site-sidebar-layout":"default","site-content-layout":"","ast-site-content-layout":"","site-content-style":"default","site-sidebar-style":"default","ast-global-header-display":"","ast-banner-title-visibility":"","ast-main-header-display":"","ast-hfb-above-header-display":"","ast-hfb-below-header-display":"","ast-hfb-mobile-header-display":"","site-post-title":"","ast-breadcrumbs-content":"","ast-featured-img":"","footer-sml-layout":"","theme-transparent-header-meta":"","adv-header-id-meta":"","stick-header-meta":"","header-above-stick-meta":"","header-main-stick-meta":"","header-below-stick-meta":"","astra-migrate-meta-layouts":"default","ast-page-background-enabled":"default","ast-page-background-meta":{"desktop":{"background-color":"var(--ast-global-color-4)","background-image":"","background-repeat":"repeat","background-position":"center center","background-size":"auto","background-attachment":"scroll","background-type":"","background-media":"","overlay-type":"","overlay-color":"","overlay-opacity":"","overlay-gradient":""},"tablet":{"background-color":"","background-image":"","background-repeat":"repeat","background-position":"center center","background-size":"auto","background-attachment":"scroll","background-type":"","background-media":"","overlay-type":"","overlay-color":"","overlay-opacity":"","overlay-gradient":""},"mobile":{"background-color":"","background-image":"","background-repeat":"repeat","background-position":"center center","background-size":"auto","background-attachment":"scroll","background-type":"","background-media":"","overlay-type":"","overlay-color":"","overlay-opacity":"","overlay-gradient":""}},"ast-content-background-meta":{"desktop":{"background-color":"var(--ast-global-color-5)","background-image":"","background-repeat":"repeat","background-position":"center center","background-size":"auto","background-attachment":"scroll","background-type":"","background-media":"","overlay-type":"","overlay-color":"","overlay-opacity":"","overlay-gradient":""},"tablet":{"background-color":"var(--ast-global-color-5)","background-image":"","background-repeat":"repeat","background-position":"center center","background-size":"auto","background-attachment":"scroll","background-type":"","background-media":"","overlay-type":"","overlay-color":"","overlay-opacity":"","overlay-gradient":""},"mobile":{"background-color":"var(--ast-global-color-5)","background-image":"","background-repeat":"repeat","background-position":"center center","background-size":"auto","background-attachment":"scroll","background-type":"","background-media":"","overlay-type":"","overlay-color":"","overlay-opacity":"","overlay-gradient":""}},"footnotes":""},"categories":[1],"tags":[],"class_list":["post-5310","post","type-post","status-publish","format-standard","hentry","category-noticies"],"post_mailing_queue_ids":[],"_links":{"self":[{"href":"https:\/\/agora.xtec.cat\/esc-antoniomachado\/wp-json\/wp\/v2\/posts\/5310","targetHints":{"allow":["GET"]}}],"collection":[{"href":"https:\/\/agora.xtec.cat\/esc-antoniomachado\/wp-json\/wp\/v2\/posts"}],"about":[{"href":"https:\/\/agora.xtec.cat\/esc-antoniomachado\/wp-json\/wp\/v2\/types\/post"}],"author":[{"embeddable":true,"href":"https:\/\/agora.xtec.cat\/esc-antoniomachado\/wp-json\/wp\/v2\/users\/4"}],"replies":[{"embeddable":true,"href":"https:\/\/agora.xtec.cat\/esc-antoniomachado\/wp-json\/wp\/v2\/comments?post=5310"}],"version-history":[{"count":0,"href":"https:\/\/agora.xtec.cat\/esc-antoniomachado\/wp-json\/wp\/v2\/posts\/5310\/revisions"}],"wp:attachment":[{"href":"https:\/\/agora.xtec.cat\/esc-antoniomachado\/wp-json\/wp\/v2\/media?parent=5310"}],"wp:term":[{"taxonomy":"category","embeddable":true,"href":"https:\/\/agora.xtec.cat\/esc-antoniomachado\/wp-json\/wp\/v2\/categories?post=5310"},{"taxonomy":"post_tag","embeddable":true,"href":"https:\/\/agora.xtec.cat\/esc-antoniomachado\/wp-json\/wp\/v2\/tags?post=5310"}],"curies":[{"name":"wp","href":"https:\/\/api.w.org\/{rel}","templated":true}]}}