{"id":5302,"date":"2017-06-11T23:15:00","date_gmt":"2017-06-11T21:15:00","guid":{"rendered":"http:\/\/agora.xtec.cat\/esc-antoniomachado\/general\/jornada-de-treball-pati-dinfantil\/"},"modified":"2017-06-11T23:15:00","modified_gmt":"2017-06-11T21:15:00","slug":"jornada-de-treball-pati-dinfantil","status":"publish","type":"post","link":"https:\/\/agora.xtec.cat\/esc-antoniomachado\/noticies\/jornada-de-treball-pati-dinfantil\/","title":{"rendered":"JORNADA DE TREBALL PATI D&#8217;INFANTIL"},"content":{"rendered":"<div style=\"text-align: justify;\"><span style=\"font-family: &quot;verdana&quot; , sans-serif;\">Fam\u00edlies!!<\/span><\/div>\n<div style=\"text-align: justify;\"><span style=\"font-family: &quot;verdana&quot; , sans-serif;\"><br \/><\/span><\/div>\n<div style=\"text-align: justify;\"><span style=\"font-family: &quot;verdana&quot; , sans-serif;\">El proper dissabte 17 de juny organitzem les ja conegudes jornades de treball! Enguany estan dedicades exclusivament al pati d&#8217;Infantil ja que volem que sigui un pati amb jocs, espais i zones on poder-hi jugar i passar-ho molt b\u00e9!<\/span><\/div>\n<div style=\"text-align: justify;\"><span style=\"font-family: &quot;verdana&quot; , sans-serif;\"><br \/><\/span><\/div>\n<div style=\"text-align: justify;\"><span style=\"font-family: &quot;verdana&quot; , sans-serif;\">Est\u00e0 clar que amb la vostra ajuda ser\u00e0 m\u00e9s f\u00e0cil!!<\/span><\/div>\n<div style=\"text-align: justify;\"><span style=\"font-family: &quot;verdana&quot; , sans-serif;\"><br \/><\/span><\/div>\n<div style=\"text-align: justify;\"><span style=\"font-family: &quot;verdana&quot; , sans-serif;\">Aix\u00ed que, reserveu-vos-el i veniu a donar un cop de m\u00e0!<\/span><\/div>\n<div style=\"text-align: justify;\"><span style=\"font-family: &quot;verdana&quot; , sans-serif;\"><br \/><\/span><\/div>\n<div style=\"clear: both; text-align: center;\"><a href=\"https:\/\/2.bp.blogspot.com\/-tMKWITXNiXM\/WT3A6HOWrtI\/AAAAAAAAA34\/M8zLcrjP6dEdAJ1W0HtW7AWzmHKscPDfgCLcB\/s1600\/J.T.%2Bjuny%2B17.png\" style=\"margin-left: 1em; margin-right: 1em;\"><img loading=\"lazy\" decoding=\"async\" border=\"0\" data-original-height=\"759\" data-original-width=\"1350\" height=\"222\" src=\"https:\/\/2.bp.blogspot.com\/-tMKWITXNiXM\/WT3A6HOWrtI\/AAAAAAAAA34\/M8zLcrjP6dEdAJ1W0HtW7AWzmHKscPDfgCLcB\/s400\/J.T.%2Bjuny%2B17.png\" width=\"400\" \/><\/a><\/div>\n<div style=\"text-align: justify;\"><span style=\"font-family: &quot;verdana&quot; , sans-serif;\"><br \/><\/span><\/div>\n","protected":false},"excerpt":{"rendered":"<p>Fam\u00edlies!! El proper dissabte 17 de juny organitzem les ja conegudes jornades de treball! Enguany estan dedicades exclusivament al pati d&#8217;Infantil ja que volem que sigui un pati amb jocs, espais i zones on poder-hi jugar i passar-ho molt b\u00e9! Est\u00e0 clar que amb la vostra ajuda ser\u00e0 m\u00e9s f\u00e0cil!! Aix\u00ed que, reserveu-vos-el i veniu [&hellip;]<\/p>\n","protected":false},"author":4,"featured_media":0,"comment_status":"open","ping_status":"closed","sticky":false,"template":"","format":"standard","meta":{"_bbp_topic_count":0,"_bbp_reply_count":0,"_bbp_total_topic_count":0,"_bbp_total_reply_count":0,"_bbp_voice_count":0,"_bbp_anonymous_reply_count":0,"_bbp_topic_count_hidden":0,"_bbp_reply_count_hidden":0,"_bbp_forum_subforum_count":0,"site-sidebar-layout":"default","site-content-layout":"","ast-site-content-layout":"","site-content-style":"default","site-sidebar-style":"default","ast-global-header-display":"","ast-banner-title-visibility":"","ast-main-header-display":"","ast-hfb-above-header-display":"","ast-hfb-below-header-display":"","ast-hfb-mobile-header-display":"","site-post-title":"","ast-breadcrumbs-content":"","ast-featured-img":"","footer-sml-layout":"","theme-transparent-header-meta":"","adv-header-id-meta":"","stick-header-meta":"","header-above-stick-meta":"","header-main-stick-meta":"","header-below-stick-meta":"","astra-migrate-meta-layouts":"default","ast-page-background-enabled":"default","ast-page-background-meta":{"desktop":{"background-color":"var(--ast-global-color-4)","background-image":"","background-repeat":"repeat","background-position":"center center","background-size":"auto","background-attachment":"scroll","background-type":"","background-media":"","overlay-type":"","overlay-color":"","overlay-opacity":"","overlay-gradient":""},"tablet":{"background-color":"","background-image":"","background-repeat":"repeat","background-position":"center center","background-size":"auto","background-attachment":"scroll","background-type":"","background-media":"","overlay-type":"","overlay-color":"","overlay-opacity":"","overlay-gradient":""},"mobile":{"background-color":"","background-image":"","background-repeat":"repeat","background-position":"center center","background-size":"auto","background-attachment":"scroll","background-type":"","background-media":"","overlay-type":"","overlay-color":"","overlay-opacity":"","overlay-gradient":""}},"ast-content-background-meta":{"desktop":{"background-color":"var(--ast-global-color-5)","background-image":"","background-repeat":"repeat","background-position":"center center","background-size":"auto","background-attachment":"scroll","background-type":"","background-media":"","overlay-type":"","overlay-color":"","overlay-opacity":"","overlay-gradient":""},"tablet":{"background-color":"var(--ast-global-color-5)","background-image":"","background-repeat":"repeat","background-position":"center center","background-size":"auto","background-attachment":"scroll","background-type":"","background-media":"","overlay-type":"","overlay-color":"","overlay-opacity":"","overlay-gradient":""},"mobile":{"background-color":"var(--ast-global-color-5)","background-image":"","background-repeat":"repeat","background-position":"center center","background-size":"auto","background-attachment":"scroll","background-type":"","background-media":"","overlay-type":"","overlay-color":"","overlay-opacity":"","overlay-gradient":""}},"footnotes":""},"categories":[1],"tags":[],"class_list":["post-5302","post","type-post","status-publish","format-standard","hentry","category-noticies"],"post_mailing_queue_ids":[],"_links":{"self":[{"href":"https:\/\/agora.xtec.cat\/esc-antoniomachado\/wp-json\/wp\/v2\/posts\/5302","targetHints":{"allow":["GET"]}}],"collection":[{"href":"https:\/\/agora.xtec.cat\/esc-antoniomachado\/wp-json\/wp\/v2\/posts"}],"about":[{"href":"https:\/\/agora.xtec.cat\/esc-antoniomachado\/wp-json\/wp\/v2\/types\/post"}],"author":[{"embeddable":true,"href":"https:\/\/agora.xtec.cat\/esc-antoniomachado\/wp-json\/wp\/v2\/users\/4"}],"replies":[{"embeddable":true,"href":"https:\/\/agora.xtec.cat\/esc-antoniomachado\/wp-json\/wp\/v2\/comments?post=5302"}],"version-history":[{"count":0,"href":"https:\/\/agora.xtec.cat\/esc-antoniomachado\/wp-json\/wp\/v2\/posts\/5302\/revisions"}],"wp:attachment":[{"href":"https:\/\/agora.xtec.cat\/esc-antoniomachado\/wp-json\/wp\/v2\/media?parent=5302"}],"wp:term":[{"taxonomy":"category","embeddable":true,"href":"https:\/\/agora.xtec.cat\/esc-antoniomachado\/wp-json\/wp\/v2\/categories?post=5302"},{"taxonomy":"post_tag","embeddable":true,"href":"https:\/\/agora.xtec.cat\/esc-antoniomachado\/wp-json\/wp\/v2\/tags?post=5302"}],"curies":[{"name":"wp","href":"https:\/\/api.w.org\/{rel}","templated":true}]}}