{"id":5286,"date":"2017-09-15T00:49:00","date_gmt":"2017-09-14T22:49:00","guid":{"rendered":"http:\/\/agora.xtec.cat\/esc-antoniomachado\/general\/lesbarjo-un-espai-doportunitats-educatives\/"},"modified":"2017-09-15T00:49:00","modified_gmt":"2017-09-14T22:49:00","slug":"lesbarjo-un-espai-doportunitats-educatives","status":"publish","type":"post","link":"https:\/\/agora.xtec.cat\/esc-antoniomachado\/noticies\/lesbarjo-un-espai-doportunitats-educatives\/","title":{"rendered":"L&#8217;esbarjo, un espai d&#8217;oportunitats educatives"},"content":{"rendered":"<div style=\"text-align: justify;\"><span style=\"font-family: &quot;verdana&quot; , sans-serif;\">Benvolgudes fam\u00edlies! Els patis de l&#8217;escola estan en proc\u00e9s de canvi! Ja han passat 3 dies des de l&#8217;inici del nou curs i els vostres fills i filles ja estan immersos en la nova organitzaci\u00f3 dels patis de l&#8217;escola.<\/span><\/div>\n<div>\n<div style=\"text-align: justify;\"><span style=\"font-family: &quot;verdana&quot; , sans-serif;\"><br \/><\/span><\/div>\n<\/div>\n<div>\n<div style=\"text-align: justify;\"><span style=\"font-family: &quot;verdana&quot; , sans-serif;\">Si b\u00e9 va ser el pati dels m\u00e9s petits de la casa (P3, P4 i P5) el que va viure una transformaci\u00f3 significativa (gr\u00e0cies a la col\u00b7laboraci\u00f3 de les fam\u00edlies que van participar en la jornada de treball), ara \u00e9s el torn, altre cop (ja va comen\u00e7ar a transformar-se a finals del curs 15-16) del pati de prim\u00e0ria.<\/span><\/div>\n<\/div>\n<div>\n<div style=\"text-align: justify;\"><span style=\"font-family: &quot;verdana&quot; , sans-serif;\"><br \/><\/span><\/div>\n<\/div>\n<div>\n<div style=\"text-align: justify;\"><span style=\"font-family: &quot;verdana&quot; , sans-serif;\">A finals del curs passat, tots els mestres i especialistes que tenim contacte amb els alumnes de 1r a 6\u00e8 vam dedicar temps a resoldre les necessitats que ja feia temps hav\u00edem detectat durant l&#8217;estona d&#8217;esbarjo.&nbsp;<\/span><span style=\"font-family: &quot;verdana&quot; , sans-serif;\">Aquesta dedicaci\u00f3 ens va permetre pensar una nova organitzaci\u00f3 i dissenyar les activitats que en el pati, o millor dit, estona d&#8217;esbarjo, els alumnes podien realitzar.&nbsp;<\/span><\/div>\n<\/div>\n<div>\n<div style=\"text-align: justify;\"><span style=\"font-family: &quot;verdana&quot; , sans-serif;\">L&#8217;oferta est\u00e0 oberta a tots i totes les alumnes, de manera que puguin jugar en equip (oferint esports alternatius al ja mitificat fubtol), jugar en grup m\u00e9s redu\u00eft, parlar amb els companys i companyes, descansar (estem treballant en una zona enjardinada amb taules i bancs) o senzillament tenir l&#8217;oportunitat de jugar a altres jocs com els escacs, les dames, l&#8217;oca, etc.<\/span><\/div>\n<\/div>\n<div>\n<div style=\"text-align: justify;\"><span style=\"font-family: &quot;verdana&quot; , sans-serif;\"><br \/><\/span><\/div>\n<\/div>\n<div>\n<div style=\"text-align: justify;\"><span style=\"font-family: &quot;verdana&quot; , sans-serif;\">Tot i que el curs ja ha comen\u00e7at i que algunes de les noves propostes ja estan en ple funcionament, d&#8217;altres estan en proc\u00e9s de consolidaci\u00f3 i que anirem desenvolupant al llarg del curs. Qui ha dit que els canvis siguin r\u00e0pids?<\/span><\/div>\n<\/div>\n<div>\n<div style=\"text-align: justify;\"><span style=\"font-family: &quot;verdana&quot; , sans-serif;\"><br \/><\/span><\/div>\n<\/div>\n<div>\n<div style=\"text-align: justify;\"><span style=\"font-family: &quot;verdana&quot; , sans-serif;\">En aquest sentit hem volgut fer aquesta entrada al blog per tal d&#8217;oferir-vos una explicaci\u00f3 dels canvis, que segurament els vostres fills i filles us han anat comentat, i que si no ho han fet encara, aviat ho faran.<\/span><\/div>\n<\/div>\n<div>\n<div style=\"text-align: justify;\"><span style=\"font-family: &quot;verdana&quot; , sans-serif;\"><br \/><\/span><\/div>\n<\/div>\n<div>\n<div style=\"text-align: justify;\"><span style=\"font-family: &quot;verdana&quot; , sans-serif;\">L&#8217;escola Antonio Machado viu un proc\u00e9s molt engrescador on tots els mestres estem implicats i conven\u00e7uts de que l&#8217;estona d&#8217;esbarjo \u00e9s l&#8217;estona on tamb\u00e9 hi hem dincidir deliberadament per tal d&#8217;optimitzar-lo al m\u00e0xim i oferir al nostre alumnat una millor oferta d&#8217;activitats i espais on se sentin c\u00f2modes, gaudeixin i sobretot aprenguin.<\/span><\/div>\n<\/div>\n<div>\n<div style=\"text-align: justify;\"><span style=\"font-family: &quot;verdana&quot; , sans-serif;\"><br \/><\/span><\/div>\n<\/div>\n<div>\n<div style=\"text-align: justify;\"><span style=\"font-family: &quot;verdana&quot; , sans-serif;\">Tanmateix, no estem sols, ja que s\u00f3n moltes les escoles a nivell de Catalunya que s&#8217;han sumat al canvi, d&#8217;altres que ja ho van fer en el seu dia. S\u00f3n tamb\u00e9 moltes les experi\u00e8ncies que es poden llegir i que els qui ja ho han viscut, ho comparteixen a les xarxes. En aquest sentit us afegim links que poden ser del vostre inter\u00e8s.<\/span><\/div>\n<\/div>\n<div><span style=\"font-family: &quot;verdana&quot; , sans-serif;\"><a href=\"https:\/\/escolaantoniomachadomataro.blogspot.com.es\/\"><br \/><\/a><\/span><\/div>\n<div><span style=\"font-family: &quot;verdana&quot; , sans-serif;\"><a href=\"http:\/\/www.fbofill.cat\/publicacions\/els-patis-de-les-escoles-espais-doportunitats-educatives\">http:\/\/www.fbofill.cat\/publicacions\/els-patis-de-les-escoles-espais-doportunitats-educatives&nbsp;<\/a><\/span><\/div>\n<div><span style=\"font-family: &quot;verdana&quot; , sans-serif;\"><br \/><\/span><\/div>\n<div><span style=\"font-family: &quot;verdana&quot; , sans-serif;\"><a href=\"http:\/\/educa.barcelona\/2017\/03\/29\/repensar-els-patis-canviar-les-relacions\/\">http:\/\/educa.barcelona\/2017\/03\/29\/repensar-els-patis-canviar-les-relacions\/<\/a><\/span><\/div>\n<div><span style=\"font-family: &quot;verdana&quot; , sans-serif;\"><br \/><\/span><\/div>\n<div><span style=\"font-family: &quot;verdana&quot; , sans-serif;\"><a href=\"http:\/\/www.fbofill.cat\/videos\/streaming-repensar-els-espais-escolars-leducacio-del-segle-xxi?lg=en\">http:\/\/www.fbofill.cat\/videos\/streaming-repensar-els-espais-escolars-leducacio-del-segle-xxi?lg=en<\/a><\/span><\/div>\n","protected":false},"excerpt":{"rendered":"<p>Benvolgudes fam\u00edlies! Els patis de l&#8217;escola estan en proc\u00e9s de canvi! Ja han passat 3 dies des de l&#8217;inici del nou curs i els vostres fills i filles ja estan immersos en la nova organitzaci\u00f3 dels patis de l&#8217;escola. Si b\u00e9 va ser el pati dels m\u00e9s petits de la casa (P3, P4 i P5) [&hellip;]<\/p>\n","protected":false},"author":4,"featured_media":0,"comment_status":"open","ping_status":"closed","sticky":false,"template":"","format":"standard","meta":{"_bbp_topic_count":0,"_bbp_reply_count":0,"_bbp_total_topic_count":0,"_bbp_total_reply_count":0,"_bbp_voice_count":0,"_bbp_anonymous_reply_count":0,"_bbp_topic_count_hidden":0,"_bbp_reply_count_hidden":0,"_bbp_forum_subforum_count":0,"site-sidebar-layout":"default","site-content-layout":"","ast-site-content-layout":"","site-content-style":"default","site-sidebar-style":"default","ast-global-header-display":"","ast-banner-title-visibility":"","ast-main-header-display":"","ast-hfb-above-header-display":"","ast-hfb-below-header-display":"","ast-hfb-mobile-header-display":"","site-post-title":"","ast-breadcrumbs-content":"","ast-featured-img":"","footer-sml-layout":"","theme-transparent-header-meta":"","adv-header-id-meta":"","stick-header-meta":"","header-above-stick-meta":"","header-main-stick-meta":"","header-below-stick-meta":"","astra-migrate-meta-layouts":"default","ast-page-background-enabled":"default","ast-page-background-meta":{"desktop":{"background-color":"var(--ast-global-color-4)","background-image":"","background-repeat":"repeat","background-position":"center center","background-size":"auto","background-attachment":"scroll","background-type":"","background-media":"","overlay-type":"","overlay-color":"","overlay-opacity":"","overlay-gradient":""},"tablet":{"background-color":"","background-image":"","background-repeat":"repeat","background-position":"center center","background-size":"auto","background-attachment":"scroll","background-type":"","background-media":"","overlay-type":"","overlay-color":"","overlay-opacity":"","overlay-gradient":""},"mobile":{"background-color":"","background-image":"","background-repeat":"repeat","background-position":"center center","background-size":"auto","background-attachment":"scroll","background-type":"","background-media":"","overlay-type":"","overlay-color":"","overlay-opacity":"","overlay-gradient":""}},"ast-content-background-meta":{"desktop":{"background-color":"var(--ast-global-color-5)","background-image":"","background-repeat":"repeat","background-position":"center center","background-size":"auto","background-attachment":"scroll","background-type":"","background-media":"","overlay-type":"","overlay-color":"","overlay-opacity":"","overlay-gradient":""},"tablet":{"background-color":"var(--ast-global-color-5)","background-image":"","background-repeat":"repeat","background-position":"center center","background-size":"auto","background-attachment":"scroll","background-type":"","background-media":"","overlay-type":"","overlay-color":"","overlay-opacity":"","overlay-gradient":""},"mobile":{"background-color":"var(--ast-global-color-5)","background-image":"","background-repeat":"repeat","background-position":"center center","background-size":"auto","background-attachment":"scroll","background-type":"","background-media":"","overlay-type":"","overlay-color":"","overlay-opacity":"","overlay-gradient":""}},"footnotes":""},"categories":[1],"tags":[],"class_list":["post-5286","post","type-post","status-publish","format-standard","hentry","category-noticies"],"post_mailing_queue_ids":[],"_links":{"self":[{"href":"https:\/\/agora.xtec.cat\/esc-antoniomachado\/wp-json\/wp\/v2\/posts\/5286","targetHints":{"allow":["GET"]}}],"collection":[{"href":"https:\/\/agora.xtec.cat\/esc-antoniomachado\/wp-json\/wp\/v2\/posts"}],"about":[{"href":"https:\/\/agora.xtec.cat\/esc-antoniomachado\/wp-json\/wp\/v2\/types\/post"}],"author":[{"embeddable":true,"href":"https:\/\/agora.xtec.cat\/esc-antoniomachado\/wp-json\/wp\/v2\/users\/4"}],"replies":[{"embeddable":true,"href":"https:\/\/agora.xtec.cat\/esc-antoniomachado\/wp-json\/wp\/v2\/comments?post=5286"}],"version-history":[{"count":0,"href":"https:\/\/agora.xtec.cat\/esc-antoniomachado\/wp-json\/wp\/v2\/posts\/5286\/revisions"}],"wp:attachment":[{"href":"https:\/\/agora.xtec.cat\/esc-antoniomachado\/wp-json\/wp\/v2\/media?parent=5286"}],"wp:term":[{"taxonomy":"category","embeddable":true,"href":"https:\/\/agora.xtec.cat\/esc-antoniomachado\/wp-json\/wp\/v2\/categories?post=5286"},{"taxonomy":"post_tag","embeddable":true,"href":"https:\/\/agora.xtec.cat\/esc-antoniomachado\/wp-json\/wp\/v2\/tags?post=5286"}],"curies":[{"name":"wp","href":"https:\/\/api.w.org\/{rel}","templated":true}]}}