{"id":5282,"date":"2017-10-26T00:20:00","date_gmt":"2017-10-25T22:20:00","guid":{"rendered":"http:\/\/agora.xtec.cat\/esc-antoniomachado\/general\/xarxa-de-competencies-basiques\/"},"modified":"2017-10-26T00:20:00","modified_gmt":"2017-10-25T22:20:00","slug":"xarxa-de-competencies-basiques","status":"publish","type":"post","link":"https:\/\/agora.xtec.cat\/esc-antoniomachado\/noticies\/xarxa-de-competencies-basiques\/","title":{"rendered":"Xarxa de compet\u00e8ncies b\u00e0siques"},"content":{"rendered":"<div style=\"text-align: justify;\"><span style=\"font-family: Verdana, sans-serif;\">Enguany com escola ens hem adherit a la xarxa de compet\u00e8ncies b\u00e0siques del Departament d&#8217;Ensenyament. Aquesta existeix des de fa ja 15 anys per\u00f2 des del curs passat, 2016-2017, es va iniciar un pla pilot en el qual hi van participar 150 escoles i instituts. Aquest curs 2017-2018 som m\u00e9s escoles que hi participem i ja som m\u00e9s de 200 escoles i m\u00e9s de 2.300 docents compartint experi\u00e8ncies i relfexions!<\/span><\/div>\n<div style=\"text-align: justify;\"><span style=\"font-family: Verdana, sans-serif;\"><br \/><\/span><\/div>\n<div style=\"text-align: justify;\"><span style=\"font-family: Verdana, sans-serif;\">Aquesta xarxa est\u00e0 formada per un grup de docents que reflexionen i actuen en equip per transformar l&#8217;escola en un espai que afavoreixi l&#8217;aprenentatge. Principalment ens facilita i promou la creaci\u00f3 d&#8217;espais pedag\u00f2gics, intercanvi d&#8217;experi\u00e8ncies i la creaci\u00f3 de sabers compartits.<\/span><\/div>\n<div style=\"text-align: justify;\"><span style=\"font-family: Verdana, sans-serif;\"><br \/><\/span><\/div>\n<div style=\"text-align: justify;\"><span style=\"font-family: Verdana, sans-serif;\">Per\u00f2 sobretot:<\/span><\/div>\n<div style=\"text-align: justify;\"><span style=\"font-family: Verdana, sans-serif;\"><br \/><\/span><\/div>\n<div style=\"text-align: justify;\"><span style=\"font-family: Verdana, sans-serif;\">&#8211;&nbsp; Perqu\u00e8 volem afavorir que tots els alumnes aprenguin m\u00e9s i millor.&nbsp;<\/span><\/div>\n<div style=\"text-align: justify;\"><span style=\"font-family: Verdana, sans-serif;\">&#8211;&nbsp; Perqu\u00e8 creiem que l&#8217;alumne ha de ser el protagonista del seu aprenentatge.<\/span><\/div>\n<div style=\"text-align: justify;\"><span style=\"font-family: Verdana, sans-serif;\">&#8211;&nbsp; Perqu\u00e8 entenem l&#8217;avaluaci\u00f3 com un proc\u00e9s necessari per aprendre.<\/span><\/div>\n<div style=\"text-align: justify;\"><span style=\"font-family: Verdana, sans-serif;\">&#8211;&nbsp; Perqu\u00e8 sabem que treballant en equip s&#8217;apren m\u00e9s i millor.<\/span><\/div>\n<div style=\"text-align: justify;\"><span style=\"font-family: Verdana, sans-serif;\">&#8211;&nbsp; Perqu\u00e8, en un m\u00f3n global, s&#8217;ha d&#8217;afavorir l&#8217;adquisici\u00f3 d&#8217;aprenentatges&nbsp; &nbsp; &nbsp; &nbsp; &nbsp; &nbsp; &nbsp; &nbsp; aut\u00e8ntics, no fragmentats.<\/span><\/div>\n<div style=\"text-align: justify;\"><span style=\"font-family: Verdana, sans-serif;\">&#8211;&nbsp; Perqu\u00e8, en un m\u00f3n canviant, volem fomentar la iniciativa, l&#8217;esperit cr\u00edtic, la&nbsp; &nbsp; &nbsp; &nbsp; &nbsp; creativitat i el gust de tota la vida.<\/span><\/div>\n<div style=\"text-align: justify;\"><span style=\"font-family: Verdana, sans-serif;\">&#8211;&nbsp; Perqu\u00e8 volem que els nostres alumnes siguin competents per continuar&nbsp; &nbsp; &nbsp; &nbsp; &nbsp; &nbsp; &nbsp; aprenent al llarg de tota la vida.<\/span><\/div>\n<div style=\"text-align: justify;\"><span style=\"font-family: Verdana, sans-serif;\">&#8211;&nbsp; Perqu\u00e8 sabem que cada alumne \u00e9s \u00fanic i tenim altes expectatives per a tots i&nbsp; &nbsp; &nbsp; cadasc\u00fan d&#8217;ells.<\/span><\/div>\n","protected":false},"excerpt":{"rendered":"<p>Enguany com escola ens hem adherit a la xarxa de compet\u00e8ncies b\u00e0siques del Departament d&#8217;Ensenyament. Aquesta existeix des de fa ja 15 anys per\u00f2 des del curs passat, 2016-2017, es va iniciar un pla pilot en el qual hi van participar 150 escoles i instituts. Aquest curs 2017-2018 som m\u00e9s escoles que hi participem i [&hellip;]<\/p>\n","protected":false},"author":4,"featured_media":0,"comment_status":"open","ping_status":"closed","sticky":false,"template":"","format":"standard","meta":{"_bbp_topic_count":0,"_bbp_reply_count":0,"_bbp_total_topic_count":0,"_bbp_total_reply_count":0,"_bbp_voice_count":0,"_bbp_anonymous_reply_count":0,"_bbp_topic_count_hidden":0,"_bbp_reply_count_hidden":0,"_bbp_forum_subforum_count":0,"site-sidebar-layout":"default","site-content-layout":"","ast-site-content-layout":"","site-content-style":"default","site-sidebar-style":"default","ast-global-header-display":"","ast-banner-title-visibility":"","ast-main-header-display":"","ast-hfb-above-header-display":"","ast-hfb-below-header-display":"","ast-hfb-mobile-header-display":"","site-post-title":"","ast-breadcrumbs-content":"","ast-featured-img":"","footer-sml-layout":"","theme-transparent-header-meta":"","adv-header-id-meta":"","stick-header-meta":"","header-above-stick-meta":"","header-main-stick-meta":"","header-below-stick-meta":"","astra-migrate-meta-layouts":"default","ast-page-background-enabled":"default","ast-page-background-meta":{"desktop":{"background-color":"var(--ast-global-color-4)","background-image":"","background-repeat":"repeat","background-position":"center center","background-size":"auto","background-attachment":"scroll","background-type":"","background-media":"","overlay-type":"","overlay-color":"","overlay-opacity":"","overlay-gradient":""},"tablet":{"background-color":"","background-image":"","background-repeat":"repeat","background-position":"center center","background-size":"auto","background-attachment":"scroll","background-type":"","background-media":"","overlay-type":"","overlay-color":"","overlay-opacity":"","overlay-gradient":""},"mobile":{"background-color":"","background-image":"","background-repeat":"repeat","background-position":"center center","background-size":"auto","background-attachment":"scroll","background-type":"","background-media":"","overlay-type":"","overlay-color":"","overlay-opacity":"","overlay-gradient":""}},"ast-content-background-meta":{"desktop":{"background-color":"var(--ast-global-color-5)","background-image":"","background-repeat":"repeat","background-position":"center center","background-size":"auto","background-attachment":"scroll","background-type":"","background-media":"","overlay-type":"","overlay-color":"","overlay-opacity":"","overlay-gradient":""},"tablet":{"background-color":"var(--ast-global-color-5)","background-image":"","background-repeat":"repeat","background-position":"center center","background-size":"auto","background-attachment":"scroll","background-type":"","background-media":"","overlay-type":"","overlay-color":"","overlay-opacity":"","overlay-gradient":""},"mobile":{"background-color":"var(--ast-global-color-5)","background-image":"","background-repeat":"repeat","background-position":"center center","background-size":"auto","background-attachment":"scroll","background-type":"","background-media":"","overlay-type":"","overlay-color":"","overlay-opacity":"","overlay-gradient":""}},"footnotes":""},"categories":[1],"tags":[],"class_list":["post-5282","post","type-post","status-publish","format-standard","hentry","category-noticies"],"post_mailing_queue_ids":[],"_links":{"self":[{"href":"https:\/\/agora.xtec.cat\/esc-antoniomachado\/wp-json\/wp\/v2\/posts\/5282","targetHints":{"allow":["GET"]}}],"collection":[{"href":"https:\/\/agora.xtec.cat\/esc-antoniomachado\/wp-json\/wp\/v2\/posts"}],"about":[{"href":"https:\/\/agora.xtec.cat\/esc-antoniomachado\/wp-json\/wp\/v2\/types\/post"}],"author":[{"embeddable":true,"href":"https:\/\/agora.xtec.cat\/esc-antoniomachado\/wp-json\/wp\/v2\/users\/4"}],"replies":[{"embeddable":true,"href":"https:\/\/agora.xtec.cat\/esc-antoniomachado\/wp-json\/wp\/v2\/comments?post=5282"}],"version-history":[{"count":0,"href":"https:\/\/agora.xtec.cat\/esc-antoniomachado\/wp-json\/wp\/v2\/posts\/5282\/revisions"}],"wp:attachment":[{"href":"https:\/\/agora.xtec.cat\/esc-antoniomachado\/wp-json\/wp\/v2\/media?parent=5282"}],"wp:term":[{"taxonomy":"category","embeddable":true,"href":"https:\/\/agora.xtec.cat\/esc-antoniomachado\/wp-json\/wp\/v2\/categories?post=5282"},{"taxonomy":"post_tag","embeddable":true,"href":"https:\/\/agora.xtec.cat\/esc-antoniomachado\/wp-json\/wp\/v2\/tags?post=5282"}],"curies":[{"name":"wp","href":"https:\/\/api.w.org\/{rel}","templated":true}]}}