{"id":5264,"date":"2018-01-16T09:26:00","date_gmt":"2018-01-16T08:26:00","guid":{"rendered":""},"modified":"2018-02-01T12:33:48","modified_gmt":"2018-02-01T11:33:48","slug":"reunions-daula","status":"publish","type":"post","link":"https:\/\/agora.xtec.cat\/esc-antoniomachado\/noticies\/reunions-daula\/","title":{"rendered":"REUNIONS D&#8217;AULA"},"content":{"rendered":"<div style=\"text-align: justify;\"><span style=\"font-family: Verdana, sans-serif;\">Des de final d&#8217;aquest mes de gener i durant el mes de febrer comencem les reunions d&#8217;aula.\u00a0<\/span><\/div>\n<div style=\"text-align: justify;\"><\/div>\n<div style=\"text-align: justify;\"><span style=\"font-family: Verdana, sans-serif;\"><b>La vostra assist\u00e8ncia \u00e9s molt important,<\/b> doncs \u00e9s un dels moments que teniu al llarg del curs per compartir dubtes i interessos, per obtenir encara m\u00e9s informaci\u00f3 del que els vostres fills i filles aprenen i viuen a l&#8217;escola. Una estona agradable on les tutores i els tutors us explicaran processos d&#8217;aprenentatge, el perqu\u00e8 de situacions que es viuen a les aules, experi\u00e8ncies significatives, com s&#8217;organitzen, i un llarg etc.\u00a0<\/span><\/div>\n<div style=\"text-align: justify;\"><\/div>\n<div style=\"text-align: justify;\"><span style=\"font-family: Verdana, sans-serif;\">\u00c9s per aix\u00f2 i molt m\u00e9s que us demanem que vingueu. <b>Des de l&#8217;escola us proporcionem servei de monitoratge gratu\u00eft per facilitar-vos l&#8217;organitzaci\u00f3 familiar en el cas que sigui necessari<\/b> (per poder-lo sol\u00b7licitar cal que retorneu com a molt tard aquest divendres 19, la butlleta que se us va fer arribar el passat divendres 12 de gener)<\/span><\/div>\n<div style=\"text-align: justify;\"><\/div>\n<div style=\"text-align: justify;\"><b><span style=\"font-family: Verdana, sans-serif;\">Aquestes s\u00f3n les dates de les reunions d&#8217;aula:<\/span><\/b><\/div>\n<div style=\"text-align: justify;\"><\/div>\n<div style=\"text-align: justify;\"><span style=\"font-family: Verdana, sans-serif;\">Dilluns 29 de gener &#8211; 2nB i 3rA<\/span><\/div>\n<div style=\"text-align: justify;\"><span style=\"font-family: Verdana, sans-serif;\">Dimecres 31 de gener &#8211; 6\u00e8B<\/span><\/div>\n<div style=\"text-align: justify;\"><span style=\"font-family: Verdana, sans-serif;\">Dimarts 6 de febrer &#8211; 1rB<\/span><\/div>\n<div style=\"text-align: justify;\"><span style=\"font-family: Verdana, sans-serif;\">Dimecres 7 de febrer &#8211; 2nA<\/span><\/div>\n<div style=\"text-align: justify;\"><span style=\"font-family: Verdana, sans-serif;\">Dimarts 13 de febrer &#8211; P3B i 4tA<\/span><\/div>\n<div style=\"text-align: justify;\"><span style=\"font-family: Verdana, sans-serif;\">Dimecres 14 de febrer &#8211; P3A, P4A i 5\u00e8B<\/span><\/div>\n<div style=\"text-align: justify;\"><span style=\"font-family: Verdana, sans-serif;\">Dijous 15 de febrer &#8211; P5B<\/span><\/div>\n<div style=\"text-align: justify;\"><span style=\"font-family: Verdana, sans-serif;\">Dilluns 19 de febrer &#8211; 1rA<\/span><\/div>\n<div style=\"text-align: justify;\"><span style=\"font-family: Verdana, sans-serif;\">Dimarts 20 de febrer &#8211; P4B<\/span><\/div>\n<div style=\"text-align: justify;\"><span style=\"font-family: Verdana, sans-serif;\">Dimecres 21 de febrer &#8211; P5A i 5\u00e8A<\/span><\/div>\n<div style=\"text-align: justify;\"><span style=\"font-family: Verdana, sans-serif;\">Dijous 22 de febrer &#8211; 3rB, 4tB i 6\u00e8A<\/span><\/div>\n<div style=\"text-align: justify;\"><\/div>\n<div style=\"text-align: justify;\"><b><span style=\"font-family: Verdana, sans-serif;\">Recordeu que les reunions comencen a les 17h.\u00a0<\/span><\/b><\/div>\n<div style=\"text-align: justify;\"><\/div>\n<div style=\"text-align: justify;\"><b><span style=\"font-family: Verdana, sans-serif;\">Si teniu qualsevol dubte adreceu-vos a la tutora o tutor del vostre fill\/a.<\/span><\/b><\/div>\n<div style=\"text-align: justify;\"><b><span style=\"font-family: Verdana, sans-serif;\">\u00a0<\/span><\/b><\/div>\n<p><span style=\"font-family: Verdana, sans-serif;\">\u00a0<\/span><\/p>\n","protected":false},"excerpt":{"rendered":"<p>Des de final d&#8217;aquest mes de gener i durant el mes de febrer comencem les reunions d&#8217;aula.\u00a0 La vostra assist\u00e8ncia \u00e9s molt important, doncs \u00e9s un dels moments que teniu al llarg del curs per compartir dubtes i interessos, per obtenir encara m\u00e9s informaci\u00f3 del que els vostres fills i filles aprenen i viuen a [&hellip;]<\/p>\n","protected":false},"author":4,"featured_media":0,"comment_status":"open","ping_status":"closed","sticky":false,"template":"","format":"standard","meta":{"_bbp_topic_count":0,"_bbp_reply_count":0,"_bbp_total_topic_count":0,"_bbp_total_reply_count":0,"_bbp_voice_count":0,"_bbp_anonymous_reply_count":0,"_bbp_topic_count_hidden":0,"_bbp_reply_count_hidden":0,"_bbp_forum_subforum_count":0,"site-sidebar-layout":"default","site-content-layout":"","ast-site-content-layout":"","site-content-style":"default","site-sidebar-style":"default","ast-global-header-display":"","ast-banner-title-visibility":"","ast-main-header-display":"","ast-hfb-above-header-display":"","ast-hfb-below-header-display":"","ast-hfb-mobile-header-display":"","site-post-title":"","ast-breadcrumbs-content":"","ast-featured-img":"","footer-sml-layout":"","theme-transparent-header-meta":"","adv-header-id-meta":"","stick-header-meta":"","header-above-stick-meta":"","header-main-stick-meta":"","header-below-stick-meta":"","astra-migrate-meta-layouts":"default","ast-page-background-enabled":"default","ast-page-background-meta":{"desktop":{"background-color":"var(--ast-global-color-4)","background-image":"","background-repeat":"repeat","background-position":"center center","background-size":"auto","background-attachment":"scroll","background-type":"","background-media":"","overlay-type":"","overlay-color":"","overlay-opacity":"","overlay-gradient":""},"tablet":{"background-color":"","background-image":"","background-repeat":"repeat","background-position":"center center","background-size":"auto","background-attachment":"scroll","background-type":"","background-media":"","overlay-type":"","overlay-color":"","overlay-opacity":"","overlay-gradient":""},"mobile":{"background-color":"","background-image":"","background-repeat":"repeat","background-position":"center center","background-size":"auto","background-attachment":"scroll","background-type":"","background-media":"","overlay-type":"","overlay-color":"","overlay-opacity":"","overlay-gradient":""}},"ast-content-background-meta":{"desktop":{"background-color":"var(--ast-global-color-5)","background-image":"","background-repeat":"repeat","background-position":"center center","background-size":"auto","background-attachment":"scroll","background-type":"","background-media":"","overlay-type":"","overlay-color":"","overlay-opacity":"","overlay-gradient":""},"tablet":{"background-color":"var(--ast-global-color-5)","background-image":"","background-repeat":"repeat","background-position":"center center","background-size":"auto","background-attachment":"scroll","background-type":"","background-media":"","overlay-type":"","overlay-color":"","overlay-opacity":"","overlay-gradient":""},"mobile":{"background-color":"var(--ast-global-color-5)","background-image":"","background-repeat":"repeat","background-position":"center center","background-size":"auto","background-attachment":"scroll","background-type":"","background-media":"","overlay-type":"","overlay-color":"","overlay-opacity":"","overlay-gradient":""}},"footnotes":""},"categories":[1],"tags":[],"class_list":["post-5264","post","type-post","status-publish","format-standard","hentry","category-noticies"],"post_mailing_queue_ids":[],"_links":{"self":[{"href":"https:\/\/agora.xtec.cat\/esc-antoniomachado\/wp-json\/wp\/v2\/posts\/5264","targetHints":{"allow":["GET"]}}],"collection":[{"href":"https:\/\/agora.xtec.cat\/esc-antoniomachado\/wp-json\/wp\/v2\/posts"}],"about":[{"href":"https:\/\/agora.xtec.cat\/esc-antoniomachado\/wp-json\/wp\/v2\/types\/post"}],"author":[{"embeddable":true,"href":"https:\/\/agora.xtec.cat\/esc-antoniomachado\/wp-json\/wp\/v2\/users\/4"}],"replies":[{"embeddable":true,"href":"https:\/\/agora.xtec.cat\/esc-antoniomachado\/wp-json\/wp\/v2\/comments?post=5264"}],"version-history":[{"count":2,"href":"https:\/\/agora.xtec.cat\/esc-antoniomachado\/wp-json\/wp\/v2\/posts\/5264\/revisions"}],"predecessor-version":[{"id":5582,"href":"https:\/\/agora.xtec.cat\/esc-antoniomachado\/wp-json\/wp\/v2\/posts\/5264\/revisions\/5582"}],"wp:attachment":[{"href":"https:\/\/agora.xtec.cat\/esc-antoniomachado\/wp-json\/wp\/v2\/media?parent=5264"}],"wp:term":[{"taxonomy":"category","embeddable":true,"href":"https:\/\/agora.xtec.cat\/esc-antoniomachado\/wp-json\/wp\/v2\/categories?post=5264"},{"taxonomy":"post_tag","embeddable":true,"href":"https:\/\/agora.xtec.cat\/esc-antoniomachado\/wp-json\/wp\/v2\/tags?post=5264"}],"curies":[{"name":"wp","href":"https:\/\/api.w.org\/{rel}","templated":true}]}}