{"id":23360,"date":"2026-01-21T10:28:30","date_gmt":"2026-01-21T09:28:30","guid":{"rendered":"https:\/\/agora.xtec.cat\/esc-antoniomachado\/?p=23360"},"modified":"2026-01-26T11:12:15","modified_gmt":"2026-01-26T10:12:15","slug":"la-conversa-com-a-cor-de-laula","status":"publish","type":"post","link":"https:\/\/agora.xtec.cat\/esc-antoniomachado\/noticies\/la-conversa-com-a-cor-de-laula\/","title":{"rendered":"LA CONVERSA COM A COR DE L&#8217;AULA"},"content":{"rendered":"<p><img loading=\"lazy\" decoding=\"async\" class=\"aligncenter size-large wp-image-23361\" src=\"https:\/\/agora.xtec.cat\/esc-antoniomachado\/wp-content\/uploads\/usu1670\/2026\/01\/CONVERSA-731x1024.jpg\" alt=\"\" width=\"731\" height=\"1024\" srcset=\"https:\/\/agora.xtec.cat\/esc-antoniomachado\/wp-content\/uploads\/usu1670\/2026\/01\/CONVERSA-731x1024.jpg 731w, https:\/\/agora.xtec.cat\/esc-antoniomachado\/wp-content\/uploads\/usu1670\/2026\/01\/CONVERSA-214x300.jpg 214w, https:\/\/agora.xtec.cat\/esc-antoniomachado\/wp-content\/uploads\/usu1670\/2026\/01\/CONVERSA-768x1076.jpg 768w, https:\/\/agora.xtec.cat\/esc-antoniomachado\/wp-content\/uploads\/usu1670\/2026\/01\/CONVERSA-1096x1536.jpg 1096w, https:\/\/agora.xtec.cat\/esc-antoniomachado\/wp-content\/uploads\/usu1670\/2026\/01\/CONVERSA.jpg 1142w\" sizes=\"auto, (max-width: 731px) 100vw, 731px\" \/>A l\u2019aula, la conversa no \u00e9s nom\u00e9s parlar:<\/p>\n<p>\u00c9s l&#8217;espai on es construeix el coneixement compartit, on escoltem, pensem i aprenem plegats.<br \/>\nAvui, a l\u2019Aula<strong> Zaha Hadid<\/strong>, hem continuat conversant sobre com ordenar els fets hist\u00f2rics de manera cronol\u00f2gica.<br \/>\nUn repte que ens convida a posar en joc moltes habilitats:<\/p>\n<p>Con\u00e8ixer els nombres.<br \/>\nSaber-los ordenar.<br \/>\nReflexionar sobre com fer-ho correctament.<\/p>\n<p>Ho fem a trav\u00e9s de diferents eines que anirem construint al llarg dels dies, pas a pas, des de la conversa i l\u2019experi\u00e8ncia compartida.<\/p>\n<p>Aprendre parlant, pensant i creant junts.<\/p>\n","protected":false},"excerpt":{"rendered":"<p>A l\u2019aula, la conversa no \u00e9s nom\u00e9s parlar: \u00c9s l&#8217;espai on es construeix el coneixement compartit, on escoltem, pensem i aprenem plegats. Avui, a l\u2019Aula Zaha Hadid, hem continuat conversant sobre com ordenar els fets hist\u00f2rics de manera cronol\u00f2gica. Un repte que ens convida a posar en joc moltes habilitats: Con\u00e8ixer els nombres. Saber-los ordenar. [&hellip;]<\/p>\n","protected":false},"author":4,"featured_media":23361,"comment_status":"open","ping_status":"open","sticky":false,"template":"","format":"standard","meta":{"_bbp_topic_count":0,"_bbp_reply_count":0,"_bbp_total_topic_count":0,"_bbp_total_reply_count":0,"_bbp_voice_count":0,"_bbp_anonymous_reply_count":0,"_bbp_topic_count_hidden":0,"_bbp_reply_count_hidden":0,"_bbp_forum_subforum_count":0,"site-sidebar-layout":"default","site-content-layout":"","ast-site-content-layout":"narrow-width-container","site-content-style":"default","site-sidebar-style":"default","ast-global-header-display":"","ast-banner-title-visibility":"","ast-main-header-display":"","ast-hfb-above-header-display":"","ast-hfb-below-header-display":"","ast-hfb-mobile-header-display":"","site-post-title":"","ast-breadcrumbs-content":"","ast-featured-img":"","footer-sml-layout":"","theme-transparent-header-meta":"default","adv-header-id-meta":"","stick-header-meta":"","header-above-stick-meta":"","header-main-stick-meta":"","header-below-stick-meta":"","astra-migrate-meta-layouts":"set","ast-page-background-enabled":"default","ast-page-background-meta":{"desktop":{"background-color":"var(--ast-global-color-4)","background-image":"","background-repeat":"repeat","background-position":"center center","background-size":"auto","background-attachment":"scroll","background-type":"","background-media":"","overlay-type":"","overlay-color":"","overlay-opacity":"","overlay-gradient":""},"tablet":{"background-color":"","background-image":"","background-repeat":"repeat","background-position":"center center","background-size":"auto","background-attachment":"scroll","background-type":"","background-media":"","overlay-type":"","overlay-color":"","overlay-opacity":"","overlay-gradient":""},"mobile":{"background-color":"","background-image":"","background-repeat":"repeat","background-position":"center center","background-size":"auto","background-attachment":"scroll","background-type":"","background-media":"","overlay-type":"","overlay-color":"","overlay-opacity":"","overlay-gradient":""}},"ast-content-background-meta":{"desktop":{"background-color":"var(--ast-global-color-5)","background-image":"","background-repeat":"repeat","background-position":"center center","background-size":"auto","background-attachment":"scroll","background-type":"","background-media":"","overlay-type":"","overlay-color":"","overlay-opacity":"","overlay-gradient":""},"tablet":{"background-color":"var(--ast-global-color-5)","background-image":"","background-repeat":"repeat","background-position":"center center","background-size":"auto","background-attachment":"scroll","background-type":"","background-media":"","overlay-type":"","overlay-color":"","overlay-opacity":"","overlay-gradient":""},"mobile":{"background-color":"var(--ast-global-color-5)","background-image":"","background-repeat":"repeat","background-position":"center center","background-size":"auto","background-attachment":"scroll","background-type":"","background-media":"","overlay-type":"","overlay-color":"","overlay-opacity":"","overlay-gradient":""}},"footnotes":""},"categories":[1],"tags":[1428],"class_list":["post-23360","post","type-post","status-publish","format-standard","has-post-thumbnail","hentry","category-noticies","tag-zaha-hadid-la-conversa"],"post_mailing_queue_ids":[],"_links":{"self":[{"href":"https:\/\/agora.xtec.cat\/esc-antoniomachado\/wp-json\/wp\/v2\/posts\/23360","targetHints":{"allow":["GET"]}}],"collection":[{"href":"https:\/\/agora.xtec.cat\/esc-antoniomachado\/wp-json\/wp\/v2\/posts"}],"about":[{"href":"https:\/\/agora.xtec.cat\/esc-antoniomachado\/wp-json\/wp\/v2\/types\/post"}],"author":[{"embeddable":true,"href":"https:\/\/agora.xtec.cat\/esc-antoniomachado\/wp-json\/wp\/v2\/users\/4"}],"replies":[{"embeddable":true,"href":"https:\/\/agora.xtec.cat\/esc-antoniomachado\/wp-json\/wp\/v2\/comments?post=23360"}],"version-history":[{"count":2,"href":"https:\/\/agora.xtec.cat\/esc-antoniomachado\/wp-json\/wp\/v2\/posts\/23360\/revisions"}],"predecessor-version":[{"id":23363,"href":"https:\/\/agora.xtec.cat\/esc-antoniomachado\/wp-json\/wp\/v2\/posts\/23360\/revisions\/23363"}],"wp:featuredmedia":[{"embeddable":true,"href":"https:\/\/agora.xtec.cat\/esc-antoniomachado\/wp-json\/wp\/v2\/media\/23361"}],"wp:attachment":[{"href":"https:\/\/agora.xtec.cat\/esc-antoniomachado\/wp-json\/wp\/v2\/media?parent=23360"}],"wp:term":[{"taxonomy":"category","embeddable":true,"href":"https:\/\/agora.xtec.cat\/esc-antoniomachado\/wp-json\/wp\/v2\/categories?post=23360"},{"taxonomy":"post_tag","embeddable":true,"href":"https:\/\/agora.xtec.cat\/esc-antoniomachado\/wp-json\/wp\/v2\/tags?post=23360"}],"curies":[{"name":"wp","href":"https:\/\/api.w.org\/{rel}","templated":true}]}}